{"id":18104,"date":"2026-01-24T21:38:29","date_gmt":"2026-01-24T21:38:29","guid":{"rendered":"https:\/\/www.jubi24.com\/?p=18104"},"modified":"2026-01-24T21:38:30","modified_gmt":"2026-01-24T21:38:30","slug":"villarreal-vs-real-madrid-probables-alineaciones-jornada-21-laliga","status":"publish","type":"post","link":"https:\/\/www.jubi24.com\/?p=18104","title":{"rendered":"Villarreal vs Real Madrid: probables alineaciones, Jornada 21, LaLiga"},"content":{"rendered":"<p><br \/>\n<\/p>\n<div>\n<div class=\"article-meta\"><span class=\"timestamp \">24  de  ene, 2026, 13:47 ET<\/span><\/div>\n<h2>Real Madrid tiene una peligrosa visita a La Cer\u00e1mica contra el Villarreal que es tercero, con la mira puesta en el liderato que ostenta el Bar\u00e7a s\u00f3lo con un punto de ventaja.<\/h2>\n<hr \/>\n<p><a href=\"https:\/\/espndeportes.espn.com\/futbol\/equipo\/_\/id\/86\/real-madrid\"><b>Real Madrid<\/b><\/a> tiene en puerta una<a href=\"https:\/\/espndeportes.espn.com\/futbol\/numeritos\/_\/juegoId\/748349\"> visita por dem\u00e1s complicada al <b>Villarreal <\/b><\/a>en la Jornada 21 de LaLiga, luego de que la semana pasada la combinaci\u00f3n de resultados le permiti\u00f3 colocarse a un punto.del Barcelona en la pelea por el liderato.<\/p>\n<aside class=\"inline float-r inline-track\">\n<h2 class=\"img-title\">LaLiga de Espa\u00f1a 2025-26<\/h2>\n<p>Sigue la temporada 2025-26 de <b><a href=\"https:\/\/espndeportes.espn.com\/watch\/catalog\/cf7b0c51-7c48-3e9a-8abb-0c01b1a973a0\/laliga#bucketId=45449&amp;sourceCollection=Browse_by_League_%28ESPN+%29\" target=\"_blank\">LaLiga de Espa\u00f1a<\/a><\/b> por ESPN+ Select y ESPN Deportes.<\/p>\n<p><b><a href=\"https:\/\/espndeportes.espn.com\/watch\/catalog\/cf7b0c51-7c48-3e9a-8abb-0c01b1a973a0\/laliga#bucketId=45449&amp;sourceCollection=Browse_by_League_%28ESPN+%29\" target=\"_blank\">Stream LaLiga<\/a> | <a href=\"https:\/\/espndeportes.espn.com\/futbol\/calendario\/_\/liga\/esp.1\" target=\"_blank\">Calendario<\/a> |<a href=\"https:\/\/espndeportes.espn.com\/futbol\/resultados\/_\/liga\/esp.1\" target=\"_blank\"> Resultados<\/a> | <a href=\"https:\/\/espndeportes.espn.com\/futbol\/posiciones\/_\/liga\/esp.1\/liga-mx\" target=\"_blank\">Tabla<\/a><\/b><br \/>\n<\/aside>\n<p>Tras una grata exhibici\u00f3n a mitad de semana ante el M\u00f3naco (6-1), ahora toca regresar a <b>LaLiga<\/b> y confirmar si el progreso es verdadero en La Cer\u00e1mica, nada menos que frente al \u2018Submarino Amarillo que es tercero de la clasificaci\u00f3n, luego de una gran primera vuelta.<\/p>\n<p>El Villarreal viene de una dolorosa derrota frente a Betis, donde se qued\u00f3 con 10 hombres tras la expulsi\u00f3n de Santi Comesa\u00f1a y tambi\u00e9n un descalabro ante el Ajax en Champions.<\/p>\n<p>Por su parte el t\u00e9cnico merengue \u00c1lvaro Arbeloa<a href=\"https:\/\/espndeportes.espn.com\/futbol\/espana\/nota\/_\/id\/16218240\/real-madrid-vs-villarreal-laliga-rodrygo-convocatoria\"> recuperar\u00e1 a Rodrygo y Brahim D\u00edaz, pero a\u00fan sufre las ausencias por lesi\u00f3n <\/a>de jugadores como Trent Alexander Arnold, Antonio R\u00fcdiger, Ferland Mendy y \u00c9der Milit\u00e3o; adem\u00e1s de la sanci\u00f3n de Tchouameni.<\/p>\n<aside class=\"inline inline-photo full\">\n<figure><img fetchpriority=\"high\" class=\" lazyload lazyload\" data-image-container=\".inline-photo\" height=\"320\" width=\"570\" \/><figcaption class=\"photoCaption\">Mbapp\u00e9 y Vin\u00edcius, durante el entrenamiento del Real Madrid.\u00a0<cite>EPA\/Mariscal<\/cite><\/figcaption><\/figure>\n<\/aside>\n<h2>Fecha, horario y d\u00f3nde ver Villarreal vs Real Madrid<\/h2>\n<p>Jornada 21, LaLiga<\/p>\n<p><b>Villarreal vs Real Madrid <\/b><\/p>\n<p>s\u00e1bado 24 de enero<\/p>\n<p>14:00 horas CDMX\/15:00 horas E.T \/Colombia, Per\u00fa, Ecuador, 15:00 horas; Argentina, Chile y Uruguay 17:00 horas<\/p>\n<p>Estadio de La Cer\u00e1mica<\/p>\n<p>\u00bfD\u00f3nde ver? ESPN Deportes en Estados Unidos y Sky Sports en M\u00e9xico<\/p>\n<aside class=\"inline editorial float-r\" data-behavior=\"article_related\">\n<h2 class=\"editorial-title\">Selecciones Editoriales<\/h2>\n<p>2 Relacionado<\/p>\n<\/aside>\n<h2>Alineaciones Villarreal vs Real Madrid<\/h2>\n<p><strong>Villarreal<\/strong>: Luiz Junior, Pau Navarro, Juan Foyth, Renato Veiga, Alfonso Pedraza, Dani Parejo, Pape Gueye, Alberto Moleiro, Tajon Buchanan; Gerard Moreno y Georges Mikautadze.<\/p>\n<p><strong>Real Madrid<\/strong>: Thibaut Courtois, Federico Valverde, Raul Asencio, Dean Huijsen, \u00c1lvaro Carreras, Eduardo Camavinga, Arda G\u00fcler, Jude Bellingham, Franco Mastantuono, Kylian Mbapp\u00e9 y Vin\u00edcius.\n<\/div>\n<p><br \/>\n<br \/><a href=\"https:\/\/espndeportes.espn.com\/futbol\/espana\/nota\/_\/id\/16219199\/villarreal-real-madrid-alineaciones-jornada-21-laliga\">Source link <\/a><\/p>\n","protected":false},"excerpt":{"rendered":"<p>24 de ene, 2026, 13:47 ET Real Madrid tiene una peligrosa visita a La Cer\u00e1mica contra el Villarreal que es tercero, con la mira puesta en el liderato que ostenta el Bar\u00e7a s\u00f3lo con un punto de ventaja. Real Madrid tiene en puerta una visita por dem\u00e1s complicada al Villarreal en la Jornada 21 de &#8230; <a title=\"Villarreal vs Real Madrid: probables alineaciones, Jornada 21, LaLiga\" class=\"read-more\" href=\"https:\/\/www.jubi24.com\/?p=18104\" aria-label=\"Read more about Villarreal vs Real Madrid: probables alineaciones, Jornada 21, LaLiga\">Read more<\/a><\/p>\n","protected":false},"author":1,"featured_media":18105,"comment_status":"open","ping_status":"open","sticky":false,"template":"","format":"standard","meta":{"fifu_image_url":"","fifu_image_alt":"","_jetpack_memberships_contains_paid_content":false,"footnotes":"","jetpack_publicize_message":"","jetpack_publicize_feature_enabled":true,"jetpack_social_post_already_shared":true,"jetpack_social_options":{"image_generator_settings":{"template":"highway","default_image_id":0,"font":"","enabled":false},"version":2}},"categories":[1],"tags":[],"class_list":["post-18104","post","type-post","status-publish","format-standard","has-post-thumbnail","hentry","category-uncategorized"],"jetpack_publicize_connections":[],"jetpack_featured_media_url":"https:\/\/www.jubi24.com\/wp-content\/uploads\/2026\/01\/Villarreal-vs-Real-Madrid-probables-alineaciones-Jornada-21-LaLiga.jpeg","jetpack_sharing_enabled":true,"_links":{"self":[{"href":"https:\/\/www.jubi24.com\/index.php?rest_route=\/wp\/v2\/posts\/18104","targetHints":{"allow":["GET"]}}],"collection":[{"href":"https:\/\/www.jubi24.com\/index.php?rest_route=\/wp\/v2\/posts"}],"about":[{"href":"https:\/\/www.jubi24.com\/index.php?rest_route=\/wp\/v2\/types\/post"}],"author":[{"embeddable":true,"href":"https:\/\/www.jubi24.com\/index.php?rest_route=\/wp\/v2\/users\/1"}],"replies":[{"embeddable":true,"href":"https:\/\/www.jubi24.com\/index.php?rest_route=%2Fwp%2Fv2%2Fcomments&post=18104"}],"version-history":[{"count":1,"href":"https:\/\/www.jubi24.com\/index.php?rest_route=\/wp\/v2\/posts\/18104\/revisions"}],"predecessor-version":[{"id":18106,"href":"https:\/\/www.jubi24.com\/index.php?rest_route=\/wp\/v2\/posts\/18104\/revisions\/18106"}],"wp:featuredmedia":[{"embeddable":true,"href":"https:\/\/www.jubi24.com\/index.php?rest_route=\/wp\/v2\/media\/18105"}],"wp:attachment":[{"href":"https:\/\/www.jubi24.com\/index.php?rest_route=%2Fwp%2Fv2%2Fmedia&parent=18104"}],"wp:term":[{"taxonomy":"category","embeddable":true,"href":"https:\/\/www.jubi24.com\/index.php?rest_route=%2Fwp%2Fv2%2Fcategories&post=18104"},{"taxonomy":"post_tag","embeddable":true,"href":"https:\/\/www.jubi24.com\/index.php?rest_route=%2Fwp%2Fv2%2Ftags&post=18104"}],"curies":[{"name":"wp","href":"https:\/\/api.w.org\/{rel}","templated":true}]}}