{"id":23637,"date":"2026-03-13T13:13:41","date_gmt":"2026-03-13T13:13:41","guid":{"rendered":"https:\/\/www.jubi24.com\/?p=23637"},"modified":"2026-03-13T13:13:46","modified_gmt":"2026-03-13T13:13:46","slug":"tarihci-yazar-ilber-ortayli-hayatini-kaybetti","status":"publish","type":"post","link":"https:\/\/www.jubi24.com\/?p=23637","title":{"rendered":"Tarih\u00e7i yazar \u0130lber Ortayl\u0131 hayat\u0131n\u0131 kaybetti"},"content":{"rendered":"<p><br \/>\n<\/p>\n<div id=\"\">\n<figure class=\"css-1qn0xuy\">\n<div class=\"css-1avk5os\" style=\"padding-bottom:66.99%\">\n<p class=\"css-by8ykd\" role=\"text\"><span class=\"css-2ozlq5\">Kaynak, <\/span><span lang=\"en-GB\">Mehmet Ali Ozcan\/Anadolu Agency\/Getty Images<\/span><\/p>\n<\/div><figcaption class=\"css-15f1ujd\" dir=\"ltr\"><span role=\"text\"><span class=\"css-2ozlq5\">Foto\u011fraf alt\u0131 yaz\u0131s\u0131, <\/span><span data-testid=\"caption-paragraph\">Prof. Dr. \u0130lber Ortayl\u0131&#8217;n\u0131n ailesi, \u00fcnl\u00fc tarih\u00e7i ve yazas\u0131n be\u015f g\u00fcnd\u00fcr yo\u011fun bak\u0131mda tedavi g\u00f6rd\u00fc\u011f\u00fcn\u00fc duyurdu<\/span><\/span><\/figcaption><\/figure>\n<section role=\"region\" aria-labelledby=\"article-byline\" data-testid=\"byline\"><strong id=\"article-byline\" aria-hidden=\"true\" class=\"css-2ozlq5\">Haber bilgisi<\/strong><\/p>\n<ul class=\"css-1dlgp3z\">\n<li class=\"css-1s1df59\">\n<ul role=\"list\" class=\"css-z50d25\">\n<li class=\"css-0\"><span role=\"text\"><span class=\"css-2ozlq5\">Yazan, <\/span><span class=\"css-eiglm1\">BBC News T\u00fcrk\u00e7e<\/span><\/span><\/li>\n<li class=\"css-k1irjw\"><span role=\"text\"><span class=\"css-2ozlq5\">Bildirdi\u011fi yer, <!-- --> <\/span><span class=\"css-l3kz4u\">Londra<\/span><\/span><\/li>\n<\/ul>\n<\/li>\n<li>\n<div dir=\"ltr\" class=\"css-1k9op6x e17x9cvu0\"><time datetime=\"2026-03-11\" class=\"css-128bydx expmsel0\">11 Mart 2026<\/time><time datetime=\"2026-03-13\" class=\"css-128bydx expmsel0\">G\u00fcncelleme 9 dakika \u00f6nce<\/time><\/p>\n<\/div>\n<\/li>\n<li><span class=\"css-hsb4jx\">Okuma s\u00fcresi 2 dk<\/span><\/p>\n<\/li>\n<\/ul>\n<\/section>\n<div dir=\"ltr\" class=\"css-1k9op6x e17x9cvu0\">\n<p dir=\"ltr\" class=\"css-s4cjt0 eea635z0\"><b>\u00dcnl\u00fc tarih\u00e7i ve yazar Prof. Dr. \u0130lber Ortayl\u0131 tedavi g\u00f6rd\u00fc\u011f\u00fc hastanede hayat\u0131n\u0131 kaybetti.<\/b><\/p>\n<\/div>\n<div dir=\"ltr\" class=\"css-1k9op6x e17x9cvu0\">\n<p dir=\"ltr\" class=\"css-s4cjt0 eea635z0\">Ortayl\u0131, pazar g\u00fcn\u00fcnden bu yana yo\u011fun bak\u0131mdayd\u0131. Ailesi son olarak ent\u00fcbe edili\u011fini a\u00e7\u0131klam\u0131\u015ft\u0131. <\/p>\n<\/div>\n<div dir=\"ltr\" class=\"css-1k9op6x e17x9cvu0\">\n<p dir=\"ltr\" class=\"css-s4cjt0 eea635z0\">Geni\u015f kitleler taraf\u0131ndan sevilen tarih\u00e7inin \u00f6l\u00fcm haberinin ard\u0131ndan taziye mesajlar\u0131 payla\u015f\u0131l\u0131yor. <\/p>\n<\/div>\n<div dir=\"ltr\" class=\"css-1k9op6x e17x9cvu0\">\n<p dir=\"ltr\" class=\"css-s4cjt0 eea635z0\">Gazeteci \u0130zzet \u00c7apa, sosyal medya hesab\u0131ndan, &#8220;Baz\u0131 insanlar bir \u00f6m\u00fcr ya\u015far\u2026Baz\u0131 insanlar ise bir \u00e7a\u011f anlat\u0131r. \u0130lber Ortayl\u0131 ikinci t\u00fcrdendi. Ve baz\u0131 isimler vard\u0131r ki\u2026Tarih onlar\u0131 yazmaz. Onlar zaten tarihin kendisidir&#8221; yazd\u0131. <\/p>\n<\/div>\n<section aria-label=\"Reklam 2\" aria-hidden=\"true\" role=\"region\" data-e2e=\"advertisement\" class=\"css-1s6hekm\" \/>\n<div dir=\"ltr\" class=\"css-1k9op6x e17x9cvu0\">\n<p dir=\"ltr\" class=\"css-s4cjt0 eea635z0\">Ortayl\u0131&#8217;n\u0131n sosyal medya hesab\u0131 \u00fczerinden 12 Mart&#8217;ta yap\u0131lan a\u00e7\u0131klamada, durumunun stabil oldu\u011fu da belirtilmi\u015fti. <\/p>\n<\/div>\n<div dir=\"ltr\" class=\"css-1k9op6x e17x9cvu0\">\n<p dir=\"ltr\" class=\"css-s4cjt0 eea635z0\">Yap\u0131lan ilk a\u00e7\u0131klamada &#8220;Alan\u0131nda \u00e7ok iyi bir ekip taraf\u0131ndan b\u00fcy\u00fck bir \u00f6zenle takip edilmektedir. \u0130yi dileklerinizin ve dualar\u0131n\u0131z\u0131n yard\u0131mc\u0131 olaca\u011f\u0131n\u0131 umuyoruz&#8221; denilmi\u015fti.<\/p>\n<\/div>\n<div dir=\"ltr\" class=\"css-1k9op6x e17x9cvu0\">\n<p dir=\"ltr\" class=\"css-s4cjt0 eea635z0\">Prof. Dr. \u0130lber Ortayl\u0131 i\u00e7in 12 Mart&#8217;ta yap\u0131lan a\u00e7\u0131klamada, Ocak ay\u0131nda prostat ameliyat\u0131 oldu\u011fu, ek olarak b\u00f6brek rahats\u0131zl\u0131\u011f\u0131 ve diyabeti bulundu\u011fu da aktar\u0131ld\u0131.<\/p>\n<\/div>\n<section data-e2e=\"recommendations-heading\" role=\"region\" aria-labelledby=\"recommendations-heading\" class=\"css-1o3v5ug\" \/>\n<div dir=\"ltr\" class=\"css-1k9op6x e17x9cvu0\">\n<p dir=\"ltr\" class=\"css-s4cjt0 eea635z0\">Gazeteci Fatih Altayl\u0131 da 10 Mart&#8217;ta blogunda kaleme ald\u0131\u011f\u0131 k\u00f6\u015fe yaz\u0131s\u0131nda uzun s\u00fcre  birlikte program yapt\u0131\u011f\u0131 Ortayl\u0131&#8217;n\u0131n &#8220;birka\u00e7 g\u00fcnd\u00fcr \u00e7ok ciddi sa\u011fl\u0131k sorunlar\u0131 ile m\u00fccadele etti\u011fini&#8221; yazd\u0131.<\/p>\n<\/div>\n<div dir=\"ltr\" class=\"css-1k9op6x e17x9cvu0\">\n<p dir=\"ltr\" class=\"css-s4cjt0 eea635z0\">Altayl\u0131 yaz\u0131s\u0131nda, &#8220;E\u011fer inan\u0131yorsan\u0131z dualar\u0131n\u0131z\u0131, inanm\u0131yorsan\u0131z iyi dileklerinizi kendisinden esirgemeyin&#8221; ifadelerini kulland\u0131.<\/p>\n<\/div>\n<p><h2 id=\"Ortayl\u0131-kimdir\" class=\"css-jtxtr9 emoh99e1\">Ortayl\u0131 kimdir?<\/h2>\n<\/p>\n<div dir=\"ltr\" class=\"css-1k9op6x e17x9cvu0\">\n<p dir=\"ltr\" class=\"css-s4cjt0 eea635z0\">1947 y\u0131l\u0131nda Avusturya&#8217;n\u0131n Bregenz \u015fehrinde d\u00fcnyaya gelen \u0130lber Ortayl\u0131, 2 ya\u015f\u0131ndayken ailesiyle birlikte T\u00fcrkiye&#8217;ye g\u00f6\u00e7 etti. <\/p>\n<\/div>\n<div dir=\"ltr\" class=\"css-1k9op6x e17x9cvu0\">\n<p dir=\"ltr\" class=\"css-s4cjt0 eea635z0\">\u0130lk, orta ve lise \u00f6\u011frenimini \u0130stanbul Avusturya Lisesi ve Ankara Atat\u00fcrk Lisesi&#8217;nde tamamlayan Ortayl\u0131, Ankara \u00dcniversitesi Dil ve Tarih-Co\u011frafya Fak\u00fcltesi Tarih B\u00f6l\u00fcm\u00fc&#8217;nde lisans e\u011fitimi ald\u0131. <\/p>\n<\/div>\n<div dir=\"ltr\" class=\"css-1k9op6x e17x9cvu0\">\n<p dir=\"ltr\" class=\"css-s4cjt0 eea635z0\">Ard\u0131ndan Viyana \u00dcniversitesi&#8217;ne giderek Slav ve Do\u011fu Avrupa dilleri \u00fczerine y\u00fcksek ihtisas yapan \u00fcnl\u00fc tarih\u00e7i, Ankara \u00dcniversitesi&#8217;nde 1974 y\u0131l\u0131nda &#8220;Tanzimat Sonras\u0131 Mahalli \u0130dareler&#8221; tezi ile doktor \u00fcnvan\u0131n\u0131 ald\u0131. Ayn\u0131 fak\u00fcltede 1979 y\u0131l\u0131nda do\u00e7ent oldu. <\/p>\n<\/div>\n<div dir=\"ltr\" class=\"css-1k9op6x e17x9cvu0\">\n<p dir=\"ltr\" class=\"css-s4cjt0 eea635z0\">1982 y\u0131l\u0131nda g\u00f6revinden istifa eden Ortayl\u0131, d\u00fcnya genelinde pek \u00e7ok \u00fcniversitede dersler verdi. <\/p>\n<\/div>\n<div dir=\"ltr\" class=\"css-1k9op6x e17x9cvu0\">\n<p dir=\"ltr\" class=\"css-s4cjt0 eea635z0\">1989 y\u0131l\u0131nda \u00fclkeye d\u00f6nerek profes\u00f6rl\u00fck \u00fcnvan\u0131n\u0131 kazand\u0131. <\/p>\n<\/div>\n<div dir=\"ltr\" class=\"css-1k9op6x e17x9cvu0\">\n<p dir=\"ltr\" class=\"css-s4cjt0 eea635z0\">Kariyeri boyunca Galatasaray \u00dcniversitesi, Bilkent \u00dcniversitesi&#8217;nin de aras\u0131nda oldu\u011fu pek \u00e7ok \u00fcniversitede dersler verdi. <\/p>\n<\/div>\n<div dir=\"ltr\" class=\"css-1k9op6x e17x9cvu0\">\n<p dir=\"ltr\" class=\"css-s4cjt0 eea635z0\">Ortayl\u0131, 2005 y\u0131l\u0131nda Topkap\u0131 Saray\u0131 M\u00fczesinin M\u00fcd\u00fcr\u00fc oldu. Yedi y\u0131l bu g\u00f6revde kald\u0131ktan sonra 2012 y\u0131l\u0131nda emekli oldu. <\/p>\n<\/div>\n<div dir=\"ltr\" class=\"css-1k9op6x e17x9cvu0\">\n<p dir=\"ltr\" class=\"css-s4cjt0 eea635z0\">2018 y\u0131l\u0131nda K\u00fclt\u00fcr ve Turizm Bakanl\u0131\u011f\u0131na dan\u0131\u015fmanl\u0131k yapt\u0131. <\/p>\n<\/div>\n<div dir=\"ltr\" class=\"css-1k9op6x e17x9cvu0\">\n<p dir=\"ltr\" class=\"css-s4cjt0 eea635z0\">\u00c7e\u015fitli televizyon kanallar\u0131nda d\u00fczenli olarak programlara kat\u0131lan Ortayl\u0131, renkli ki\u015fili\u011fi ile de T\u00fcrkiye genelinde de tan\u0131nan pop\u00fcler bir isim haline geldi. <\/p>\n<\/div>\n<\/div>\n<p><br \/>\n<br \/><a href=\"https:\/\/www.bbc.com\/turkce\/articles\/cwyklrwy42no\">Source link <\/a><\/p>\n","protected":false},"excerpt":{"rendered":"<p>Kaynak, Mehmet Ali Ozcan\/Anadolu Agency\/Getty Images Foto\u011fraf alt\u0131 yaz\u0131s\u0131, Prof. Dr. \u0130lber Ortayl\u0131&#8217;n\u0131n ailesi, \u00fcnl\u00fc tarih\u00e7i ve yazas\u0131n be\u015f g\u00fcnd\u00fcr yo\u011fun bak\u0131mda tedavi g\u00f6rd\u00fc\u011f\u00fcn\u00fc duyurdu Haber bilgisi Yazan, BBC News T\u00fcrk\u00e7e Bildirdi\u011fi yer, Londra 11 Mart 2026G\u00fcncelleme 9 dakika \u00f6nce Okuma s\u00fcresi 2 dk \u00dcnl\u00fc tarih\u00e7i ve yazar Prof. Dr. \u0130lber Ortayl\u0131 tedavi g\u00f6rd\u00fc\u011f\u00fc hastanede &#8230; <a title=\"Tarih\u00e7i yazar \u0130lber Ortayl\u0131 hayat\u0131n\u0131 kaybetti\" class=\"read-more\" href=\"https:\/\/www.jubi24.com\/?p=23637\" aria-label=\"Read more about Tarih\u00e7i yazar \u0130lber Ortayl\u0131 hayat\u0131n\u0131 kaybetti\">Read more<\/a><\/p>\n","protected":false},"author":1,"featured_media":23638,"comment_status":"open","ping_status":"open","sticky":false,"template":"","format":"standard","meta":{"fifu_image_url":"","fifu_image_alt":"","_jetpack_memberships_contains_paid_content":false,"footnotes":"","jetpack_publicize_message":"","jetpack_publicize_feature_enabled":true,"jetpack_social_post_already_shared":true,"jetpack_social_options":{"image_generator_settings":{"template":"highway","default_image_id":0,"font":"","enabled":false},"version":2}},"categories":[1],"tags":[],"class_list":["post-23637","post","type-post","status-publish","format-standard","has-post-thumbnail","hentry","category-uncategorized"],"jetpack_publicize_connections":[],"jetpack_featured_media_url":"https:\/\/www.jubi24.com\/wp-content\/uploads\/2026\/03\/Tarihci-yazar-Ilber-Ortayli-hayatini-kaybetti.jpg","jetpack_sharing_enabled":true,"_links":{"self":[{"href":"https:\/\/www.jubi24.com\/index.php?rest_route=\/wp\/v2\/posts\/23637","targetHints":{"allow":["GET"]}}],"collection":[{"href":"https:\/\/www.jubi24.com\/index.php?rest_route=\/wp\/v2\/posts"}],"about":[{"href":"https:\/\/www.jubi24.com\/index.php?rest_route=\/wp\/v2\/types\/post"}],"author":[{"embeddable":true,"href":"https:\/\/www.jubi24.com\/index.php?rest_route=\/wp\/v2\/users\/1"}],"replies":[{"embeddable":true,"href":"https:\/\/www.jubi24.com\/index.php?rest_route=%2Fwp%2Fv2%2Fcomments&post=23637"}],"version-history":[{"count":1,"href":"https:\/\/www.jubi24.com\/index.php?rest_route=\/wp\/v2\/posts\/23637\/revisions"}],"predecessor-version":[{"id":23639,"href":"https:\/\/www.jubi24.com\/index.php?rest_route=\/wp\/v2\/posts\/23637\/revisions\/23639"}],"wp:featuredmedia":[{"embeddable":true,"href":"https:\/\/www.jubi24.com\/index.php?rest_route=\/wp\/v2\/media\/23638"}],"wp:attachment":[{"href":"https:\/\/www.jubi24.com\/index.php?rest_route=%2Fwp%2Fv2%2Fmedia&parent=23637"}],"wp:term":[{"taxonomy":"category","embeddable":true,"href":"https:\/\/www.jubi24.com\/index.php?rest_route=%2Fwp%2Fv2%2Fcategories&post=23637"},{"taxonomy":"post_tag","embeddable":true,"href":"https:\/\/www.jubi24.com\/index.php?rest_route=%2Fwp%2Fv2%2Ftags&post=23637"}],"curies":[{"name":"wp","href":"https:\/\/api.w.org\/{rel}","templated":true}]}}