{"id":23749,"date":"2026-03-14T12:39:31","date_gmt":"2026-03-14T12:39:31","guid":{"rendered":"https:\/\/www.jubi24.com\/?p=23749"},"modified":"2026-03-14T12:39:34","modified_gmt":"2026-03-14T12:39:34","slug":"no-sabemos-como-esta-de-su-recuperacion-es-un-jugador-que-esta-lesionado-y-fuera-de-nuestro-radar","status":"publish","type":"post","link":"https:\/\/www.jubi24.com\/?p=23749","title":{"rendered":"No sabemos c\u00f3mo est\u00e1 de su recuperaci\u00f3n. Es un jugador que est\u00e1 lesionado y fuera de nuestro radar"},"content":{"rendered":"<p><br \/>\n<\/p>\n<div><!--[--><!--[--><!--&gt;--><!--[--><\/p>\n<p class=\"ft-text\">Tras encadenar tres jornadas sin conocer la victoria, <strong>el <\/strong><a class=\"ft-link ft-link--decoration\" href=\"https:\/\/www.sport.es\/es\/girona\/\"><strong>Girona <\/strong><\/a><strong>se mide este s\u00e1bado al Athletic Club con el objetivo de volver a la senda del triunfo.<\/strong> Pese a la mala din\u00e1mica, M\u00edchel tan solo piensa en el duelo contra los &#8216;leones&#8217;. &#8220;Miro partido a partido. Ante el Athletic es un encuentro muy importante en nuestro campo. <strong>Hemos hecho cosas buenas en los \u00faltimos partidos, pero hemos de seguir sumando para llegar a los 42 puntos&#8221;,<\/strong> explic\u00f3 en la rueda de prensa previa.<\/p>\n<p><!--]--><!--&gt;--><!--&gt;--><!--&gt;--><!--&gt;-->&lt;!&#8211;&gt;<\/p>\n<aside class=\"ft-ad ft-ad-roba ft-ad-robaNotext ft-helper-hide-md\" \/>[&#8211;&gt;<!--[--><!--&gt;]--><!--[--><!--&gt;]--><!--[--><!--&gt;]--><!--[--><!--&gt;]--><!--]--><!--&gt;--><!--]--><!--[--><!--&gt;--><!--[--><\/p>\n<p class=\"ft-text\">El t\u00e9cnico de Vallecas se pronunci\u00f3 sobre el objetivo de la salvaci\u00f3n: &#8220;No s\u00e9 cu\u00e1ndo se llegar\u00e1. Cada partido es muy dif\u00edcil ganar, a todos les est\u00e1 costando. <strong>Hemos de ir haciendo las cosas bien.<\/strong> Ma\u00f1ana ser\u00e1 un encuentro muy importante, ante un rival muy duro y con cosas muy buenas. Cada duelo es complicado, no s\u00e9 cu\u00e1ndo llegaremos a los 42 puntos. <strong>Deseo lo antes posible, pero tenemos que luchar cada partido&#8221;<\/strong>.<\/p>\n<p><!--]--><!--&gt;--><!--&gt;--><!--&gt;--><!--&gt;--><!--&gt;--><!--&gt;[--><!--[--><\/p>\n<aside class=\"ft-ad ft-ad--intext ft-helper-hide-md\" \/><!--]--><!--[--><\/p>\n<aside class=\"ft-ad ft-ad--intext  ft-helper-hide-xs\" \/><!--]--><!--[--><!--&gt;]--><!--[--><!--&gt;]--><!--]--><!--&gt;--><!--]--><!--[--><!--&gt;--><!--&gt;--><\/p>\n<figure class=\"ft-img\" data-aida-image=\"\"><!--[--><!--[--><!--]--><!--]--><figcaption data-aida-caption=\"\">\n<p class=\"ft-helper-fontColor-quaternary ft-helper-fontSize-body-S ft-helper-spacer-t-xxs\">Olasagasti es expulsado en el encuentro contra el Girona FC <span class=\"ft-helper-fontWeight-800 ft-helper-text-transform-uppercase\" data-aida-captionauthor=\"\"><!--[--><!--[--> \/ Ana Escobar<!--]--><!--]--><\/span><\/p>\n<\/figcaption><\/figure>\n<p><!--&gt;--><!--&gt;--><!--&gt;--><!--&gt;--><!--&gt;[--><!--[--><!--&gt;]--><!--[--><!--&gt;]--><!--[--><!--&gt;]--><!--[--><!--&gt;]--><!--]--><!--&gt;--><!--]--><!--[--><!--&gt;--><!--[--><\/p>\n<p class=\"ft-text\">Asimismo, <strong>M\u00edchel<\/strong> valor\u00f3 el trabajo que viene realizando el Athletic en las \u00faltimas semanas. &#8220;<strong>Es el equipo que mejor hace la presi\u00f3n en el campo rival y que m\u00e1s balones recupera. Tiene una situaci\u00f3n defensiva muy alta, el que m\u00e1s con el Bar\u00e7a<\/strong>. Esto quiere decir que necesitamos tener un ritmo de juego muy bueno y ser capaces de superar con 2-3 pases su presi\u00f3n. Ser\u00e1 imposible hacer muchos pases, has de tener una progresi\u00f3n muy buena y dar soluciones al jugador que tiene la pelota&#8221;, indic\u00f3.<\/p>\n<p><!--]--><!--&gt;--><!--&gt;--><!--&gt;--><!--&gt;--><!--&gt;--><!--[--><!--[--><!--&gt;]--><!--[--><!--&gt;]--><!--[--><!--&gt;]--><!--[--><!--&gt;]--><!--]--><!--&gt;--><!--]--><!--[--><!--&gt;--><!--[--><\/p>\n<p class=\"ft-text\">Para intentar llevarse los tres puntos, M\u00edchel no podr\u00e1 contar con <strong>Vitor Reis<\/strong>, aunque recupera a <strong>\u00c1lex Moreno<\/strong>: <strong>&#8220;Vitor es un jugador muy importante, como todos. Tenemos recambios para sustituirle. \u00c1lex Moreno est\u00e1 para jugar, preparado. Ha tenido una buena recuperaci\u00f3n y est\u00e1 bien&#8221;. <\/strong><\/p>\n<p><!--]--><!--&gt;--><!--&gt;--><!--&gt;--><!--&gt;--><!--&gt;--><\/p>\n<aside class=\"ft-ad ft-ad--roba ft-ad--robaNotext ft-helper-hide-md\" \/><!--[--><!--[--><!--&gt;]--><!--[--><!--&gt;]--><!--[--><!--&gt;]--><!--[--><!--&gt;]--><!--]--><!--&gt;--><!--]--><!--[--><!--&gt;--><!--&gt;--><\/p>\n<figure class=\"ft-img\" data-aida-image=\"\"><!--[--><!--[--><!--]--><img loading=\"lazy\" decoding=\"async\" src=\"https:\/\/www.jubi24.com\/wp-content\/uploads\/2026\/03\/8713a903-f98f-411b-b71c-3ce3623a99ae_alta-libre-aspect-ratio_default_0_x600y225.jpg\" width=\"1200\" height=\"675\" alt=\"Ter Stegen saluda a la grada de Montilivi\" class=\"ft-helper-img-rd\" loading=\"lazy\" \/><!--]--><figcaption data-aida-caption=\"\">\n<p class=\"ft-helper-fontColor-quaternary ft-helper-fontSize-body-S ft-helper-spacer-t-xxs\">Ter Stegen saluda a la grada de Montilivi <span class=\"ft-helper-fontWeight-800 ft-helper-text-transform-uppercase\" data-aida-captionauthor=\"\"><!--[--><!--[--> \/ EFE<!--]--><!--]--><\/span><\/p>\n<\/figcaption><\/figure>\n<p><!--&gt;--><!--&gt;--><!--&gt;--><!--&gt;--><!--&gt;[--><!--[--><!--&gt;]--><!--[--><!--&gt;]--><!--[--><!--&gt;]--><!--[--><!--&gt;]--><!--]--><!--&gt;--><!--]--><!--[--><!--&gt;--><!--[--><\/p>\n<p class=\"ft-text\">Preguntado por la situaci\u00f3n de<strong> Ter Stegen<\/strong>, el t\u00e9cnico del Girona se\u00f1al\u00f3 que <strong>&#8220;ahora mismo no s\u00e9 c\u00f3mo va su recuperaci\u00f3n&#8221;.<\/strong> <strong>&#8220;Despu\u00e9s de la operaci\u00f3n hablamos y su recuperaci\u00f3n es en Barcelona. \u00c9l ha pedido venir por aqu\u00ed en alg\u00fan momento, pero no s\u00e9 c\u00f3mo est\u00e1 su lesi\u00f3n ni la recuperaci\u00f3n. Ha salido todo bien. Es un jugador que est\u00e1 lesionado y fuera de nuestro radar. Por eso no tengo la informaci\u00f3n sobre su recuperaci\u00f3n&#8221;,<\/strong> admiti\u00f3.<\/p>\n<p><!--]--><!--&gt;--><!--&gt;--><!--&gt;[--><!--&gt;--><!--]--><!--&gt;--><!--&gt;--><!--[--><!--[--><!--&gt;]--><!--[--><!--&gt;]--><!--[--><!--&gt;]--><!--[--><!--&gt;]--><!--]--><!--&gt;--><!--]--><!--[--><!--&gt;--><!--[--><\/p>\n<p class=\"ft-text\">Por \u00faltimo, confirm\u00f3 que <strong>Ounahi <\/strong>ya est\u00e1 totalmente preparado para volver a ser protagonista en el equipo. &#8220;Ha hecho una semana muy buena, est\u00e1 preparado. No s\u00e9 el porcentaje de su m\u00e1ximo nivel, pero est\u00e1 bien para jugar. <strong>Es importante. Todo el mundo lo sabe y queremos darle el tiempo para que \u00e9l llegue a su mejor versi\u00f3n. Necesita, para eso, jugar muchos partidos<\/strong>&#8220;, finaliz\u00f3.<\/p>\n<p><!--]--><!--&gt;--><!--&gt;--><!--&gt;--><!--&gt;--><!--&gt;--><!--&gt;[--><!--[--><!--&gt;]--><!--[--><!--&gt;]--><!--[--><!--&gt;]--><!--[--><!--&gt;]--><!--]--><!--&gt;--><!--]--><!--]--><!--[--><!--&gt;[--><!--]--><!--&gt;[--><!--&gt;--><!--&gt;]--><span \/><!--]--><\/div>\n<p><br \/>\n<br \/><a href=\"https:\/\/www.sport.es\/es\/noticias\/girona\/michel-ter-stegen-recuperacion-jugador-127921332\">Source link <\/a><\/p>\n","protected":false},"excerpt":{"rendered":"<p>Tras encadenar tres jornadas sin conocer la victoria, el Girona se mide este s\u00e1bado al Athletic Club con el objetivo de volver a la senda del triunfo. Pese a la mala din\u00e1mica, M\u00edchel tan solo piensa en el duelo contra los &#8216;leones&#8217;. &#8220;Miro partido a partido. Ante el Athletic es un encuentro muy importante en &#8230; <a title=\"No sabemos c\u00f3mo est\u00e1 de su recuperaci\u00f3n. Es un jugador que est\u00e1 lesionado y fuera de nuestro radar\" class=\"read-more\" href=\"https:\/\/www.jubi24.com\/?p=23749\" aria-label=\"Read more about No sabemos c\u00f3mo est\u00e1 de su recuperaci\u00f3n. Es un jugador que est\u00e1 lesionado y fuera de nuestro radar\">Read more<\/a><\/p>\n","protected":false},"author":1,"featured_media":23750,"comment_status":"open","ping_status":"open","sticky":false,"template":"","format":"standard","meta":{"fifu_image_url":"","fifu_image_alt":"","_jetpack_memberships_contains_paid_content":false,"footnotes":"","jetpack_publicize_message":"","jetpack_publicize_feature_enabled":true,"jetpack_social_post_already_shared":true,"jetpack_social_options":{"image_generator_settings":{"template":"highway","default_image_id":0,"font":"","enabled":false},"version":2}},"categories":[1],"tags":[],"class_list":["post-23749","post","type-post","status-publish","format-standard","has-post-thumbnail","hentry","category-uncategorized"],"jetpack_publicize_connections":[],"jetpack_featured_media_url":"https:\/\/www.jubi24.com\/wp-content\/uploads\/2026\/03\/No-sabemos-como-esta-de-su-recuperacion-Es-un-jugador.jpg","jetpack_sharing_enabled":true,"_links":{"self":[{"href":"https:\/\/www.jubi24.com\/index.php?rest_route=\/wp\/v2\/posts\/23749","targetHints":{"allow":["GET"]}}],"collection":[{"href":"https:\/\/www.jubi24.com\/index.php?rest_route=\/wp\/v2\/posts"}],"about":[{"href":"https:\/\/www.jubi24.com\/index.php?rest_route=\/wp\/v2\/types\/post"}],"author":[{"embeddable":true,"href":"https:\/\/www.jubi24.com\/index.php?rest_route=\/wp\/v2\/users\/1"}],"replies":[{"embeddable":true,"href":"https:\/\/www.jubi24.com\/index.php?rest_route=%2Fwp%2Fv2%2Fcomments&post=23749"}],"version-history":[{"count":1,"href":"https:\/\/www.jubi24.com\/index.php?rest_route=\/wp\/v2\/posts\/23749\/revisions"}],"predecessor-version":[{"id":23751,"href":"https:\/\/www.jubi24.com\/index.php?rest_route=\/wp\/v2\/posts\/23749\/revisions\/23751"}],"wp:featuredmedia":[{"embeddable":true,"href":"https:\/\/www.jubi24.com\/index.php?rest_route=\/wp\/v2\/media\/23750"}],"wp:attachment":[{"href":"https:\/\/www.jubi24.com\/index.php?rest_route=%2Fwp%2Fv2%2Fmedia&parent=23749"}],"wp:term":[{"taxonomy":"category","embeddable":true,"href":"https:\/\/www.jubi24.com\/index.php?rest_route=%2Fwp%2Fv2%2Fcategories&post=23749"},{"taxonomy":"post_tag","embeddable":true,"href":"https:\/\/www.jubi24.com\/index.php?rest_route=%2Fwp%2Fv2%2Ftags&post=23749"}],"curies":[{"name":"wp","href":"https:\/\/api.w.org\/{rel}","templated":true}]}}