{"id":28717,"date":"2026-04-26T10:20:29","date_gmt":"2026-04-26T10:20:29","guid":{"rendered":"https:\/\/www.jubi24.com\/?p=28717"},"modified":"2026-04-26T10:20:32","modified_gmt":"2026-04-26T10:20:32","slug":"sorana-s-a-antrenat-pe-bernabeu-iar-colega-din-circuit-nu-s-a-putut-abtine-ai-corpul-ideal","status":"publish","type":"post","link":"https:\/\/www.jubi24.com\/?p=28717","title":{"rendered":"Sorana s-a antrenat pe \u201eBernabeu\u201d, iar colega din circuit nu s-a putut ab\u021bine: \u201eAi corpul ideal\u201d"},"content":{"rendered":"<p><br \/>\n<br \/>\n            Articol de <a rel=\"author\" href=\"https:\/\/www.gsp.ro\/autor\/andra-mocanu-3954.html\">Andra Mocanu<\/a>            &#8211; Publicat sambata, 25 aprilie 2026 22:04            \/ Actualizat sambata, 25 aprilie 2026 22:13<\/p>\n<p><strong>Sorana C\u00eerstea (36 de ani, locul 26 WTA) s-a antrenat ast\u0103zi, \u00een a\u0219teptarea duelului cu Coco Gauff la Madrid, pe legendarul stadion \u201eSantiago Bernabeu\u201d, casa lui Real.<\/strong><\/p>\n<div>\n<p class=\"do-not-hide\">Sorana \u0219i-a \u00eenceput ideal parcursul la Madrid, victorie \u00een dou\u0103 seturi cu Tyra Caterina Grant, 6-2, 7-6 (5). Urmeaz\u0103 un duel mult mai dificil, contra num\u0103rului 3 mondial, Coco Gauff, juc\u0103toare care a \u00eenvins-o \u00een ambele \u201edirecte\u201d precedente.<\/p>\n<p class=\"do-not-hide\">\u00cen a\u0219teptarea duelului de duminic\u0103, Sorana s-a preg\u0103tit pe terenul de antrenament instalat pe legendarul stadion \u201eSantiago Bernabeu\u201d, casa lui Real Madrid.<\/p>\n<p>Sorana a marcat momentul cu o serie de fotografii \u0219i un clip \u00een care exerseaz\u0103 c\u00e2teva lovituri.<\/p>\n<h2>Dup\u0103 antrenamentul pe \u201eBernabeu\u201d, Sorana C\u00eerstea a fost complimentat\u0103 de Belinda Bencic: \u201eCorpul ideal\u201d<\/h2>\n<div class=\"gallery-in-article \">\n                    <a href=\"https:\/\/www.gsp.ro\/sporturi\/tenis\/sorana-cirstea-antrenament-pe-santiago-bernabeu-931628-galerie-foto-pic-1728361.html?sourcearticle=931630\" class=\"thumb gallery-in-article__main\"><\/p>\n<p>                    <\/a>\n                    <\/div>\n<p>Sorana a purtat un echipament din dou\u0103 piese, colan\u021bi \u0219i tricou de culoare turcoaz, \u0219i a primit un compliment inedit din partea unei colege de circuit, elve\u021bianca Belinda Bencic.<\/p>\n<p>\u201eBody goals\u201d, a scris ocupanta locului 12 mondial, ceea ce ar putea fi tradus prin \u201ecorpul ideal\u201d.<\/p>\n<blockquote class=\"instagram-media\" data-instgrm-captioned=\"\" data-instgrm-permalink=\"https:\/\/www.instagram.com\/p\/DXjybmyEXOK\/?utm_source=ig_embed&amp;utm_campaign=loading\" data-instgrm-version=\"14\" style=\"background:#FFF;border:0;border-radius:3px;margin: 1px;max-width:540px;min-width:326px;padding:0;width:99.375%;width:-webkit-calc(100% - 2px);width:calc(100% - 2px)\" \/>\n<p>\u00cenainte s\u0103 intre pe teren contra lui Coco Gauff, <a target=\"_blank\" class=\"editor-link\" href=\"https:\/\/www.gsp.ro\/sporturi\/tenis\/sorana-cirstea-versus-coco-gauff-in-turul-3-al-turneului-de-la-madrid-in-deschiderea-programului-de-pe-terenul-central-931586.html\"><strong>Sorana a admis<\/strong><\/a>, \u00een dialog cu GSP, c\u0103 se a\u0219teapt\u0103 la \u201eun meci complicat\u201d.<\/p>\n<p>\u201eO \u0219tiu destul de bine din punct de vedere tactic, \u0219i ea m\u0103 cunoa\u0219te, normal. \u0218tiu c\u0103 joac\u0103 un pic mai bine pe zgur\u0103, a\u0219a c\u0103 va fi sigur un meci dificil. \u00cei plac condi\u021biile de aici, se mi\u0219c\u0103 extrem de bine, serve\u0219te bine. \u00cen acela\u0219i timp, vom vedea cum voi fi eu. Mi-a\u0219 dori s\u0103 am mai multe zile de antrenament aici, s\u0103 m\u0103 obi\u0219nuiesc cu condi\u021biile\u201d, a ad\u0103ugat rom\u00e2nca.<\/p><\/div>\n<p><a href=\"\/\/www.instagram.com\/embed.js\">\/\/www.instagram.com\/embed.js<\/a><br \/>\n<br \/><br \/>\n<br \/><a href=\"https:\/\/www.gsp.ro\/sporturi\/tenis\/sorana-cirstea-antrenament-santiago-bernabeu-madrid-931630.html\">Source link <\/a><\/p>\n","protected":false},"excerpt":{"rendered":"<p>Articol de Andra Mocanu &#8211; Publicat sambata, 25 aprilie 2026 22:04 \/ Actualizat sambata, 25 aprilie 2026 22:13 Sorana C\u00eerstea (36 de ani, locul 26 WTA) s-a antrenat ast\u0103zi, \u00een a\u0219teptarea duelului cu Coco Gauff la Madrid, pe legendarul stadion \u201eSantiago Bernabeu\u201d, casa lui Real. Sorana \u0219i-a \u00eenceput ideal parcursul la Madrid, victorie \u00een dou\u0103 &#8230; <a title=\"Sorana s-a antrenat pe \u201eBernabeu\u201d, iar colega din circuit nu s-a putut ab\u021bine: \u201eAi corpul ideal\u201d\" class=\"read-more\" href=\"https:\/\/www.jubi24.com\/?p=28717\" aria-label=\"Read more about Sorana s-a antrenat pe \u201eBernabeu\u201d, iar colega din circuit nu s-a putut ab\u021bine: \u201eAi corpul ideal\u201d\">Read more<\/a><\/p>\n","protected":false},"author":1,"featured_media":28718,"comment_status":"open","ping_status":"open","sticky":false,"template":"","format":"standard","meta":{"fifu_image_url":"","fifu_image_alt":"","_jetpack_memberships_contains_paid_content":false,"footnotes":"","jetpack_publicize_message":"","jetpack_publicize_feature_enabled":true,"jetpack_social_post_already_shared":true,"jetpack_social_options":{"image_generator_settings":{"template":"highway","default_image_id":0,"font":"","enabled":false},"version":2}},"categories":[1],"tags":[],"class_list":["post-28717","post","type-post","status-publish","format-standard","has-post-thumbnail","hentry","category-uncategorized"],"jetpack_publicize_connections":[],"jetpack_featured_media_url":"https:\/\/www.jubi24.com\/wp-content\/uploads\/2026\/04\/Sorana-s-a-antrenat-pe-\u201eBernabeu-iar-colega-din-circuit-nu.jpg","jetpack_sharing_enabled":true,"_links":{"self":[{"href":"https:\/\/www.jubi24.com\/index.php?rest_route=\/wp\/v2\/posts\/28717","targetHints":{"allow":["GET"]}}],"collection":[{"href":"https:\/\/www.jubi24.com\/index.php?rest_route=\/wp\/v2\/posts"}],"about":[{"href":"https:\/\/www.jubi24.com\/index.php?rest_route=\/wp\/v2\/types\/post"}],"author":[{"embeddable":true,"href":"https:\/\/www.jubi24.com\/index.php?rest_route=\/wp\/v2\/users\/1"}],"replies":[{"embeddable":true,"href":"https:\/\/www.jubi24.com\/index.php?rest_route=%2Fwp%2Fv2%2Fcomments&post=28717"}],"version-history":[{"count":1,"href":"https:\/\/www.jubi24.com\/index.php?rest_route=\/wp\/v2\/posts\/28717\/revisions"}],"predecessor-version":[{"id":28719,"href":"https:\/\/www.jubi24.com\/index.php?rest_route=\/wp\/v2\/posts\/28717\/revisions\/28719"}],"wp:featuredmedia":[{"embeddable":true,"href":"https:\/\/www.jubi24.com\/index.php?rest_route=\/wp\/v2\/media\/28718"}],"wp:attachment":[{"href":"https:\/\/www.jubi24.com\/index.php?rest_route=%2Fwp%2Fv2%2Fmedia&parent=28717"}],"wp:term":[{"taxonomy":"category","embeddable":true,"href":"https:\/\/www.jubi24.com\/index.php?rest_route=%2Fwp%2Fv2%2Fcategories&post=28717"},{"taxonomy":"post_tag","embeddable":true,"href":"https:\/\/www.jubi24.com\/index.php?rest_route=%2Fwp%2Fv2%2Ftags&post=28717"}],"curies":[{"name":"wp","href":"https:\/\/api.w.org\/{rel}","templated":true}]}}