{"id":28732,"date":"2026-04-26T13:23:27","date_gmt":"2026-04-26T13:23:27","guid":{"rendered":"https:\/\/www.jubi24.com\/?p=28732"},"modified":"2026-04-26T13:23:31","modified_gmt":"2026-04-26T13:23:31","slug":"stuttgart-mit-champions-league-ansage-die-aufstellungen-zum-spiel-gegen-werder","status":"publish","type":"post","link":"https:\/\/www.jubi24.com\/?p=28732","title":{"rendered":"Stuttgart mit Champions-League-Ansage? Die Aufstellungen zum Spiel gegen Werder"},"content":{"rendered":"<p><br \/>\n<\/p>\n<div><strong>Der VfB Stuttgart spielt am heutigen Sonntag zuhause gegen Werder Bremen. Die Schwaben wollen im Kampf um die Champions League einen wichtigen Schritt machen. Zuletzt verlor man mit 2:4 in M\u00fcnchen, kam dann aber dramatisch im Pokal gegen Freiburg weiter.\u00a0<\/strong><\/p>\n<p>Es ist ein echtes Traditionsduell. Zum 114. Mal treffen der VfB und Werder in der Bundesliga aufeinander. H\u00e4ufiger begegneten sich nur Bayern und Bremen (118 Spiele) sowie Bayern und Gladbach (116 Spiele) in der Ligahistorie. F\u00fcr die Hausherren ist es aus einem zweiten Grund eine Partie historischen Ausma\u00dfes: Es wird das 1000. Bundesliga-Heimspiel des VfB sein.<\/p>\n<h2>Stuttgart will gegen Bremen keine Zweifel aufkommen lassen<\/h2>\n<p>Die Schwaben wollen hier unbedingt gewinnen und die drei Punkte mitnehmen. Stuttgart hat Europa sicher, jetzt kann das Bundesliga-Ziel nur die Qualifikation f\u00fcr die Champions League sein. Der aktuelle 4. Tabellenplatz reicht Stuttgart sicher, aber wenn Deutschland dank seiner internationalen Halbfinalisten Bayern und Freiburg noch zur zweitbesten Nation dieser Saison wird (aktuell Platz drei), reicht am Ende bereits Platz f\u00fcnf in der Bundesliga. Darauf verlassen will man sich aber nicht.<\/p>\n<figure id=\"attachment_1448196\" aria-describedby=\"caption-attachment-1448196\" style=\"width: 1468px\" class=\"wp-caption alignnone\"><a href=\"https:\/\/www.jubi24.com\/wp-content\/uploads\/2026\/04\/vfb-stuttgart-v-sport-club-freiburg-dfb-cup-semifinal-2-scaled.jpg\"><\/a><figcaption id=\"caption-attachment-1448196\" class=\"wp-caption-text\">Foto: Getty Images<\/figcaption><\/figure>\n<p>\u201eGegen einen Gegner, der um den Klassenerhalt k\u00e4mpft und dementsprechend alles investieren wird, brauchen wir einmal mehr die volle Intensit\u00e4t in unserem Spiel, um eine gute Leistung abrufen zu k\u00f6nnen\u201c, sagte VfB-Coach Sebastian Hoene\u00df im Vorfeld der Partie.<\/p>\n<p>Mittlerweile sind die Aufstellungen bekannt. Die Schwaben rotieren ein wenig, aber es stehen trotzdem hochkar\u00e4tige Spieler wie Deniz Undav, Jamie Leweling oder Angelo Stiller in der Startelf. Werder setzt derweil auf eine F\u00fcnferkette und will vor allem das Zentrum schlie\u00dfen.<\/p>\n<h2>Die Aufstellungen im \u00dcberblick<\/h2>\n<p>VfB Stuttgart: N\u00fcbel, Assignon, Jacquez, Zagadou, Mittelst\u00e4dt, Andres, Stiller, El Khannouss, Leweling, Tomas, Undav<\/p>\n<p>Werder Bremen: Backhaus, Sugawara, Stark, Pieper, Coulibaly, Deman, Stage, Lynen, Schmidt, Puertas, Milosevic<\/p>\n<div id=\"wp-worthy-pixel\"><img decoding=\"async\" class=\"wp-worthy-pixel-img skip-lazy \" src=\"https:\/\/www.jubi24.com\/wp-content\/uploads\/2026\/04\/2df0d7d2679f4809bb461e3085098edf.gif\" loading=\"eager\" data-no-lazy=\"1\" data-skip-lazy=\"1\" height=\"1\" width=\"1\" alt=\"\" \/><\/div>\n<p> <span id=\"tbmarker\" \/><\/div>\n<p><br \/>\n<br \/><a href=\"https:\/\/neunzigplus.de\/bundesliga\/stuttgart-mit-champions-league-ansage-die-aufstellungen-zum-spiel-gegen-werder\/\">Source link <\/a><\/p>\n","protected":false},"excerpt":{"rendered":"<p>Der VfB Stuttgart spielt am heutigen Sonntag zuhause gegen Werder Bremen. Die Schwaben wollen im Kampf um die Champions League einen wichtigen Schritt machen. Zuletzt verlor man mit 2:4 in M\u00fcnchen, kam dann aber dramatisch im Pokal gegen Freiburg weiter.\u00a0 Es ist ein echtes Traditionsduell. Zum 114. Mal treffen der VfB und Werder in der &#8230; <a title=\"Stuttgart mit Champions-League-Ansage? Die Aufstellungen zum Spiel gegen Werder\" class=\"read-more\" href=\"https:\/\/www.jubi24.com\/?p=28732\" aria-label=\"Read more about Stuttgart mit Champions-League-Ansage? Die Aufstellungen zum Spiel gegen Werder\">Read more<\/a><\/p>\n","protected":false},"author":1,"featured_media":28733,"comment_status":"open","ping_status":"open","sticky":false,"template":"","format":"standard","meta":{"fifu_image_url":"","fifu_image_alt":"","_jetpack_memberships_contains_paid_content":false,"footnotes":"","jetpack_publicize_message":"","jetpack_publicize_feature_enabled":true,"jetpack_social_post_already_shared":true,"jetpack_social_options":{"image_generator_settings":{"template":"highway","default_image_id":0,"font":"","enabled":false},"version":2}},"categories":[1],"tags":[],"class_list":["post-28732","post","type-post","status-publish","format-standard","has-post-thumbnail","hentry","category-uncategorized"],"jetpack_publicize_connections":[],"jetpack_featured_media_url":"https:\/\/www.jubi24.com\/wp-content\/uploads\/2026\/04\/Stuttgart-mit-Champions-League-Ansage-Die-Aufstellungen-zum-Spiel-gegen-Werder.jpg","jetpack_sharing_enabled":true,"_links":{"self":[{"href":"https:\/\/www.jubi24.com\/index.php?rest_route=\/wp\/v2\/posts\/28732","targetHints":{"allow":["GET"]}}],"collection":[{"href":"https:\/\/www.jubi24.com\/index.php?rest_route=\/wp\/v2\/posts"}],"about":[{"href":"https:\/\/www.jubi24.com\/index.php?rest_route=\/wp\/v2\/types\/post"}],"author":[{"embeddable":true,"href":"https:\/\/www.jubi24.com\/index.php?rest_route=\/wp\/v2\/users\/1"}],"replies":[{"embeddable":true,"href":"https:\/\/www.jubi24.com\/index.php?rest_route=%2Fwp%2Fv2%2Fcomments&post=28732"}],"version-history":[{"count":1,"href":"https:\/\/www.jubi24.com\/index.php?rest_route=\/wp\/v2\/posts\/28732\/revisions"}],"predecessor-version":[{"id":28734,"href":"https:\/\/www.jubi24.com\/index.php?rest_route=\/wp\/v2\/posts\/28732\/revisions\/28734"}],"wp:featuredmedia":[{"embeddable":true,"href":"https:\/\/www.jubi24.com\/index.php?rest_route=\/wp\/v2\/media\/28733"}],"wp:attachment":[{"href":"https:\/\/www.jubi24.com\/index.php?rest_route=%2Fwp%2Fv2%2Fmedia&parent=28732"}],"wp:term":[{"taxonomy":"category","embeddable":true,"href":"https:\/\/www.jubi24.com\/index.php?rest_route=%2Fwp%2Fv2%2Fcategories&post=28732"},{"taxonomy":"post_tag","embeddable":true,"href":"https:\/\/www.jubi24.com\/index.php?rest_route=%2Fwp%2Fv2%2Ftags&post=28732"}],"curies":[{"name":"wp","href":"https:\/\/api.w.org\/{rel}","templated":true}]}}