{"id":29109,"date":"2026-04-29T18:44:32","date_gmt":"2026-04-29T18:44:32","guid":{"rendered":"https:\/\/www.jubi24.com\/?p=29109"},"modified":"2026-04-29T18:44:35","modified_gmt":"2026-04-29T18:44:35","slug":"num-mar-de-certezas-e-numa-mare-de-duvidas-navega-o-onze-do-sporting","status":"publish","type":"post","link":"https:\/\/www.jubi24.com\/?p=29109","title":{"rendered":"Num mar de certezas e numa mar\u00e9 de d\u00favidas navega o onze do Sporting"},"content":{"rendered":"<p><br \/>\n<\/p>\n<div>\n<div class=\"relative flex w-full flex-row justify-between bg-black p-4\">\n<p>                                    <span class=\"text-base font-normal leading-5 text-white\"><br \/>\n                                        <span \/><br \/>\n                                        \/ 11<br \/>\n                                    <\/span><br \/>\n                                    <span class=\"text-sm font-normal leading-5 text-neutral-200\"><br \/>\n                                        Rui Silva est\u00e1 de pedra e cal na baliza (Foto IMAGO)<br \/>\n                                    <\/span><\/p><\/div>\n<p>                                                    <img decoding=\"async\" class=\"max-w-295 h-full w-full select-none rounded-t object-contain object-center\" src=\"https:\/\/www.jubi24.com\/wp-content\/uploads\/2026\/04\/9c9c3bd0-79b7-44a7-ae41-898a03fe2b5a.jpg\" alt=\"Salvador Blopa enfrenta nova paragem entre quatro a seis semanas - Foto: IMAGO\" loading=\"lazy\" \/><\/p>\n<div class=\"relative flex w-full flex-row justify-between bg-black p-4\">\n<p>                                    <span class=\"text-base font-normal leading-5 text-white\"><br \/>\n                                        <span \/><br \/>\n                                        \/ 11<br \/>\n                                    <\/span><br \/>\n                                    <span class=\"text-sm font-normal leading-5 text-neutral-200\"><br \/>\n                                        Salvador Blopa pode ser a grande surpresa na lateral direita (Foto IMAGO)<br \/>\n                                    <\/span><\/p><\/div>\n<p>                                                    <img decoding=\"async\" class=\"max-w-295 h-full w-full select-none rounded-t object-contain object-center\" src=\"https:\/\/www.jubi24.com\/wp-content\/uploads\/2026\/04\/32cbc923-014b-4055-9344-c83162047f62.jpeg\" alt=\"Eduardo Quaresma foi titular no Emirates com o Arsenal\" loading=\"lazy\" \/><\/p>\n<div class=\"relative flex w-full flex-row justify-between bg-black p-4\">\n<div class=\"flex flex-col gap-y-3.5\">\n                                    <span class=\"text-base font-normal leading-5 text-white\"><br \/>\n                                        <span \/><br \/>\n                                        \/ 11<br \/>\n                                    <\/span><br \/>\n                                    <span class=\"text-sm font-normal leading-5 text-neutral-200\"><br \/>\n                                        Eduardo Quaresma est\u00e1 indicado ao onze mas no centro da defesa (Foto IMAGO) &#8211; Foto: <a href=\"https:\/\/www.imago-images.com\/sp\/1076136391\" target=\"_blank\" rel=\"noopener noreferrer\">IMAGO<\/a><br \/>\n                                        <\/span>\n                                <\/div>\n<\/p><\/div>\n<p>                                                    <img decoding=\"async\" class=\"max-w-295 h-full w-full select-none rounded-t object-contain object-center\" src=\"https:\/\/www.jubi24.com\/wp-content\/uploads\/2026\/04\/4634e083-bfb3-4f91-b6d0-bfc1b6b675ca.jpg\" alt=\"\" loading=\"lazy\" \/><\/p>\n<div class=\"relative flex w-full flex-row justify-between bg-black p-4\">\n<p>                                    <span class=\"text-base font-normal leading-5 text-white\"><br \/>\n                                        <span \/><br \/>\n                                        \/ 11<br \/>\n                                    <\/span><br \/>\n                                    <span class=\"text-sm font-normal leading-5 text-neutral-200\"><br \/>\n                                        Sem Gon\u00e7alo In\u00e1cio, a aposta passar\u00e1 pela entrada de Debast para o eixo  (Foto IMAGO)<br \/>\n                                    <\/span><\/p><\/div>\n<p>                                                    <img decoding=\"async\" class=\"max-w-295 h-full w-full select-none rounded-t object-contain object-center\" src=\"https:\/\/www.jubi24.com\/wp-content\/uploads\/2026\/04\/0074e05f-cccc-4cc5-81ae-63a3520b8099.jpeg\" alt=\"\" loading=\"lazy\" \/><\/p>\n<div class=\"relative flex w-full flex-row justify-between bg-black p-4\">\n<div class=\"flex flex-col gap-y-3.5\">\n                                    <span class=\"text-base font-normal leading-5 text-white\"><br \/>\n                                        <span \/><br \/>\n                                        \/ 11<br \/>\n                                    <\/span><br \/>\n                                    <span class=\"text-sm font-normal leading-5 text-neutral-200\"><br \/>\n                                        Maxi Ara\u00fajo ganhou f\u00f4lego nas Aves e aponta \u00e0 esquerda da defesa (Foto IMAGO) &#8211; Foto: <a href=\"https:\/\/www.imago-images.com\/sp\/1074834986\" target=\"_blank\" rel=\"noopener noreferrer\">IMAGO<\/a><br \/>\n                                        <\/span>\n                                <\/div>\n<\/p><\/div>\n<p>                                                    <img decoding=\"async\" class=\"max-w-295 h-full w-full select-none rounded-t object-contain object-center\" src=\"https:\/\/www.jubi24.com\/wp-content\/uploads\/2026\/04\/da4ec171-d5d6-4685-8554-5dbd570eb6d3.jpg\" alt=\"Morita foi o melhor jogador do Sporting. Foto Miguel Nunes\" loading=\"lazy\" \/><\/p>\n<div class=\"relative flex w-full flex-row justify-between bg-black p-4\">\n<p>                                    <span class=\"text-base font-normal leading-5 text-white\"><br \/>\n                                        <span \/><br \/>\n                                        \/ 11<br \/>\n                                    <\/span><br \/>\n                                    <span class=\"text-sm font-normal leading-5 text-neutral-200\"><br \/>\n                                        Morita continuar\u00e1 a merecer a confian\u00e7a de Rui Borges (Foto Miguel Nunes)<br \/>\n                                    <\/span><\/p><\/div>\n<p>                                                    <img decoding=\"async\" class=\"max-w-295 h-full w-full select-none rounded-t object-contain object-center\" src=\"https:\/\/www.jubi24.com\/wp-content\/uploads\/2026\/04\/fc6fee37-4e20-49dc-8c0f-fbb6af3a827e.jpg\" alt=\"\" loading=\"lazy\" \/><\/p>\n<div class=\"relative flex w-full flex-row justify-between bg-black p-4\">\n<p>                                    <span class=\"text-base font-normal leading-5 text-white\"><br \/>\n                                        <span \/><br \/>\n                                        \/ 11<br \/>\n                                    <\/span><br \/>\n                                    <span class=\"text-sm font-normal leading-5 text-neutral-200\"><br \/>\n                                        Kochorashvili em a\u00e7\u00e3o no jogo entre o Aves SAD e o Sporting (Foto Manuel Fernando Ara\u00fajo\/LUSA)<br \/>\n                                    <\/span><\/p><\/div>\n<p>                                                    <img decoding=\"async\" class=\"max-w-295 h-full w-full select-none rounded-t object-contain object-center\" src=\"https:\/\/www.jubi24.com\/wp-content\/uploads\/2026\/04\/7e314446-de3b-456a-b185-fea6002e6c25.jpeg\" alt=\"\" loading=\"lazy\" \/><\/p>\n<div class=\"relative flex w-full flex-row justify-between bg-black p-4\">\n<p>                                    <span class=\"text-base font-normal leading-5 text-white\"><br \/>\n                                        <span \/><br \/>\n                                        \/ 11<br \/>\n                                    <\/span><br \/>\n                                    <span class=\"text-sm font-normal leading-5 text-neutral-200\"><br \/>\n                                        Geny Catamo &#8216;apanha boleia&#8217; para retornar \u00e0 titularidade (Foto IMAGO)<br \/>\n                                    <\/span><\/p><\/div>\n<p>                                                    <img decoding=\"async\" class=\"max-w-295 h-full w-full select-none rounded-t object-contain object-center\" src=\"https:\/\/www.jubi24.com\/wp-content\/uploads\/2026\/04\/f5ff06cb-9034-48a6-aff2-7d24cf810b8a.jpeg\" alt=\"\" loading=\"lazy\" \/><\/p>\n<div class=\"relative flex w-full flex-row justify-between bg-black p-4\">\n<div class=\"flex flex-col gap-y-3.5\">\n                                    <span class=\"text-base font-normal leading-5 text-white\"><br \/>\n                                        <span \/><br \/>\n                                        \/ 11<br \/>\n                                    <\/span><br \/>\n                                    <span class=\"text-sm font-normal leading-5 text-neutral-200\"><br \/>\n                                        Trinc\u00e3o dever\u00e1 ser o escolhido para a posi\u00e7\u00e3o 10 (Foto IMAGO) &#8211; Foto: <a href=\"https:\/\/www.imago-images.com\/sp\/1076479963\" target=\"_blank\" rel=\"noopener noreferrer\">IMAGO<\/a><br \/>\n                                        <\/span>\n                                <\/div>\n<\/p><\/div>\n<p>                                                    <img decoding=\"async\" class=\"max-w-295 h-full w-full select-none rounded-t object-contain object-center\" src=\"https:\/\/www.jubi24.com\/wp-content\/uploads\/2026\/04\/34e3a2ac-e1c2-4a0a-81ed-0c9e8c9f4f84.jpg\" alt=\"Pedro Gon\u00e7alves, apesar do momento de menor fulgor, tem presen\u00e7a confirmada no onze para atacar o Benfica - Foto: IMAGO\" loading=\"lazy\" \/><\/p>\n<div class=\"relative flex w-full flex-row justify-between bg-black p-4\">\n<p>                                    <span class=\"text-base font-normal leading-5 text-white\"><br \/>\n                                        <span \/><br \/>\n                                        \/ 11<br \/>\n                                    <\/span><br \/>\n                                    <span class=\"text-sm font-normal leading-5 text-neutral-200\"><br \/>\n                                        Pedro Gon\u00e7alves, apesar do momento de menor fulgor, pode  carimbar posi\u00e7\u00e3o para voltar ao onze (Foto IMAGO)<br \/>\n                                    <\/span><\/p><\/div>\n<p>                                                    <img decoding=\"async\" class=\"max-w-295 h-full w-full select-none rounded-t object-contain object-center\" src=\"https:\/\/www.jubi24.com\/wp-content\/uploads\/2026\/04\/6aac073a-f257-4b6b-a150-cff0e5577de8.jpeg\" alt=\"\" loading=\"lazy\" \/><\/p>\n<div class=\"relative flex w-full flex-row justify-between bg-black p-4\">\n<div class=\"flex flex-col gap-y-3.5\">\n                                    <span class=\"text-base font-normal leading-5 text-white\"><br \/>\n                                        <span \/><br \/>\n                                        \/ 11<br \/>\n                                    <\/span><br \/>\n                                    <span class=\"text-sm font-normal leading-5 text-neutral-200\"><br \/>\n                                        Luis Su\u00e1rez est\u00e1 muito desgastado mas \u00e9 op\u00e7\u00e3o primordial  para o ataque (Foto IMAGO) &#8211; Foto: <a href=\"https:\/\/www.imago-images.com\/sp\/1076392119\" target=\"_blank\" rel=\"noopener noreferrer\">IMAGO<\/a><br \/>\n                                        <\/span>\n                                <\/div>\n<\/p><\/div>\n<\/p><\/div>\n<p><br \/>\n<br \/><a href=\"https:\/\/www.abola.pt\/noticias\/num-mar-de-certezas-e-numa-mare-de-duvidas-navega-o-onze-do-sporting-2026042822261401378\">Source link <\/a><\/p>\n","protected":false},"excerpt":{"rendered":"<p>\/ 11 Rui Silva est\u00e1 de pedra e cal na baliza (Foto IMAGO) \/ 11 Salvador Blopa pode ser a grande surpresa na lateral direita (Foto IMAGO) \/ 11 Eduardo Quaresma est\u00e1 indicado ao onze mas no centro da defesa (Foto IMAGO) &#8211; Foto: IMAGO \/ 11 Sem Gon\u00e7alo In\u00e1cio, a aposta passar\u00e1 pela entrada &#8230; <a title=\"Num mar de certezas e numa mar\u00e9 de d\u00favidas navega o onze do Sporting\" class=\"read-more\" href=\"https:\/\/www.jubi24.com\/?p=29109\" aria-label=\"Read more about Num mar de certezas e numa mar\u00e9 de d\u00favidas navega o onze do Sporting\">Read more<\/a><\/p>\n","protected":false},"author":1,"featured_media":29110,"comment_status":"open","ping_status":"open","sticky":false,"template":"","format":"standard","meta":{"fifu_image_url":"","fifu_image_alt":"","_jetpack_memberships_contains_paid_content":false,"footnotes":"","jetpack_publicize_message":"","jetpack_publicize_feature_enabled":true,"jetpack_social_post_already_shared":true,"jetpack_social_options":{"image_generator_settings":{"template":"highway","default_image_id":0,"font":"","enabled":false},"version":2}},"categories":[1],"tags":[],"class_list":["post-29109","post","type-post","status-publish","format-standard","has-post-thumbnail","hentry","category-uncategorized"],"jetpack_publicize_connections":[],"jetpack_featured_media_url":"https:\/\/www.jubi24.com\/wp-content\/uploads\/2026\/04\/Num-mar-de-certezas-e-numa-mare-de-duvidas-navega.jpg","jetpack_sharing_enabled":true,"_links":{"self":[{"href":"https:\/\/www.jubi24.com\/index.php?rest_route=\/wp\/v2\/posts\/29109","targetHints":{"allow":["GET"]}}],"collection":[{"href":"https:\/\/www.jubi24.com\/index.php?rest_route=\/wp\/v2\/posts"}],"about":[{"href":"https:\/\/www.jubi24.com\/index.php?rest_route=\/wp\/v2\/types\/post"}],"author":[{"embeddable":true,"href":"https:\/\/www.jubi24.com\/index.php?rest_route=\/wp\/v2\/users\/1"}],"replies":[{"embeddable":true,"href":"https:\/\/www.jubi24.com\/index.php?rest_route=%2Fwp%2Fv2%2Fcomments&post=29109"}],"version-history":[{"count":1,"href":"https:\/\/www.jubi24.com\/index.php?rest_route=\/wp\/v2\/posts\/29109\/revisions"}],"predecessor-version":[{"id":29111,"href":"https:\/\/www.jubi24.com\/index.php?rest_route=\/wp\/v2\/posts\/29109\/revisions\/29111"}],"wp:featuredmedia":[{"embeddable":true,"href":"https:\/\/www.jubi24.com\/index.php?rest_route=\/wp\/v2\/media\/29110"}],"wp:attachment":[{"href":"https:\/\/www.jubi24.com\/index.php?rest_route=%2Fwp%2Fv2%2Fmedia&parent=29109"}],"wp:term":[{"taxonomy":"category","embeddable":true,"href":"https:\/\/www.jubi24.com\/index.php?rest_route=%2Fwp%2Fv2%2Fcategories&post=29109"},{"taxonomy":"post_tag","embeddable":true,"href":"https:\/\/www.jubi24.com\/index.php?rest_route=%2Fwp%2Fv2%2Ftags&post=29109"}],"curies":[{"name":"wp","href":"https:\/\/api.w.org\/{rel}","templated":true}]}}