{"id":29124,"date":"2026-04-29T21:47:36","date_gmt":"2026-04-29T21:47:36","guid":{"rendered":"https:\/\/www.jubi24.com\/?p=29124"},"modified":"2026-04-29T21:47:38","modified_gmt":"2026-04-29T21:47:38","slug":"gilbert-montagne-evoque-le-mariage-entre-son-fils-et-sa-belle-fille","status":"publish","type":"post","link":"https:\/\/www.jubi24.com\/?p=29124","title":{"rendered":"Gilbert Montagn\u00e9 \u00e9voque le mariage entre son fils et sa belle-fille"},"content":{"rendered":"<p><br \/>\n<\/p>\n<div>\n<p>Le chanteur <a href=\"https:\/\/www.asatunews.co.id\/fr\/tag\/gilbert-montagn%C3%A9\" title=\"Gilbert Montagn\u00e9\">Gilbert Montagn\u00e9<\/a> a r\u00e9v\u00e9l\u00e9, lors de l&#8217;\u00e9mission Un dimanche \u00e0 la campagne diffus\u00e9e le dimanche 26 avril 2026 sur France 2, que son fils \u00c9ric et sa belle-fille C\u00e9cile se sont mari\u00e9s apr\u00e8s un coup de foudre impr\u00e9vu au sein de leur <a href=\"https:\/\/www.asatunews.co.id\/fr\/tag\/famille\" title=\"famille\">famille<\/a> recompos\u00e9e.<\/p>\n<p>L&#8217;interpr\u00e8te des Sunlights des tropiques, \u00e2g\u00e9 de 74 ans, a expliqu\u00e9 \u00e0 l&#8217;animateur Fr\u00e9d\u00e9ric Lopez que cette union entre les enfants n\u00e9s de pr\u00e9c\u00e9dentes relations a donn\u00e9 naissance \u00e0 deux petites filles. L&#8217;artiste partage sa vie avec son \u00e9pouse Nikole depuis plus de trois d\u00e9cennies.<\/p>\n<p><!-- setelah paragraf 2 --><\/p>\n<p>                    Le compositeur a d&#8217;abord tenu \u00e0 souligner l&#8217;influence majeure de sa compagne sur son \u00e9quilibre personnel et professionnel, pr\u00e9cisant qu&#8217;elle g\u00e8re notamment l&#8217;organisation de ses concerts.<\/p>\n<aside class=\"oduu-widget oduu-posts-related\" role=\"complementary\" aria-label=\"\u00c0 lire aussi\">&#013;<\/p>\n<div class=\"oduu-widget-content\">\n<div class=\"oduu-article-item\">\n<div class=\"oduu-article-image\"><\/div>\n<\/p><\/div>\n<\/p><\/div>\n<p>&#013;<br \/>\n            <\/aside>\n<p>&#8220;Depuis que Nikole est arriv\u00e9e dans ma vie, \u00e7a a tout chang\u00e9. Je n&#8217;\u00e9tais jamais aussi serein qu&#8217;avec elle. Elle manage mes concerts, elle organise, et puis \u00e7a me touche beaucoup quand on aime Nikole parce qu&#8217;elle m\u00e9rite \u00e7a. Donc \u00e7a me touche&#8221;, a d\u00e9clar\u00e9 Gilbert Montagn\u00e9, selon les propos rapport\u00e9s par Femme Actuelle.<\/p>\n<p>Interrog\u00e9 sur la relation entre son fils \u00c9ric et C\u00e9cile, la fille de Nikole, l&#8217;artiste a admis avoir \u00e9t\u00e9 surpris par le d\u00e9veloppement de leur idylle au fil des ann\u00e9es.<\/p>\n<p>&#8220;\u00c7a, je ne l&#8217;ai pas vu venir. Ils se sont mari\u00e9s et ils ont fait deux petites filles que j&#8217;adore \u00e9videmment. J&#8217;ai sept petits-enfants, j&#8217;aime beaucoup jouer avec eux, \u00e0 cache-cache\u2026&#8221;, a pr\u00e9cis\u00e9 le chanteur lors de l&#8217;entretien t\u00e9l\u00e9vis\u00e9.<\/p>\n<aside class=\"oduu-widget oduu-posts-related\" role=\"complementary\" aria-label=\"\u00c0 lire aussi\">&#013;<\/p>\n<div class=\"oduu-widget-content\">\n<div class=\"oduu-article-item\">\n<div class=\"oduu-article-image\">\n                            <img loading=\"lazy\" decoding=\"async\" src=\"https:\/\/www.jubi24.com\/wp-content\/uploads\/2026\/04\/vfi1GzGuK7.jpeg\" alt=\"Estelle Lef\u00e9bure \u00e9voque son parcours et sa vie de grand-m\u00e8re\" width=\"75\" height=\"75\" loading=\"lazy\" \/>\n                        <\/div>\n<\/p><\/div>\n<\/p><\/div>\n<p>&#013;<br \/>\n            <\/aside>\n<p>Cette situation familiale singuli\u00e8re avait \u00e9t\u00e9 \u00e9voqu\u00e9e pr\u00e9c\u00e9demment par Nikole Montagn\u00e9 dans le magazine Gala. Elle y rappelait que C\u00e9cile avait 15 ans et \u00c9ric 20 ans au d\u00e9but de la vie commune du couple parental.<\/p>\n<p>&#8220;Quand nous avons commenc\u00e9 \u00e0 vivre ensemble, ma fille C\u00e9cile avait 15 ans, et \u00c9ric, le fils de Gilbert, avait 20 ans. Quelques ann\u00e9es plus tard ils se sont plu\u2026On ne s\u2019y attendait pas, la vie est folle&#8221;, a confi\u00e9 Nikole Montagn\u00e9.<\/p>\n<p>Le Journal des Femmes rapporte \u00e9galement que l&#8217;artiste a r\u00e9it\u00e9r\u00e9 son \u00e9tonnement face \u00e0 cette situation lors de son passage sur le plateau de France 2.<\/p>\n<aside class=\"oduu-widget oduu-posts-related\" role=\"complementary\" aria-label=\"\u00c0 lire aussi\">&#013;<\/p>\n<div class=\"oduu-widget-content\">\n<div class=\"oduu-article-item\">\n<div class=\"oduu-article-image\">\n                            <img loading=\"lazy\" decoding=\"async\" src=\"https:\/\/www.jubi24.com\/wp-content\/uploads\/2026\/04\/8EKqhFqaD4.jpeg\" alt=\"Sarah Poniatowski \u00e9voque son accouchement difficile et ses liens actuels\" width=\"75\" height=\"75\" loading=\"lazy\" \/>\n                        <\/div>\n<\/p><\/div>\n<\/p><\/div>\n<p>&#013;<br \/>\n            <\/aside>\n<p>&#8220;\u00c7a, je ne l&#8217;ai pas vu venir. Ce n&#8217;est pas des conneries. Et puis, ils se sont mari\u00e9s, ils ont fait deux petites filles, que j&#8217;adore \u00e9videmment&#8221;, a ajout\u00e9 l&#8217;interpr\u00e8te.<\/p>\n<p>En parall\u00e8le de ces confidences familiales, Gilbert Montagn\u00e9 poursuit sa carri\u00e8re musicale avec l&#8217;album L\u2019amour dans ses mains. Il a \u00e9galement clarifi\u00e9 r\u00e9cemment des anecdotes de voyage, d\u00e9mentant avoir fait du stop avec des retrait\u00e9s pour rejoindre un concert.<br \/>\n                <!-- AdSpaces - Post Content Sticky (After Content) --><\/p><\/div>\n<p><br \/>\n<br \/><a href=\"https:\/\/www.asatunews.co.id\/fr\/gilbert-montagne-mariage-enfants-recomposes\">Source link <\/a><\/p>\n","protected":false},"excerpt":{"rendered":"<p>Le chanteur Gilbert Montagn\u00e9 a r\u00e9v\u00e9l\u00e9, lors de l&#8217;\u00e9mission Un dimanche \u00e0 la campagne diffus\u00e9e le dimanche 26 avril 2026 sur France 2, que son fils \u00c9ric et sa belle-fille C\u00e9cile se sont mari\u00e9s apr\u00e8s un coup de foudre impr\u00e9vu au sein de leur famille recompos\u00e9e. L&#8217;interpr\u00e8te des Sunlights des tropiques, \u00e2g\u00e9 de 74 ans, &#8230; <a title=\"Gilbert Montagn\u00e9 \u00e9voque le mariage entre son fils et sa belle-fille\" class=\"read-more\" href=\"https:\/\/www.jubi24.com\/?p=29124\" aria-label=\"Read more about Gilbert Montagn\u00e9 \u00e9voque le mariage entre son fils et sa belle-fille\">Read more<\/a><\/p>\n","protected":false},"author":1,"featured_media":29125,"comment_status":"open","ping_status":"open","sticky":false,"template":"","format":"standard","meta":{"fifu_image_url":"","fifu_image_alt":"","_jetpack_memberships_contains_paid_content":false,"footnotes":"","jetpack_publicize_message":"","jetpack_publicize_feature_enabled":true,"jetpack_social_post_already_shared":true,"jetpack_social_options":{"image_generator_settings":{"template":"highway","default_image_id":0,"font":"","enabled":false},"version":2}},"categories":[1],"tags":[],"class_list":["post-29124","post","type-post","status-publish","format-standard","has-post-thumbnail","hentry","category-uncategorized"],"jetpack_publicize_connections":[],"jetpack_featured_media_url":"https:\/\/www.jubi24.com\/wp-content\/uploads\/2026\/04\/Gilbert-Montagne-evoque-le-mariage-entre-son-fils-et-sa.jpeg","jetpack_sharing_enabled":true,"_links":{"self":[{"href":"https:\/\/www.jubi24.com\/index.php?rest_route=\/wp\/v2\/posts\/29124","targetHints":{"allow":["GET"]}}],"collection":[{"href":"https:\/\/www.jubi24.com\/index.php?rest_route=\/wp\/v2\/posts"}],"about":[{"href":"https:\/\/www.jubi24.com\/index.php?rest_route=\/wp\/v2\/types\/post"}],"author":[{"embeddable":true,"href":"https:\/\/www.jubi24.com\/index.php?rest_route=\/wp\/v2\/users\/1"}],"replies":[{"embeddable":true,"href":"https:\/\/www.jubi24.com\/index.php?rest_route=%2Fwp%2Fv2%2Fcomments&post=29124"}],"version-history":[{"count":1,"href":"https:\/\/www.jubi24.com\/index.php?rest_route=\/wp\/v2\/posts\/29124\/revisions"}],"predecessor-version":[{"id":29126,"href":"https:\/\/www.jubi24.com\/index.php?rest_route=\/wp\/v2\/posts\/29124\/revisions\/29126"}],"wp:featuredmedia":[{"embeddable":true,"href":"https:\/\/www.jubi24.com\/index.php?rest_route=\/wp\/v2\/media\/29125"}],"wp:attachment":[{"href":"https:\/\/www.jubi24.com\/index.php?rest_route=%2Fwp%2Fv2%2Fmedia&parent=29124"}],"wp:term":[{"taxonomy":"category","embeddable":true,"href":"https:\/\/www.jubi24.com\/index.php?rest_route=%2Fwp%2Fv2%2Fcategories&post=29124"},{"taxonomy":"post_tag","embeddable":true,"href":"https:\/\/www.jubi24.com\/index.php?rest_route=%2Fwp%2Fv2%2Ftags&post=29124"}],"curies":[{"name":"wp","href":"https:\/\/api.w.org\/{rel}","templated":true}]}}