{"id":29514,"date":"2026-05-03T06:09:44","date_gmt":"2026-05-03T06:09:44","guid":{"rendered":"https:\/\/www.jubi24.com\/?p=29514"},"modified":"2026-05-03T06:09:47","modified_gmt":"2026-05-03T06:09:47","slug":"canelo-vuelve-por-la-corona-christian-mbilli-seria-su-rival-por-el-titulo-de-la-cmb","status":"publish","type":"post","link":"https:\/\/www.jubi24.com\/?p=29514","title":{"rendered":"Canelo vuelve por la corona, Christian Mbilli ser\u00eda su rival por el t\u00edtulo de la CMB"},"content":{"rendered":"<p><br \/>\n<\/p>\n<div id=\"\">\n<hr class=\"colorbar\" style=\"background:#009bff\" \/>\n<h2 class=\"display-5 subhead spacer-small\">Sa\u00fal \u2018Canelo\u2019 \u00c1lvarez regresar\u00eda al ring en septiembre ante Christian Mbilli, campe\u00f3n supermediano del CMB, en una pelea pactada para Riad, Arabia Saudita.<\/h2>\n<p>Sa\u00fal \u201cCanelo\u201d \u00c1lvarez ya tendr\u00eda encaminado su regreso al ring. El boxeador mexicano enfrentar\u00eda a Christian Mbilli en septiembre de 2026 en Riad, Arabia Saudita, en una pelea por el t\u00edtulo supermediano del Consejo Mundial de Boxeo (CMB), de acuerdo con<a href=\"https:\/\/www.milenio.com\/deportes\/boxeo\/canelo-alvarez-ya-tendria-rival-confirmado-para-su-pelea-de-septiembre\"> reportes de medios especializados.<\/a><\/p>\n<p>El combate marcar\u00eda el retorno de Canelo despu\u00e9s de su derrota ante Terence Crawford, una ca\u00edda que dej\u00f3 al tapat\u00edo fuera de la cima indiscutida de las 168 libras y abri\u00f3 una nueva etapa en su carrera. Ahora, el mexicano tendr\u00eda la oportunidad de disputar nuevamente un campeonato mundial ante un rival invicto y de perfil peligroso.<\/p>\n<div class=\"oembed-container\">\n<blockquote class=\"twitter-tweet\">\n<p lang=\"en\" dir=\"ltr\">\u203c BREAKING: Canelo Alvarez and Christian Mbilli have a done deal to fight in September in Riyadh for the WBC super middleweight championship, The Ring\u2019s <a href=\"https:\/\/twitter.com\/MikeCoppinger?ref_src=twsrc%5Etfw\">@MikeCoppinger<\/a> has learned.<\/p>\n<p>Canelo will attempt to regain a world title in his first fight since his loss to Terence\u2026 <a href=\"https:\/\/t.co\/GFagZYAIMF\">pic.twitter.com\/GFagZYAIMF<\/a><\/p>\n<p>\u2014 Ring Magazine (@ringmagazine) <a href=\"https:\/\/twitter.com\/ringmagazine\/status\/2049943790081769495?ref_src=twsrc%5Etfw\">April 30, 2026<\/a><\/p><\/blockquote>\n<\/div>\n<p>La pelea se celebrar\u00eda el 2 de septiembre en el marco de fin de semana cercano a las celebraciones de Independencia de M\u00e9xico, una fecha tradicionalmente importante para las grandes funciones encabezadas por Canelo.<\/p>\n<h2 class=\"presto-h2 wp-block-heading\">\u00bfQui\u00e9n es Christian Mbilli, rival del Canelo?<\/h2>\n<p>Christian Mbilli es un boxeador nacido en Camer\u00fan y con nacionalidad francesa\/canadiense, que llega como campe\u00f3n supermediano del CMB. Su r\u00e9cord se mantiene invicto con 29 victorias, 0 derrotas y 1 empate, adem\u00e1s de 24 nocauts, seg\u00fan reportes de medios especializados.<\/p>\n<p><em><strong>Noticias esenciales en espa\u00f1ol:\u00a0<\/strong><\/em><a href=\"https:\/\/profile.azcentral.com\/newsletters\/la-voz\/?ipid=lavoz\" target=\"_blank\" rel=\"noreferrer noopener\">Suscr\u00edbete al bolet\u00edn de La Voz<\/a><\/p>\n<p>Mbilli no es un rival de nombre tan medi\u00e1tico como otros posibles oponentes que han sonado para Canelo, pero s\u00ed representa una pelea de riesgo. Es un peleador agresivo, fuerte y con poder, caracter\u00edsticas que podr\u00edan convertir el combate en una prueba importantes para el mexicano en su intento por recuperar terreno en la divisi\u00f3n supermediana.<\/p>\n<h2 class=\"presto-h2 wp-block-heading\">Canelo buscar\u00e1 recuperar un t\u00edtulo mundial<\/h2>\n<p>Para Canelo, esta pelea tendr\u00eda un significado especial: volver a ser campe\u00f3n mundial despu\u00e9s de la derrota ante Crawford. El tapat\u00edo, con marca reportada de 63-3-2 y 39 nocauts, buscar\u00eda demostrar que todav\u00eda puede competir al m\u00e1s nivel y que su etapa como figura dominante del boxeo no ha terminado.<\/p>\n<p>El escenario tambi\u00e9n suma peso al combate. Arabia Saudita se ha convertido en una de las sedes m\u00e1s importantes para grandes funciones internacionales de boxeo, y Riad volver\u00eda a recibir una cartelera de alto impacto con Canelo como figura principal.<\/p>\n<p>Aunque falta esperar el anuncio formal completo de los equipos y promotores, el regreso del Canelo ya comenz\u00f3 a tomar forma: un rival invicto, un t\u00edtulo en juego y una nueva oportunidad para reposicionase en la \u00e9lite del boxeo mundial.<\/p>\n<p><em>Comun\u00edcate con la reportera Nadia Cant\u00fa por correo electr\u00f3nico\u00a0<\/em><a href=\"mailto:nadia.cantu@lavozarizona.com\" target=\"_blank\" rel=\"noreferrer noopener\">nadia.cantu@lavozarizona.com<\/a><em>\u00a0o por X\u00a0<\/em><a href=\"https:\/\/twitter.com\/nadia_cantu\" target=\"_blank\" rel=\"noreferrer noopener\">@Nadia_Cantu<\/a><em>.<\/em><\/p>\n<\/div>\n<p><a href=\"\/\/platform.twitter.com\/widgets.js\">\/\/platform.twitter.com\/widgets.js<\/a><br \/>\n<br \/><br \/>\n<br \/><a href=\"https:\/\/www.lavozarizona.com\/story\/deportes\/2026\/05\/01\/canelo-alvarez-vs-cristian-mbilli-rival-pelea-titulo-supermediano\/89893604007\/\">Source link <\/a><\/p>\n","protected":false},"excerpt":{"rendered":"<p>Sa\u00fal \u2018Canelo\u2019 \u00c1lvarez regresar\u00eda al ring en septiembre ante Christian Mbilli, campe\u00f3n supermediano del CMB, en una pelea pactada para Riad, Arabia Saudita. Sa\u00fal \u201cCanelo\u201d \u00c1lvarez ya tendr\u00eda encaminado su regreso al ring. El boxeador mexicano enfrentar\u00eda a Christian Mbilli en septiembre de 2026 en Riad, Arabia Saudita, en una pelea por el t\u00edtulo supermediano &#8230; <a title=\"Canelo vuelve por la corona, Christian Mbilli ser\u00eda su rival por el t\u00edtulo de la CMB\" class=\"read-more\" href=\"https:\/\/www.jubi24.com\/?p=29514\" aria-label=\"Read more about Canelo vuelve por la corona, Christian Mbilli ser\u00eda su rival por el t\u00edtulo de la CMB\">Read more<\/a><\/p>\n","protected":false},"author":1,"featured_media":29515,"comment_status":"open","ping_status":"open","sticky":false,"template":"","format":"standard","meta":{"fifu_image_url":"","fifu_image_alt":"","_jetpack_memberships_contains_paid_content":false,"footnotes":"","jetpack_publicize_message":"","jetpack_publicize_feature_enabled":true,"jetpack_social_post_already_shared":true,"jetpack_social_options":{"image_generator_settings":{"template":"highway","default_image_id":0,"font":"","enabled":false},"version":2}},"categories":[1],"tags":[],"class_list":["post-29514","post","type-post","status-publish","format-standard","has-post-thumbnail","hentry","category-uncategorized"],"jetpack_publicize_connections":[],"jetpack_featured_media_url":"https:\/\/www.jubi24.com\/wp-content\/uploads\/2026\/05\/Canelo-vuelve-por-la-corona-Christian-Mbilli-seria-su-rival.jpg","jetpack_sharing_enabled":true,"_links":{"self":[{"href":"https:\/\/www.jubi24.com\/index.php?rest_route=\/wp\/v2\/posts\/29514","targetHints":{"allow":["GET"]}}],"collection":[{"href":"https:\/\/www.jubi24.com\/index.php?rest_route=\/wp\/v2\/posts"}],"about":[{"href":"https:\/\/www.jubi24.com\/index.php?rest_route=\/wp\/v2\/types\/post"}],"author":[{"embeddable":true,"href":"https:\/\/www.jubi24.com\/index.php?rest_route=\/wp\/v2\/users\/1"}],"replies":[{"embeddable":true,"href":"https:\/\/www.jubi24.com\/index.php?rest_route=%2Fwp%2Fv2%2Fcomments&post=29514"}],"version-history":[{"count":1,"href":"https:\/\/www.jubi24.com\/index.php?rest_route=\/wp\/v2\/posts\/29514\/revisions"}],"predecessor-version":[{"id":29516,"href":"https:\/\/www.jubi24.com\/index.php?rest_route=\/wp\/v2\/posts\/29514\/revisions\/29516"}],"wp:featuredmedia":[{"embeddable":true,"href":"https:\/\/www.jubi24.com\/index.php?rest_route=\/wp\/v2\/media\/29515"}],"wp:attachment":[{"href":"https:\/\/www.jubi24.com\/index.php?rest_route=%2Fwp%2Fv2%2Fmedia&parent=29514"}],"wp:term":[{"taxonomy":"category","embeddable":true,"href":"https:\/\/www.jubi24.com\/index.php?rest_route=%2Fwp%2Fv2%2Fcategories&post=29514"},{"taxonomy":"post_tag","embeddable":true,"href":"https:\/\/www.jubi24.com\/index.php?rest_route=%2Fwp%2Fv2%2Ftags&post=29514"}],"curies":[{"name":"wp","href":"https:\/\/api.w.org\/{rel}","templated":true}]}}