{"id":3251,"date":"2025-09-19T11:33:30","date_gmt":"2025-09-19T11:33:30","guid":{"rendered":"https:\/\/www.jubi24.com\/?p=3251"},"modified":"2025-09-19T11:33:35","modified_gmt":"2025-09-19T11:33:35","slug":"bmw-berlin-marathon-mit-der-neuen-klasse-neuer-bmw-ix3-erstmals-im-renneinsatz","status":"publish","type":"post","link":"https:\/\/www.jubi24.com\/?p=3251","title":{"rendered":"BMW BERLIN-MARATHON mit der Neuen Klasse \u2013 Neuer BMW iX3 erstmals im \u201eRenneinsatz\u201c."},"content":{"rendered":"<p><br \/>\n<\/p>\n<div id=\"article-text\">\n                +++ Gr\u00f6\u00dfte Marathonveranstaltung Deutschlands zum 14. Mal mit<br \/>\n  Titelpartner BMW +++ Rund 80.000 Sportlerinnen und Sportler aus aller<br \/>\n  Welt beim friedlichen Sportfest am Start +++ Der neue vollelektrische<br \/>\n  BMW iX3 als F\u00fchrungsfahrzeug auf der Strecke +++ Erstes Modell der<br \/>\n  Neuen Klasse geht noch in diesem Jahr in Serie +++<\/p>\n<p>  <strong><br \/>\n    <br \/>Berlin.<\/strong> Am Wochenende werden erneut rund als 80.000<br \/>\n  Menschen aus etwa 160 Nationen \u2013 von Hobbyl\u00e4uferinnen und -l\u00e4ufern bis<br \/>\n  zur absoluten Weltklasse, von Handbikern \u00fcber Inlineskater bis zu den<br \/>\n  Runnern \u2013 in der deutschen Hauptstadt sportlich aktiv sein und den BMW<br \/>\n  BERLIN-MARATHON zu einer der gr\u00f6\u00dften Marathonveranstaltungen der Welt<br \/>\n  machen. Es ist ein Laufsport-Festival, das neben Spitzenleistungen vor<br \/>\n  allem f\u00fcr Freude, Vielfalt und freundschaftliche interkulturelle<br \/>\n  Begegnungen steht \u2013 und damit zentrale Werte der BMW Group<br \/>\n  widerspiegelt. \u00dcberdies erwartet die rund eine Million Fans entlang<br \/>\n  der Strecke ein absolutes Highlight, denn ein weiterer<br \/>\n  Ausdauer-Spezialist wird am Sonntag am Start sein. Der neue<br \/>\n  vollelektrische BMW iX3 50 xDrive (Stromverbrauch kombiniert: 17,9 \u2013<br \/>\n  15,1 kWh\/100 km; CO2-Klasse: A; Reichweite: 679 \u2013 805 km; vorl\u00e4ufige<br \/>\n  Werte gem\u00e4\u00df WLTP) \u2013 das erste Modell der Neuen Klasse \u2013 ist in diesem<br \/>\n  Jahr das F\u00fchrungsfahrzeug.<\/p>\n<p>\u201eNicht umsonst haben wir den BMW BERLIN-MARATHON 2025, bei dem es vor<br \/>\n  allem auf Ausdauer ankommt, f\u00fcr diese Premiere ausgew\u00e4hlt. Es k\u00f6nnte<br \/>\n  kein passenderes Sportereignis f\u00fcr den ersten \u201aRenneinsatz\u2018 des neuen<br \/>\n  BMW iX3 geben\u201c, sagt Christian Ach, Leiter BMW Deutschland. \u201eVor<br \/>\n  wenigen Wochen wurde das erste Modell der Neuen Klasse bei der IAA<br \/>\n  Mobility in M\u00fcnchen vorgestellt, nun zeigt es sich auf den Stra\u00dfen<br \/>\n  Berlins an der Seite von Weltklasseathletinnen und -athleten \u2013 beste<br \/>\n  Gesellschaft f\u00fcr ein vollelektrisches Fahrzeug mit bis zu 805<br \/>\n  Kilometern Reichweite, das in zehn Minuten bis zu 372 Kilometer<br \/>\n  Reichweite nachladen kann.\u201c<\/p>\n<p>Die Neue Klasse ist nicht nur ein neues Fahrzeug. Sie steht f\u00fcr die<br \/>\n  Neudefinition der Marke BMW und ist der konsequente Aufbruch der BMW<br \/>\n  Group in eine neue \u00c4ra der Freude am Fahren. Im neuen BMW iX3<br \/>\n  offenbart sich erstmals der gewaltige Technologiesprung in vielen<br \/>\n  Bereichen: Elektromobilit\u00e4t, Anzeige- und Bedienkonzept,<br \/>\n  Digitalisierung, Vernetzung, Design sowie Nachhaltigkeit. Von den<br \/>\n  Innovationen der Neuen Klasse profitieren alle zuk\u00fcnftigen BMW Modelle<br \/>\n  \u2013 unabh\u00e4ngig von ihrer Antriebsform.<\/p>\n<p>Die klare, reduzierte Designsprache der Neuen Klasse ist typisch BMW<br \/>\n  und so progressiv, dass sie den Eindruck vermittelt, als sei eine<br \/>\n  komplette Fahrzeuggeneration \u00fcbersprungen worden.<\/p>\n<p>Die eDrive Technologie der 6. Generation setzt Ma\u00dfst\u00e4be f\u00fcr<br \/>\n  Effizienz, Langstreckentauglichkeit und Ladegeschwindigkeit. Mit<br \/>\n  verantwortlich f\u00fcr diese Werte ist eine neue Elektronik- und<br \/>\n  Software-Architektur. Vier \u201eSuperbrain\u201c-Hochleistungsrechner machen<br \/>\n  das erste Modell der Neuen Klasse intelligenter und zukunftsf\u00e4higer<br \/>\n  denn je. Die Antriebs- und Fahrdynamikregelung \u201eHeart of Joy\u201c<br \/>\n  erm\u00f6glicht bisher unerreichte Dynamik und Pr\u00e4zision im Fahrverhalten.<br \/>\n  Die j\u00fcngsten Systeme f\u00fcr automatisiertes Fahren optimieren das<br \/>\n  symbiotische Zusammenwirken von Mensch und Automobil.<\/p>\n<p>Das neue BMW Panoramic iDrive hebt die Bedienung und die<br \/>\n  markentypische Fahrerorientierung auf ein neues Niveau. Das<br \/>\n  revolution\u00e4re Anzeige- und Bedienkonzept erm\u00f6glicht mit seiner<br \/>\n  ausgewogenen Kombination aus digitalen Funktionen und physischen<br \/>\n  Elementen eine ganz und gar intuitive Bedienung nach dem BMW Prinzip<br \/>\n  \u201eHands on the Wheel, Eyes on the Road\u201c.<\/p>\n<p>Beim BMW BERLIN-MARATHON sind insgesamt 65 Strecken- und<br \/>\n  Organisationsfahrzeuge im Einsatz. Neben dem neuen BMW iX3<br \/>\n  unterst\u00fctzen auch die vollelektrischen Modelle BMW iX, BMW i5, BMW i5<br \/>\n  Touring, BMW i4, BMW iX2 und BMW iX1 den reibungslosen Ablauf. Dar\u00fcber<br \/>\n  hinaus stellt die BMW Group dem Veranstalter zehn BMW Motorr\u00e4der und<br \/>\n  vier BMW E-Scooter zur Verf\u00fcgung. F\u00fcr die Zweir\u00e4der ist der BMW<br \/>\n  BERLIN-MARATHON ein Heimspiel, denn seit 1969 stammen die legend\u00e4ren<br \/>\n  BMW Motorr\u00e4der aus dem BMW Group Werk Berlin. \u00dcber 2.400 Mitarbeitende<br \/>\n  fertigen in Berlin-Spandau t\u00e4glich bis zu 900 Motorr\u00e4der und Premium<br \/>\n  E-Scooter f\u00fcr Kunden und Kundinnen in aller Welt.<\/p><\/div>\n<div>\n<p>  <strong>BMW iX3 50 xDrive: <\/strong>WLTP Energieverbrauch kombiniert:<br \/>\n  17,9 \u2013 15,1 kWh\/100 km; WLTP CO2-Emissionen kombiniert: 0 g\/km;<br \/>\n  CO2-Klasse: A; WLTP Elektrische Reichweite: 679 &#8211; 805 km.\n            <\/div>\n<p><br \/>\n<br \/><a href=\"https:\/\/www.press.bmwgroup.com\/deutschland\/article\/detail\/T0452851DE\/bmw-berlin-marathon-mit-der-neuen-klasse-%E2%80%93-neuer-bmw-ix3-erstmals-im-%E2%80%9Erenneinsatz%E2%80%9C\">Source link <\/a><\/p>\n","protected":false},"excerpt":{"rendered":"<p>+++ Gr\u00f6\u00dfte Marathonveranstaltung Deutschlands zum 14. Mal mit Titelpartner BMW +++ Rund 80.000 Sportlerinnen und Sportler aus aller Welt beim friedlichen Sportfest am Start +++ Der neue vollelektrische BMW iX3 als F\u00fchrungsfahrzeug auf der Strecke +++ Erstes Modell der Neuen Klasse geht noch in diesem Jahr in Serie +++ Berlin. Am Wochenende werden erneut rund &#8230; <a title=\"BMW BERLIN-MARATHON mit der Neuen Klasse \u2013 Neuer BMW iX3 erstmals im \u201eRenneinsatz\u201c.\" class=\"read-more\" href=\"https:\/\/www.jubi24.com\/?p=3251\" aria-label=\"Read more about BMW BERLIN-MARATHON mit der Neuen Klasse \u2013 Neuer BMW iX3 erstmals im \u201eRenneinsatz\u201c.\">Read more<\/a><\/p>\n","protected":false},"author":1,"featured_media":3252,"comment_status":"open","ping_status":"open","sticky":false,"template":"","format":"standard","meta":{"fifu_image_url":"","fifu_image_alt":"","_jetpack_memberships_contains_paid_content":false,"footnotes":"","jetpack_publicize_message":"","jetpack_publicize_feature_enabled":true,"jetpack_social_post_already_shared":true,"jetpack_social_options":{"image_generator_settings":{"template":"highway","default_image_id":0,"font":"","enabled":false},"version":2}},"categories":[1],"tags":[],"class_list":["post-3251","post","type-post","status-publish","format-standard","has-post-thumbnail","hentry","category-uncategorized"],"jetpack_publicize_connections":[],"jetpack_featured_media_url":"https:\/\/www.jubi24.com\/wp-content\/uploads\/2025\/09\/BMW-BERLIN-MARATHON-mit-der-Neuen-Klasse-\u2013-Neuer-BMW-iX3.jpg","jetpack_sharing_enabled":true,"_links":{"self":[{"href":"https:\/\/www.jubi24.com\/index.php?rest_route=\/wp\/v2\/posts\/3251","targetHints":{"allow":["GET"]}}],"collection":[{"href":"https:\/\/www.jubi24.com\/index.php?rest_route=\/wp\/v2\/posts"}],"about":[{"href":"https:\/\/www.jubi24.com\/index.php?rest_route=\/wp\/v2\/types\/post"}],"author":[{"embeddable":true,"href":"https:\/\/www.jubi24.com\/index.php?rest_route=\/wp\/v2\/users\/1"}],"replies":[{"embeddable":true,"href":"https:\/\/www.jubi24.com\/index.php?rest_route=%2Fwp%2Fv2%2Fcomments&post=3251"}],"version-history":[{"count":1,"href":"https:\/\/www.jubi24.com\/index.php?rest_route=\/wp\/v2\/posts\/3251\/revisions"}],"predecessor-version":[{"id":3253,"href":"https:\/\/www.jubi24.com\/index.php?rest_route=\/wp\/v2\/posts\/3251\/revisions\/3253"}],"wp:featuredmedia":[{"embeddable":true,"href":"https:\/\/www.jubi24.com\/index.php?rest_route=\/wp\/v2\/media\/3252"}],"wp:attachment":[{"href":"https:\/\/www.jubi24.com\/index.php?rest_route=%2Fwp%2Fv2%2Fmedia&parent=3251"}],"wp:term":[{"taxonomy":"category","embeddable":true,"href":"https:\/\/www.jubi24.com\/index.php?rest_route=%2Fwp%2Fv2%2Fcategories&post=3251"},{"taxonomy":"post_tag","embeddable":true,"href":"https:\/\/www.jubi24.com\/index.php?rest_route=%2Fwp%2Fv2%2Ftags&post=3251"}],"curies":[{"name":"wp","href":"https:\/\/api.w.org\/{rel}","templated":true}]}}