{"id":3740,"date":"2025-09-23T16:41:13","date_gmt":"2025-09-23T16:41:13","guid":{"rendered":"https:\/\/www.jubi24.com\/?p=3740"},"modified":"2025-09-23T16:41:15","modified_gmt":"2025-09-23T16:41:15","slug":"valencia-alineaciones-del-partido-de-laliga","status":"publish","type":"post","link":"https:\/\/www.jubi24.com\/?p=3740","title":{"rendered":"Valencia: Alineaciones del partido de LaLiga"},"content":{"rendered":"<p><br \/>\n<\/p>\n<div data-aida-text=\"\"><!--&gt;--><!--[--><!--[--><!--[--><!--&gt;--><!--[--><\/p>\n<p class=\"ft-text\">El Espanyol es, junto al Elche, uno de los equipos que mejor han empezado el <a class=\"ft-link ft-link--decoration\" href=\"https:\/\/www.superdeporte.es\/deportes\/futbol\/primera-division\/clasificacion-liga.html\" target=\"_blank\">campeonato<\/a>. Tres victorias, un empate y una derrota han servido para acumular 10 puntos y colocarse en la cuarta plaza. <strong>Los de Corber\u00e1n tienen siete puntos en el casillero<\/strong> y la necesidad de sacar un buen resultado en una nueva visita a Barcelona para ir mejorando las prestaciones a domicilio.<\/p>\n<p><!--]--><!--&gt;--><!--&gt;--><!--&gt;--><!--&gt;--><!--&gt;--><\/p>\n<aside class=\"ft-ad ft-ad--roba ft-ad--robaNotext ft-helper-hide-md\" \/><!--[--><!--[--><!--&gt;]--><!--[--><!--&gt;]--><!--[--><!--&gt;]--><!--[--><!--&gt;]--><!--]--><!--&gt;--><!--]--><!--[--><!--&gt;--><!--[--><\/p>\n<p class=\"ft-text\">Para el partido, Manolo Gonz\u00e1lez <a class=\"ft-link ft-link--decoration\" href=\"https:\/\/www.superdeporte.es\/valencia-cf\/2025\/09\/16\/espanyol-problemon-madrid-valencia-malisimo-121623079.html\" target=\"_blank\"><strong>no podr\u00e1 contar con Pere Milla<\/strong><\/a>, su mejor jugador y m\u00e1ximo goleador, ya que debe cumplir su segundo partido de sanci\u00f3n por menosprecio al colegiado. Al tratarse de un partido entre semana, es posible que ambos t\u00e9cnicos realicen algunas rotaciones, aunque se espera que sean pocas.<\/p>\n<p><!--]--><!--&gt;--><!--&gt;--><!--&gt;--><!--&gt;--><!--&gt;--><!--&gt;[--><!--[--><\/p>\n<aside class=\"ft-ad ft-ad--intext ft-helper-hide-md\" \/><!--]--><!--[--><\/p>\n<aside class=\"ft-ad ft-ad--intext  ft-helper-hide-xs\" \/><!--]--><!--[--><!--&gt;]--><!--[--><!--&gt;]--><!--]--><!--&gt;--><!--]--><!--[--><!--&gt;--><!--&gt;--><!--&gt;--><\/p>\n<h2 class=\"ft-helper-spacer-t-xs ft-helper-fontSize-heading-S\">Alineaciones oficiales del Espanyol &#8211; Valencia<\/h2>\n<p><!--&gt;--><!--&gt;--><!--&gt;--><!--&gt;[--><!--[--><!--&gt;]--><!--[--><!--&gt;]--><!--[--><!--&gt;]--><!--[--><!--&gt;]--><!--]--><!--&gt;--><!--]--><!--[--><!--&gt;--><!--[--><\/p>\n<p class=\"ft-text\"><strong>RCD Espanyol: <\/strong>Dmitrovic; Romero, Cabrera, Riedel, El Hilali; Pol Lozano, Pickel, Exp\u00f3sito; Dolan, Puado y Kike Garc\u00eda.<\/p>\n<p><!--]--><!--&gt;--><!--&gt;--><!--&gt;[--><!--&gt;--><!--]--><!--&gt;--><!--&gt;--><!--[--><!--[--><!--&gt;]--><!--[--><!--&gt;]--><!--[--><!--&gt;]--><!--[--><!--&gt;]--><!--]--><!--&gt;--><!--]--><!--[--><!--&gt;--><!--[--><\/p>\n<p class=\"ft-text\"><strong>Valencia CF:<\/strong> Agirrezabala; Gay\u00e0, Diakhaby, T\u00e1rrega, Foulquier; Santamar\u00eda, Pepelu; Rioja, Diego L\u00f3pez, Danjuma; y Hugo Duro.<\/p>\n<p><!--]--><!--&gt;--><!--&gt;--><!--&gt;--><!--&gt;--><!--&gt;--><!--&gt;[--><!--[--><!--&gt;]--><!--[--><!--&gt;]--><!--[--><!--&gt;]--><!--[--><!--&gt;]--><!--]--><!--&gt;--><!--]--><!--]--><!--[--><!--&gt;[--><!--]--><!--&gt;[--><!--&gt;--><!--&gt;]--><span \/><!--]--><!--]--><!--&gt;--><\/div>\n<p><br \/>\n<br \/><a href=\"https:\/\/www.superdeporte.es\/valencia-cf\/2025\/09\/23\/espanyol-valencia-alineaciones-partido-121842912.html\">Source link <\/a><\/p>\n","protected":false},"excerpt":{"rendered":"<p>El Espanyol es, junto al Elche, uno de los equipos que mejor han empezado el campeonato. Tres victorias, un empate y una derrota han servido para acumular 10 puntos y colocarse en la cuarta plaza. Los de Corber\u00e1n tienen siete puntos en el casillero y la necesidad de sacar un buen resultado en una nueva &#8230; <a title=\"Valencia: Alineaciones del partido de LaLiga\" class=\"read-more\" href=\"https:\/\/www.jubi24.com\/?p=3740\" aria-label=\"Read more about Valencia: Alineaciones del partido de LaLiga\">Read more<\/a><\/p>\n","protected":false},"author":1,"featured_media":3741,"comment_status":"open","ping_status":"open","sticky":false,"template":"","format":"standard","meta":{"fifu_image_url":"","fifu_image_alt":"","_jetpack_memberships_contains_paid_content":false,"footnotes":"","jetpack_publicize_message":"","jetpack_publicize_feature_enabled":true,"jetpack_social_post_already_shared":true,"jetpack_social_options":{"image_generator_settings":{"template":"highway","default_image_id":0,"font":"","enabled":false},"version":2}},"categories":[1],"tags":[],"class_list":["post-3740","post","type-post","status-publish","format-standard","has-post-thumbnail","hentry","category-uncategorized"],"jetpack_publicize_connections":[],"jetpack_featured_media_url":"https:\/\/www.jubi24.com\/wp-content\/uploads\/2025\/09\/Valencia-Alineaciones-del-partido-de-LaLiga.jpg","jetpack_sharing_enabled":true,"_links":{"self":[{"href":"https:\/\/www.jubi24.com\/index.php?rest_route=\/wp\/v2\/posts\/3740","targetHints":{"allow":["GET"]}}],"collection":[{"href":"https:\/\/www.jubi24.com\/index.php?rest_route=\/wp\/v2\/posts"}],"about":[{"href":"https:\/\/www.jubi24.com\/index.php?rest_route=\/wp\/v2\/types\/post"}],"author":[{"embeddable":true,"href":"https:\/\/www.jubi24.com\/index.php?rest_route=\/wp\/v2\/users\/1"}],"replies":[{"embeddable":true,"href":"https:\/\/www.jubi24.com\/index.php?rest_route=%2Fwp%2Fv2%2Fcomments&post=3740"}],"version-history":[{"count":1,"href":"https:\/\/www.jubi24.com\/index.php?rest_route=\/wp\/v2\/posts\/3740\/revisions"}],"predecessor-version":[{"id":3742,"href":"https:\/\/www.jubi24.com\/index.php?rest_route=\/wp\/v2\/posts\/3740\/revisions\/3742"}],"wp:featuredmedia":[{"embeddable":true,"href":"https:\/\/www.jubi24.com\/index.php?rest_route=\/wp\/v2\/media\/3741"}],"wp:attachment":[{"href":"https:\/\/www.jubi24.com\/index.php?rest_route=%2Fwp%2Fv2%2Fmedia&parent=3740"}],"wp:term":[{"taxonomy":"category","embeddable":true,"href":"https:\/\/www.jubi24.com\/index.php?rest_route=%2Fwp%2Fv2%2Fcategories&post=3740"},{"taxonomy":"post_tag","embeddable":true,"href":"https:\/\/www.jubi24.com\/index.php?rest_route=%2Fwp%2Fv2%2Ftags&post=3740"}],"curies":[{"name":"wp","href":"https:\/\/api.w.org\/{rel}","templated":true}]}}