{"id":3868,"date":"2025-09-24T19:10:13","date_gmt":"2025-09-24T19:10:13","guid":{"rendered":"https:\/\/www.jubi24.com\/?p=3868"},"modified":"2025-09-24T19:10:15","modified_gmt":"2025-09-24T19:10:15","slug":"cardi-b-kim-kardashian-rose-and-more","status":"publish","type":"post","link":"https:\/\/www.jubi24.com\/?p=3868","title":{"rendered":"Cardi B, Kim Kardashian, Ros\u00e9 and More"},"content":{"rendered":"<p><br \/>\n<\/p>\n<div id=\"mntl-article-intro_1-0\">\n<p id=\"mntl-sc-block_1-0\" class=\"comp mntl-sc-block mntl-sc-block-html\"> Stars have been everywhere this week, from <a href=\"https:\/\/people.com\/tag\/cardi-b\/\" data-component=\"link\" data-source=\"inlineLink\" data-type=\"internalLink\" data-ordinal=\"1\">Cardi B<\/a> turning up the volume and the vibes at her meet and greet in Georgia to <a href=\"https:\/\/people.com\/tag\/kim-kardashian\/\" data-component=\"link\" data-source=\"inlineLink\" data-type=\"internalLink\" data-ordinal=\"2\">Kim Kardashian<\/a> attending a NikeSKIMS collab performance in New York City. Also in the Big Apple, <a href=\"https:\/\/people.com\/tag\/mariah-carey\/\" data-component=\"link\" data-source=\"inlineLink\" data-type=\"internalLink\" data-ordinal=\"3\">Mariah Carey<\/a> has a night out, and <a href=\"https:\/\/people.com\/music\/blackpink-what-you-need-to-know-about-kpops-biggest-girl-group\/\" data-component=\"link\" data-source=\"inlineLink\" data-type=\"internalLink\" data-ordinal=\"4\">BLACKPINK<\/a> member Ros\u00e9 stops by <em>The Tonight Show Starring <a href=\"https:\/\/people.com\/tag\/jimmy-fallon\/\" data-component=\"link\" data-source=\"inlineLink\" data-type=\"internalLink\" data-ordinal=\"5\">Jimmy Fallon<\/a><\/em>.\n<\/p>\n<p id=\"mntl-sc-block_2-0\" class=\"comp mntl-sc-block mntl-sc-block-html\"> Here are the best photos of celebs out and about this week. Come back tomorrow for more of the latest A-list outings!\n<\/p>\n<\/div>\n<div id=\"list-sc__content_1-0\" data-sc-sticky-offset=\"90\" data-sc-ad-label-height=\"24\" data-sc-ad-track-spacing=\"100\" data-sc-min-track-height=\"250\" data-sc-max-track-height=\"600\" data-sc-breakpoint=\"50em\" data-sc-load-immediate=\"4\" data-sc-content-positions=\"[1, 3, 6, 9, 12, 15, 18]\" data-bind-scroll-on-start=\"true\">\n<div id=\"list-sc-item_1-0\" class=\"comp list-sc-item mntl-block mntl-sc-list-item \">\n<span class=\"heading-toc\" id=\"toc-did-your-hear-that\" \/><\/p>\n<h2 id=\"mntl-sc-block_3-0\" class=\"comp mntl-sc-block people-sc-block-heading mntl-sc-block-heading mntl-sc-list-item-title\"> <span class=\"mntl-sc-block-heading__text\"> Did Your Hear That? <\/span> <\/h2>\n<figure id=\"mntl-sc-block_4-0\" class=\"comp mntl-sc-block people-sc-block-image mntl-sc-block-image mntl-sc-block-image--no-theme no-theme figure-square figure-high-res\"><figcaption id=\"mntl-figure-caption_1-0\" class=\"comp mntl-figure-caption text-utility-100 figure-article-caption\"> <span class=\"figure-article-caption-text\">Cardi B.<\/span><br \/>\n<span class=\"figure-article-caption-owner\">Prince Williams\/WireImage<\/p>\n<p><\/span><br \/>\n<\/figcaption><\/figure>\n<p id=\"mntl-sc-block_5-0\" class=\"comp mntl-sc-block mntl-sc-block-html\"> Megaphone in hand, Cardi B ups the volume at an <em>Am I the Drama? <\/em>meet and greet at DBS Sounds in Riverdale, Georgia, on Sept. 22.\u00a0\n<\/p>\n<\/div>\n<div id=\"list-sc-item_2-0\" class=\"comp list-sc-item mntl-block mntl-sc-list-item \">\n<span class=\"heading-toc\" id=\"toc-no-shade\" \/><\/p>\n<h2 id=\"mntl-sc-block_6-0\" class=\"comp mntl-sc-block people-sc-block-heading mntl-sc-block-heading mntl-sc-list-item-title\"> <span class=\"mntl-sc-block-heading__text\"> No Shade <\/span> <\/h2>\n<figure id=\"mntl-sc-block_7-0\" class=\"comp mntl-sc-block people-sc-block-image mntl-sc-block-image mntl-sc-block-image--no-theme no-theme figure-square figure-high-res\"><figcaption id=\"mntl-figure-caption_2-0\" class=\"comp mntl-figure-caption text-utility-100 figure-article-caption\"> <span class=\"figure-article-caption-text\">Kim Kardashian.<\/span><br \/>\n<span class=\"figure-article-caption-owner\">Taylor Hill\/FilmMagic<\/p>\n<p><\/span><br \/>\n<\/figcaption><\/figure>\n<p id=\"mntl-sc-block_8-0\" class=\"comp mntl-sc-block mntl-sc-block-html\"> Kim Kardashian attends the NikeSKIMS <em>Bodies at Work<\/em> performance at the New York Public Library in New York City on Sept. 24.\n<\/p>\n<\/div>\n<div id=\"list-sc-item_3-0\" class=\"comp list-sc-item mntl-block mntl-sc-list-item \">\n<span class=\"heading-toc\" id=\"toc-she-has-range\" \/><\/p>\n<h2 id=\"mntl-sc-block_9-0\" class=\"comp mntl-sc-block people-sc-block-heading mntl-sc-block-heading mntl-sc-list-item-title\"> <span class=\"mntl-sc-block-heading__text\"> She Has Range <\/span> <\/h2>\n<figure id=\"mntl-sc-block_10-0\" class=\"comp mntl-sc-block people-sc-block-image mntl-sc-block-image mntl-sc-block-image--no-theme no-theme figure-square figure-high-res\"><figcaption id=\"mntl-figure-caption_3-0\" class=\"comp mntl-figure-caption text-utility-100 figure-article-caption\"> <span class=\"figure-article-caption-text\">Mariah Carey.<\/span><br \/>\n<span class=\"figure-article-caption-owner\">Raymond Hall\/GC Images<\/p>\n<p><\/span><br \/>\n<\/figcaption><\/figure>\n<p id=\"mntl-sc-block_11-0\" class=\"comp mntl-sc-block mntl-sc-block-html\"> Mariah Carey looks like the diva she is as she steps out on Sept. 23 in New York City.\u00a0<\/p>\n<\/div>\n<div id=\"list-sc-item_4-0\" class=\"comp list-sc-item mntl-block mntl-sc-list-item \">\n<span class=\"heading-toc\" id=\"toc-ros-all-day-and-night\" \/><\/p>\n<h2 id=\"mntl-sc-block_13-0\" class=\"comp mntl-sc-block people-sc-block-heading mntl-sc-block-heading mntl-sc-list-item-title\"> <span class=\"mntl-sc-block-heading__text\"> Ros\u00e9 All Day&#8230; And Night <\/span> <\/h2>\n<figure id=\"mntl-sc-block_14-0\" class=\"comp mntl-sc-block people-sc-block-image mntl-sc-block-image mntl-sc-block-image--no-theme no-theme figure-square figure-high-res\"><figcaption id=\"mntl-figure-caption_4-0\" class=\"comp mntl-figure-caption text-utility-100 figure-article-caption\"> <span class=\"figure-article-caption-text\">BLACKPINK&#8217;s ROS\u00c9.<\/span><br \/>\n<span class=\"figure-article-caption-owner\"><\/p>\n<p>Maila Turano\/NBC via Getty<\/p>\n<p><\/span><br \/>\n<\/figcaption><\/figure>\n<p id=\"mntl-sc-block_15-0\" class=\"comp mntl-sc-block mntl-sc-block-html\"> BLACKPINK member ROS\u00c9 poses backstage at <em>The Tonight Show Starring Jimmy Fallon<\/em> on Sept. 23.\n<\/p>\n<\/div>\n<div id=\"list-sc-item_5-0\" class=\"comp list-sc-item mntl-block mntl-sc-list-item \">\n<span class=\"heading-toc\" id=\"toc-spots-and-stripes\" \/><\/p>\n<h2 id=\"mntl-sc-block_16-0\" class=\"comp mntl-sc-block people-sc-block-heading mntl-sc-block-heading mntl-sc-list-item-title\"> <span class=\"mntl-sc-block-heading__text\"> Spots and Stripes <\/span> <\/h2>\n<figure id=\"mntl-sc-block_17-0\" class=\"comp mntl-sc-block people-sc-block-image mntl-sc-block-image mntl-sc-block-image--no-theme no-theme figure-portrait figure-high-res\"><figcaption id=\"mntl-figure-caption_5-0\" class=\"comp mntl-figure-caption text-utility-100 figure-article-caption\"> <span class=\"figure-article-caption-text\">Mel B.<\/span><br \/>\n<span class=\"figure-article-caption-owner\"><\/p>\n<p>Gilbert Flores\/Variety via Getty<\/p>\n<p><\/span><br \/>\n<\/figcaption><\/figure>\n<p id=\"mntl-sc-block_18-0\" class=\"comp mntl-sc-block mntl-sc-block-html\"> <a href=\"https:\/\/people.com\/tag\/melanie-brown\/\" data-component=\"link\" data-source=\"inlineLink\" data-type=\"internalLink\" data-ordinal=\"1\">Mel B<\/a> goes all out cheetah for the <em>America&#8217;s Got Talent<\/em> Season 20 finale performance in Pasadena, California on Sept. 23.\n<\/p>\n<\/div>\n<div id=\"list-sc-item_6-0\" class=\"comp list-sc-item mntl-block mntl-sc-list-item \">\n<span class=\"heading-toc\" id=\"toc-best-buds\" \/><\/p>\n<h2 id=\"mntl-sc-block_19-0\" class=\"comp mntl-sc-block people-sc-block-heading mntl-sc-block-heading mntl-sc-list-item-title\"> <span class=\"mntl-sc-block-heading__text\"> Best Buds <\/span> <\/h2>\n<figure id=\"mntl-sc-block_20-0\" class=\"comp mntl-sc-block people-sc-block-image mntl-sc-block-image mntl-sc-block-image--no-theme no-theme figure-landscape figure-high-res\"><figcaption id=\"mntl-figure-caption_6-0\" class=\"comp mntl-figure-caption text-utility-100 figure-article-caption\"> <span class=\"figure-article-caption-text\">Bowen Yang, Seth Meyers and Matt Rogers.<\/span><br \/>\n<span class=\"figure-article-caption-owner\"><\/p>\n<p>Lloyd Bishop\/NBC via Getty<\/p>\n<p><\/span><br \/>\n<\/figcaption><\/figure>\n<p id=\"mntl-sc-block_21-0\" class=\"comp mntl-sc-block mntl-sc-block-html\"> <a href=\"https:\/\/people.com\/bowen-yang-8742178\" data-component=\"link\" data-source=\"inlineLink\" data-type=\"internalLink\" data-ordinal=\"1\">Bowen Yang<\/a>, host <a href=\"https:\/\/people.com\/tag\/seth-meyers\/\" data-component=\"link\" data-source=\"inlineLink\" data-type=\"internalLink\" data-ordinal=\"2\">Seth Meyers<\/a>, and Matt Rogers get a little tipsy during the workday on <em>Late Night with Seth Meyers<\/em>&#8216;s Day Drinking segment on Sept. 23.\n<\/p>\n<\/div>\n<div id=\"list-sc-item_7-0\" class=\"comp list-sc-item mntl-block mntl-sc-list-item \">\n<span class=\"heading-toc\" id=\"toc-camouflage-coat\" \/><\/p>\n<h2 id=\"mntl-sc-block_22-0\" class=\"comp mntl-sc-block people-sc-block-heading mntl-sc-block-heading mntl-sc-list-item-title\"> <span class=\"mntl-sc-block-heading__text\"> Camouflage Coat <\/span> <\/h2>\n<figure id=\"mntl-sc-block_23-0\" class=\"comp mntl-sc-block people-sc-block-image mntl-sc-block-image mntl-sc-block-image--no-theme no-theme figure-portrait figure-high-res\"><figcaption id=\"mntl-figure-caption_7-0\" class=\"comp mntl-figure-caption text-utility-100 figure-article-caption\"> <span class=\"figure-article-caption-text\">Lilly Singh.<\/span><br \/>\n<span class=\"figure-article-caption-owner\"><\/p>\n<p>Araya Doheny\/Getty<\/p>\n<p><\/span><br \/>\n<\/figcaption><\/figure>\n<p id=\"mntl-sc-block_24-0\" class=\"comp mntl-sc-block mntl-sc-block-html\"> Lilly Singh arrives in red blazer to the SAG-AFTRA Foundation Conversations Presents <em>Doin&#8217; It<\/em><span class=\"ql-cursor\" \/> on Sept. 23 in Los Angeles.\n<\/p>\n<\/div>\n<div id=\"list-sc-item_8-0\" class=\"comp list-sc-item mntl-block mntl-sc-list-item \">\n<span class=\"heading-toc\" id=\"toc-frills-and-thrills\" \/><\/p>\n<h2 id=\"mntl-sc-block_25-0\" class=\"comp mntl-sc-block people-sc-block-heading mntl-sc-block-heading mntl-sc-list-item-title\"> <span class=\"mntl-sc-block-heading__text\"> Frills and Thrills <\/span> <\/h2>\n<figure id=\"mntl-sc-block_26-0\" class=\"comp mntl-sc-block people-sc-block-image mntl-sc-block-image mntl-sc-block-image--no-theme no-theme figure-portrait figure-high-res\"><figcaption id=\"mntl-figure-caption_8-0\" class=\"comp mntl-figure-caption text-utility-100 figure-article-caption\"> <span class=\"figure-article-caption-text\">Natalia Bryant.<\/span><br \/>\n<span class=\"figure-article-caption-owner\"><\/p>\n<p>Robino Salvatore\/GC Images<\/p>\n<p><\/span><br \/>\n<\/figcaption><\/figure>\n<p id=\"mntl-sc-block_27-0\" class=\"comp mntl-sc-block mntl-sc-block-html\"> <a href=\"https:\/\/people.com\/parents\/all-about-kobe-bryant-daughter-natalia\/\" data-component=\"link\" data-source=\"inlineLink\" data-type=\"internalLink\" data-ordinal=\"1\">Natalia Bryant<\/a> serves a frilly look at Milan Womenswear Spring\/Summer 2026 Fashion Week on Sept. 23.\n<\/p>\n<\/div>\n<div id=\"list-sc-item_9-0\" class=\"comp list-sc-item mntl-block mntl-sc-list-item \">\n<span class=\"heading-toc\" id=\"toc-diamonds-are-a-girls-best-friend\" \/><\/p>\n<h2 id=\"mntl-sc-block_28-0\" class=\"comp mntl-sc-block people-sc-block-heading mntl-sc-block-heading mntl-sc-list-item-title\"> <span class=\"mntl-sc-block-heading__text\"> Diamonds Are a Girl&#8217;s Best Friend <\/span> <\/h2>\n<figure id=\"mntl-sc-block_29-0\" class=\"comp mntl-sc-block people-sc-block-image mntl-sc-block-image mntl-sc-block-image--no-theme no-theme figure-landscape figure-high-res\"><figcaption id=\"mntl-figure-caption_9-0\" class=\"comp mntl-figure-caption text-utility-100 figure-article-caption\"> <span class=\"figure-article-caption-text\">Jane Goodall and Diane von Furstenberg.<\/span><br \/>\n<span class=\"figure-article-caption-owner\"><\/p>\n<p>Courtesy Jiraurd Key\/BFA.com\/Shutterstock<\/p>\n<p><\/span><br \/>\n<\/figcaption><\/figure>\n<p id=\"mntl-sc-block_30-0\" class=\"comp mntl-sc-block mntl-sc-block-html\"> <a href=\"https:\/\/people.com\/jane-goodall-life-and-career-in-photos-11707822\" data-component=\"link\" data-source=\"inlineLink\" data-type=\"internalLink\" data-ordinal=\"1\">Jane Goodall<\/a> and <a href=\"https:\/\/people.com\/tag\/diane-von-furstenberg\/\" data-component=\"link\" data-source=\"inlineLink\" data-type=\"internalLink\" data-ordinal=\"2\">Diane von Furstenberg<\/a> celebrate Goodall&#8217;s jewelry collaboration with Brilliant Earth at the DVF Studio in New York City on Sept. 22.\n<\/p>\n<\/div>\n<div id=\"list-sc-item_10-0\" class=\"comp list-sc-item mntl-block mntl-sc-list-item \">\n<span class=\"heading-toc\" id=\"toc-fashionistas\" \/><\/p>\n<h2 id=\"mntl-sc-block_31-0\" class=\"comp mntl-sc-block people-sc-block-heading mntl-sc-block-heading mntl-sc-list-item-title\"> <span class=\"mntl-sc-block-heading__text\"> Fashionistas <\/span> <\/h2>\n<figure id=\"mntl-sc-block_32-0\" class=\"comp mntl-sc-block people-sc-block-image mntl-sc-block-image mntl-sc-block-image--no-theme no-theme figure-landscape figure-high-res\"><figcaption id=\"mntl-figure-caption_10-0\" class=\"comp mntl-figure-caption text-utility-100 figure-article-caption\"> <span class=\"figure-article-caption-text\">Cade Cunningham and Gunna.<\/span><br \/>\n<span class=\"figure-article-caption-owner\"><\/p>\n<p>Courtesy Darian DiCianno\/BFA\/Shutterstock<\/p>\n<p><\/span><br \/>\n<\/figcaption><\/figure>\n<p id=\"mntl-sc-block_33-0\" class=\"comp mntl-sc-block mntl-sc-block-html\"> Cade Cunningham and Gunna close out New York Fashion Week in style at the TUNL Gala on Sept. 15.\n<\/p>\n<\/div>\n<div id=\"list-sc-item_11-0\" class=\"comp list-sc-item mntl-block mntl-sc-list-item \">\n<span class=\"heading-toc\" id=\"toc-got-gains\" \/><\/p>\n<h2 id=\"mntl-sc-block_34-0\" class=\"comp mntl-sc-block people-sc-block-heading mntl-sc-block-heading mntl-sc-list-item-title\"> <span class=\"mntl-sc-block-heading__text\"> Got Gains <\/span> <\/h2>\n<figure id=\"mntl-sc-block_35-0\" class=\"comp mntl-sc-block people-sc-block-image mntl-sc-block-image mntl-sc-block-image--no-theme no-theme figure-landscape figure-high-res\"><figcaption id=\"mntl-figure-caption_11-0\" class=\"comp mntl-figure-caption text-utility-100 figure-article-caption\"> <span class=\"figure-article-caption-text\">Terry Crews.<\/span><br \/>\n<span class=\"figure-article-caption-owner\"><\/p>\n<p>Amanda Edwards\/Getty<\/p>\n<p><\/span><br \/>\n<\/figcaption><\/figure>\n<p id=\"mntl-sc-block_36-0\" class=\"comp mntl-sc-block mntl-sc-block-html\"> A tight suit jacket won&#8217;t stop actor <a href=\"https:\/\/people.com\/tag\/terry-crews\/\" data-component=\"link\" data-source=\"inlineLink\" data-type=\"internalLink\" data-ordinal=\"1\">Terry Crews<\/a> from showing off what he&#8217;s got at the <em>America&#8217;s Got Talent <\/em>Season 20 finale red carpet on Sept. 23.\n<\/p>\n<\/div>\n<div id=\"list-sc-item_12-0\" class=\"comp list-sc-item mntl-block mntl-sc-list-item \">\n<span class=\"heading-toc\" id=\"toc-flower-power\" \/><\/p>\n<h2 id=\"mntl-sc-block_37-0\" class=\"comp mntl-sc-block people-sc-block-heading mntl-sc-block-heading mntl-sc-list-item-title\"> <span class=\"mntl-sc-block-heading__text\"> Flower Power <\/span> <\/h2>\n<figure id=\"mntl-sc-block_38-0\" class=\"comp mntl-sc-block people-sc-block-image mntl-sc-block-image mntl-sc-block-image--no-theme no-theme figure-portrait figure-high-res\"><figcaption id=\"mntl-figure-caption_12-0\" class=\"comp mntl-figure-caption text-utility-100 figure-article-caption\"> <span class=\"figure-article-caption-text\">Sofia Vergara.<\/span><br \/>\n<span class=\"figure-article-caption-owner\"><\/p>\n<p>Gilbert Flores\/Variety via Getty<\/p>\n<p><\/span><br \/>\n<\/figcaption><\/figure>\n<p id=\"mntl-sc-block_39-0\" class=\"comp mntl-sc-block mntl-sc-block-html\"> <a href=\"https:\/\/people.com\/tag\/sofia-vergara\/\" data-component=\"link\" data-source=\"inlineLink\" data-type=\"internalLink\" data-ordinal=\"1\">Sof\u00eda Vergara<\/a> strikes a pose at the <em>America&#8217;s Got Talent<\/em> Season 20 finale red carpet held at Hotel Dena in Pasadena, California on Sept. 23.\u00a0\n<\/p>\n<\/div>\n<div id=\"list-sc-item_13-0\" class=\"comp list-sc-item mntl-block mntl-sc-list-item \">\n<span class=\"heading-toc\" id=\"toc-black-is-the-new-grey\" \/><\/p>\n<h2 id=\"mntl-sc-block_40-0\" class=\"comp mntl-sc-block people-sc-block-heading mntl-sc-block-heading mntl-sc-list-item-title\"> <span class=\"mntl-sc-block-heading__text\"> Black Is the New Grey <\/span> <\/h2>\n<figure id=\"mntl-sc-block_41-0\" class=\"comp mntl-sc-block people-sc-block-image mntl-sc-block-image mntl-sc-block-image--no-theme no-theme figure-portrait figure-high-res\"><figcaption id=\"mntl-figure-caption_13-0\" class=\"comp mntl-figure-caption text-utility-100 figure-article-caption\"> <span class=\"figure-article-caption-text\">Jesse Williams.<\/span><br \/>\n<span class=\"figure-article-caption-owner\"><\/p>\n<p>Tiffany Nolasco<\/p>\n<p><\/span><br \/>\n<\/figcaption><\/figure>\n<p id=\"mntl-sc-block_42-0\" class=\"comp mntl-sc-block mntl-sc-block-html\"> <a href=\"https:\/\/people.com\/tag\/jesse-williams\/\" data-component=\"link\" data-source=\"inlineLink\" data-type=\"internalLink\" data-ordinal=\"1\">Jesse Williams<\/a> chats new series <em>Hotel Costiera<\/em> at Vibes &amp; Views event at Soho House New York on Sept. 23.\n<\/p>\n<\/div>\n<div id=\"list-sc-item_14-0\" class=\"comp list-sc-item mntl-block mntl-sc-list-item \">\n<span class=\"heading-toc\" id=\"toc-jane-in-jacquard\" \/><\/p>\n<h2 id=\"mntl-sc-block_43-0\" class=\"comp mntl-sc-block people-sc-block-heading mntl-sc-block-heading mntl-sc-list-item-title\"> <span class=\"mntl-sc-block-heading__text\"> Jane in Jacquard <\/span> <\/h2>\n<figure id=\"mntl-sc-block_44-0\" class=\"comp mntl-sc-block people-sc-block-image mntl-sc-block-image mntl-sc-block-image--no-theme no-theme figure-portrait figure-high-res\"><figcaption id=\"mntl-figure-caption_14-0\" class=\"comp mntl-figure-caption text-utility-100 figure-article-caption\"> <span class=\"figure-article-caption-text\">Jane Lynch.<\/span><br \/>\n<span class=\"figure-article-caption-owner\"><\/p>\n<p>Dia Dipasupil\/Getty<\/p>\n<p><\/span><br \/>\n<\/figcaption><\/figure>\n<p id=\"mntl-sc-block_45-0\" class=\"comp mntl-sc-block mntl-sc-block-html\"> Jaw-dropping in a jacquard blazer, <a href=\"https:\/\/people.com\/tag\/jane-lynch\/\" data-component=\"link\" data-source=\"inlineLink\" data-type=\"internalLink\" data-ordinal=\"1\">Jane Lynch<\/a> visits SiriusXM Studios in New York City on Sept. 23.\n<\/p>\n<\/div>\n<div id=\"list-sc-item_15-0\" class=\"comp list-sc-item mntl-block mntl-sc-list-item \">\n<span class=\"heading-toc\" id=\"toc-good-hair-day\" \/><\/p>\n<h2 id=\"mntl-sc-block_46-0\" class=\"comp mntl-sc-block people-sc-block-heading mntl-sc-block-heading mntl-sc-list-item-title\"> <span class=\"mntl-sc-block-heading__text\"> Good Hair Day <\/span> <\/h2>\n<figure id=\"mntl-sc-block_47-0\" class=\"comp mntl-sc-block people-sc-block-image mntl-sc-block-image mntl-sc-block-image--no-theme no-theme figure-landscape figure-high-res\"><figcaption id=\"mntl-figure-caption_15-0\" class=\"comp mntl-figure-caption text-utility-100 figure-article-caption\"> <span class=\"figure-article-caption-text\">Goldie Hawn.<\/span><br \/>\n<span class=\"figure-article-caption-owner\"><\/p>\n<p>John Nacion\/Getty<\/p>\n<p><\/span><br \/>\n<\/figcaption><\/figure>\n<p id=\"mntl-sc-block_48-0\" class=\"comp mntl-sc-block mntl-sc-block-html\"> <a href=\"https:\/\/people.com\/tag\/goldie-hawn\/\" data-component=\"link\" data-source=\"inlineLink\" data-type=\"internalLink\" data-ordinal=\"1\">Goldie Hawn<\/a> speaks during the 2025 Concordia Summit in New York City on Sept. 23.\n<\/p>\n<\/div>\n<div id=\"list-sc-item_16-0\" class=\"comp list-sc-item mntl-block mntl-sc-list-item \">\n<span class=\"heading-toc\" id=\"toc-our-king\" \/><\/p>\n<h2 id=\"mntl-sc-block_49-0\" class=\"comp mntl-sc-block people-sc-block-heading mntl-sc-block-heading mntl-sc-list-item-title\"> <span class=\"mntl-sc-block-heading__text\"> Our King <\/span> <\/h2>\n<figure id=\"mntl-sc-block_50-0\" class=\"comp mntl-sc-block people-sc-block-image mntl-sc-block-image mntl-sc-block-image--no-theme no-theme figure-landscape figure-high-res\"><figcaption id=\"mntl-figure-caption_16-0\" class=\"comp mntl-figure-caption text-utility-100 figure-article-caption\"> <span class=\"figure-article-caption-text\">Jack Gleeson.<\/span><br \/>\n<span class=\"figure-article-caption-owner\"><\/p>\n<p>Dave Benett\/WireImage<\/p>\n<p><\/span><br \/>\n<\/figcaption><\/figure>\n<p id=\"mntl-sc-block_51-0\" class=\"comp mntl-sc-block mntl-sc-block-html\"> Jack Gleeson attends the <em>House Of Guinness<\/em> London Premiere on Sept. 23.\n<\/p>\n<\/div>\n<div id=\"list-sc-item_17-0\" class=\"comp list-sc-item mntl-block mntl-sc-list-item \">\n<span class=\"heading-toc\" id=\"toc-vie-for-pie\" \/><\/p>\n<h2 id=\"mntl-sc-block_52-0\" class=\"comp mntl-sc-block people-sc-block-heading mntl-sc-block-heading mntl-sc-list-item-title\"> <span class=\"mntl-sc-block-heading__text\"> Vie for Pie <\/span> <\/h2>\n<figure id=\"mntl-sc-block_53-0\" class=\"comp mntl-sc-block people-sc-block-image mntl-sc-block-image mntl-sc-block-image--no-theme no-theme figure-landscape figure-high-res\"><figcaption id=\"mntl-figure-caption_17-0\" class=\"comp mntl-figure-caption text-utility-100 figure-article-caption\"> <span class=\"figure-article-caption-text\">Ethan Hawke and Jeanne Tripplehorn.<\/span><br \/>\n<span class=\"figure-article-caption-owner\"><\/p>\n<p>Brian Ngo (Courtesy of FX)<\/p>\n<p><\/span><br \/>\n<\/figcaption><\/figure>\n<p id=\"mntl-sc-block_54-0\" class=\"comp mntl-sc-block mntl-sc-block-html\"> <em>The Lowdown<\/em> stars <a href=\"https:\/\/people.com\/tag\/ethan-hawke\/\" data-component=\"link\" data-source=\"inlineLink\" data-type=\"internalLink\" data-ordinal=\"1\">Ethan Hawke<\/a> and Jeanne Tripplehorn serve up pies and coffee to fans at Canter&#8217;s Deli in Los Angeles on Sept. 23.\n<\/p>\n<\/div>\n<div id=\"list-sc-item_18-0\" class=\"comp list-sc-item mntl-block mntl-sc-list-item \">\n<span class=\"heading-toc\" id=\"toc-bread-boys\" \/><\/p>\n<h2 id=\"mntl-sc-block_55-0\" class=\"comp mntl-sc-block people-sc-block-heading mntl-sc-block-heading mntl-sc-list-item-title\"> <span class=\"mntl-sc-block-heading__text\"> Bread Boys <\/span> <\/h2>\n<figure id=\"mntl-sc-block_56-0\" class=\"comp mntl-sc-block people-sc-block-image mntl-sc-block-image mntl-sc-block-image--no-theme no-theme figure-landscape figure-high-res\"><figcaption id=\"mntl-figure-caption_18-0\" class=\"comp mntl-figure-caption text-utility-100 figure-article-caption\"> <span class=\"figure-article-caption-text\">Jared Padalecki and Matt Czuchry.<\/span><br \/>\n<span class=\"figure-article-caption-owner\"><\/p>\n<p>Sara Jaye\/Getty<\/p>\n<p><\/span><br \/>\n<\/figcaption><\/figure>\n<p id=\"mntl-sc-block_57-0\" class=\"comp mntl-sc-block mntl-sc-block-html\"> <em>Gilmore Girls<\/em> alums Matt Czuchry and <a href=\"https:\/\/people.com\/tag\/jared-padalecki\/\" data-component=\"link\" data-source=\"inlineLink\" data-type=\"internalLink\" data-ordinal=\"1\">Jared Padalecki<\/a> celebrate Panera&#8217;s new fall menu in cozy campaign released on Sept. 24.\n<\/p>\n<\/div>\n<div id=\"list-sc-item_19-0\" class=\"comp list-sc-item mntl-block mntl-sc-list-item \">\n<span class=\"heading-toc\" id=\"toc-best-in-a-vest\" \/><\/p>\n<h2 id=\"mntl-sc-block_58-0\" class=\"comp mntl-sc-block people-sc-block-heading mntl-sc-block-heading mntl-sc-list-item-title\"> <span class=\"mntl-sc-block-heading__text\"> Best in a Vest <\/span> <\/h2>\n<figure id=\"mntl-sc-block_59-0\" class=\"comp mntl-sc-block people-sc-block-image mntl-sc-block-image mntl-sc-block-image--no-theme no-theme figure-landscape figure-high-res\"><figcaption id=\"mntl-figure-caption_19-0\" class=\"comp mntl-figure-caption text-utility-100 figure-article-caption\"> <span class=\"figure-article-caption-text\">Howie Mandel.<\/span><br \/>\n<span class=\"figure-article-caption-owner\"><\/p>\n<p>Gilbert Flores\/Variety via Getty<\/p>\n<p><\/span><br \/>\n<\/figcaption><\/figure>\n<p id=\"mntl-sc-block_60-0\" class=\"comp mntl-sc-block mntl-sc-block-html\"> <em>America&#8217;s Got Talent <\/em>judge <a href=\"https:\/\/people.com\/howie-mandel-reveals-grandson-axel-remission-after-leukemia-diagnosis-11812457\" data-component=\"link\" data-source=\"inlineLink\" data-type=\"internalLink\" data-ordinal=\"1\">Howie Mandel<\/a> smiles big at the Season 20 finale performance red carpet held at Hotel Dena in Pasadena, California on Sept. 23.\n<\/p>\n<\/div>\n<div id=\"list-sc-item_20-0\" class=\"comp list-sc-item mntl-block mntl-sc-list-item \">\n<span class=\"heading-toc\" id=\"toc-she-means-business\" \/><\/p>\n<h2 id=\"mntl-sc-block_61-0\" class=\"comp mntl-sc-block people-sc-block-heading mntl-sc-block-heading mntl-sc-list-item-title\"> <span class=\"mntl-sc-block-heading__text\"> She Means Business <\/span> <\/h2>\n<figure id=\"mntl-sc-block_62-0\" class=\"comp mntl-sc-block people-sc-block-image mntl-sc-block-image mntl-sc-block-image--no-theme no-theme figure-portrait figure-high-res\"><figcaption id=\"mntl-figure-caption_20-0\" class=\"comp mntl-figure-caption text-utility-100 figure-article-caption\"> <span class=\"figure-article-caption-text\">Kelli Giddish.<\/span><br \/>\n<span class=\"figure-article-caption-owner\"><\/p>\n<p>Jose Perez\/Bauer-Griffin\/GC Images<\/p>\n<p><\/span><br \/>\n<\/figcaption><\/figure>\n<p id=\"mntl-sc-block_63-0\" class=\"comp mntl-sc-block mntl-sc-block-html\"> <em>Law and Order: Special Victims Unit<\/em>&#8216;s <a href=\"https:\/\/people.com\/kelli-giddish-returning-to-law-and-order-svu-as-series-regular-season-27-11735601\" data-component=\"link\" data-source=\"inlineLink\" data-type=\"internalLink\" data-ordinal=\"1\">Kelli Giddish<\/a> is seen filming in Downtown Manhattan on Sept. 23.\n<\/p>\n<\/div>\n<div id=\"list-sc-item_21-0\" class=\"comp list-sc-item mntl-block mntl-sc-list-item \">\n<span class=\"heading-toc\" id=\"toc-go-cubs-go\" \/><\/p>\n<h2 id=\"mntl-sc-block_64-0\" class=\"comp mntl-sc-block people-sc-block-heading mntl-sc-block-heading mntl-sc-list-item-title\"> <span class=\"mntl-sc-block-heading__text\"> Go Cubs Go! <\/span> <\/h2>\n<figure id=\"mntl-sc-block_65-0\" class=\"comp mntl-sc-block people-sc-block-image mntl-sc-block-image mntl-sc-block-image--no-theme no-theme figure-landscape figure-high-res\"><figcaption id=\"mntl-figure-caption_21-0\" class=\"comp mntl-figure-caption text-utility-100 figure-article-caption\"> <span class=\"figure-article-caption-text\">Billie Joe Armstrong, Mike Dirnt, and Tr\u00e9 Cool.<\/span><br \/>\n<span class=\"figure-article-caption-owner\"><\/p>\n<p>Matt Dirksen\/Chicago Cubs\/Getty<\/p>\n<p><\/span><br \/>\n<\/figcaption><\/figure>\n<p id=\"mntl-sc-block_66-0\" class=\"comp mntl-sc-block mntl-sc-block-html\"> <a href=\"https:\/\/people.com\/tag\/green-day\/\" data-component=\"link\" data-source=\"inlineLink\" data-type=\"internalLink\" data-ordinal=\"1\">Green Day<\/a>&#8216;s Billie Joe Armstrong, Mike Dirnt and Tr\u00e9 Cool are in a league of their own at Wrigley Field on Sept. 23 for the Cubs vs Mets game.\n<\/p>\n<\/div>\n<div id=\"list-sc-item_22-0\" class=\"comp list-sc-item mntl-block mntl-sc-list-item \">\n<span class=\"heading-toc\" id=\"toc-thumbs-up\" \/><\/p>\n<h2 id=\"mntl-sc-block_67-0\" class=\"comp mntl-sc-block people-sc-block-heading mntl-sc-block-heading mntl-sc-list-item-title\"> <span class=\"mntl-sc-block-heading__text\"> Thumbs Up <\/span> <\/h2>\n<figure id=\"mntl-sc-block_68-0\" class=\"comp mntl-sc-block people-sc-block-image mntl-sc-block-image mntl-sc-block-image--no-theme no-theme figure-portrait figure-high-res\"><figcaption id=\"mntl-figure-caption_22-0\" class=\"comp mntl-figure-caption text-utility-100 figure-article-caption\"> <span class=\"figure-article-caption-text\">Kate McKinnon.<\/span><br \/>\n<span class=\"figure-article-caption-owner\"><\/p>\n<p>Todd Owyoung\/NBC via Getty<\/p>\n<p><\/span><br \/>\n<\/figcaption><\/figure>\n<p id=\"mntl-sc-block_69-0\" class=\"comp mntl-sc-block mntl-sc-block-html\"> A suited-up <a href=\"https:\/\/people.com\/tag\/kate-mckinnon\/\" data-component=\"link\" data-source=\"inlineLink\" data-type=\"internalLink\" data-ordinal=\"1\">Kate McKinnon<\/a> is all good during an interview on<em> The Tonight Show Starring Jimmy Fallon <\/em>on Sept. 23.\n<\/p>\n<\/div>\n<div id=\"list-sc-item_23-0\" class=\"comp list-sc-item mntl-block mntl-sc-list-item \">\n<span class=\"heading-toc\" id=\"toc-blondes-have-more-fun\" \/><\/p>\n<h2 id=\"mntl-sc-block_70-0\" class=\"comp mntl-sc-block people-sc-block-heading mntl-sc-block-heading mntl-sc-list-item-title\"> <span class=\"mntl-sc-block-heading__text\"> Blondes Have More Fun <\/span> <\/h2>\n<figure id=\"mntl-sc-block_71-0\" class=\"comp mntl-sc-block people-sc-block-image mntl-sc-block-image mntl-sc-block-image--no-theme no-theme figure-square figure-high-res\"><figcaption id=\"mntl-figure-caption_23-0\" class=\"comp mntl-figure-caption text-utility-100 figure-article-caption\"> <span class=\"figure-article-caption-text\">Serena Williams.<\/span><br \/>\n<span class=\"figure-article-caption-owner\"><\/p>\n<p>Jacopo Raule\/Getty<\/p>\n<p><\/span><br \/>\n<\/figcaption><\/figure>\n<p id=\"mntl-sc-block_72-0\" class=\"comp mntl-sc-block mntl-sc-block-html\"> A stylish <a href=\"https:\/\/people.com\/tag\/serena-williams\/\" data-component=\"link\" data-source=\"inlineLink\" data-type=\"internalLink\" data-ordinal=\"1\">Serena Williams<\/a> aces an appearance at the Gucci Spring\/Summer 2026 show during Milan Fashion Week on Sept. 23.\n<\/p>\n<\/div>\n<div id=\"list-sc-item_24-0\" class=\"comp list-sc-item mntl-block mntl-sc-list-item \">\n<span class=\"heading-toc\" id=\"toc-all-tied-up\" \/><\/p>\n<h2 id=\"mntl-sc-block_73-0\" class=\"comp mntl-sc-block people-sc-block-heading mntl-sc-block-heading mntl-sc-list-item-title\"> <span class=\"mntl-sc-block-heading__text\"> All Tied Up <\/span> <\/h2>\n<figure id=\"mntl-sc-block_74-0\" class=\"comp mntl-sc-block people-sc-block-image mntl-sc-block-image mntl-sc-block-image--no-theme no-theme figure-square figure-high-res\"><figcaption id=\"mntl-figure-caption_24-0\" class=\"comp mntl-figure-caption text-utility-100 figure-article-caption\"> <span class=\"figure-article-caption-text\">Gwyneth Paltrow.<\/span><br \/>\n<span class=\"figure-article-caption-owner\"><\/p>\n<p>Victor Boyko\/Getty<\/p>\n<p><\/span><br \/>\n<\/figcaption><\/figure>\n<p id=\"mntl-sc-block_75-0\" class=\"comp mntl-sc-block mntl-sc-block-html\"> <a href=\"https:\/\/people.com\/tag\/gwyneth-paltrow\/\" data-component=\"link\" data-source=\"inlineLink\" data-type=\"internalLink\" data-ordinal=\"1\">Gwyneth Paltrow<\/a> sports an ascot that matches her outfit at the Gucci show during Milan Fashion Week on Sept. 23.\n<\/p>\n<\/div>\n<div id=\"list-sc-item_25-0\" class=\"comp list-sc-item mntl-block mntl-sc-list-item \">\n<span class=\"heading-toc\" id=\"toc-looking-like-dynamite\" \/><\/p>\n<h2 id=\"mntl-sc-block_76-0\" class=\"comp mntl-sc-block people-sc-block-heading mntl-sc-block-heading mntl-sc-list-item-title\"> <span class=\"mntl-sc-block-heading__text\"> Looking Like &#8216;Dynamite&#8217; <\/span> <\/h2>\n<figure id=\"mntl-sc-block_77-0\" class=\"comp mntl-sc-block people-sc-block-image mntl-sc-block-image mntl-sc-block-image--no-theme no-theme figure-square figure-high-res\"><figcaption id=\"mntl-figure-caption_25-0\" class=\"comp mntl-figure-caption text-utility-100 figure-article-caption\"> <span class=\"figure-article-caption-text\">BTS Jin.<\/span><br \/>\n<span class=\"figure-article-caption-owner\"><\/p>\n<p>Victor Boyko\/Getty<\/p>\n<p><\/span><br \/>\n<\/figcaption><\/figure>\n<p id=\"mntl-sc-block_78-0\" class=\"comp mntl-sc-block mntl-sc-block-html\"> BTS member Jin shows off his necklace between his unbuttoned shirt during the Gucci show in Milan for Fashion Week on Sept. 23.\n<\/p>\n<\/div>\n<div id=\"list-sc-item_26-0\" class=\"comp list-sc-item mntl-block mntl-sc-list-item \">\n<span class=\"heading-toc\" id=\"toc-golden-girl\" \/><\/p>\n<h2 id=\"mntl-sc-block_79-0\" class=\"comp mntl-sc-block people-sc-block-heading mntl-sc-block-heading mntl-sc-list-item-title\"> <span class=\"mntl-sc-block-heading__text\"> Golden Girl <\/span> <\/h2>\n<figure id=\"mntl-sc-block_80-0\" class=\"comp mntl-sc-block people-sc-block-image mntl-sc-block-image mntl-sc-block-image--no-theme no-theme figure-square figure-high-res\"><figcaption id=\"mntl-figure-caption_26-0\" class=\"comp mntl-figure-caption text-utility-100 figure-article-caption\"> <span class=\"figure-article-caption-text\">Demi Moore.<\/span><br \/>\n<span class=\"figure-article-caption-owner\"><\/p>\n<p>Riccardo Giordano\/IPA\/ipa-agency.net\/Shutterstock<\/p>\n<p><\/span><br \/>\n<\/figcaption><\/figure>\n<p id=\"mntl-sc-block_81-0\" class=\"comp mntl-sc-block mntl-sc-block-html\"> <a href=\"https:\/\/people.com\/tag\/demi-moore\/\" data-component=\"link\" data-source=\"inlineLink\" data-type=\"internalLink\" data-ordinal=\"1\">Demi Moore<\/a> wears a sparkling gold gown to the Gucci Spring\/Summer 2026 show during Milan Fashion Week on Sept. 23.\n<\/p>\n<\/div>\n<div id=\"list-sc-item_27-0\" class=\"comp list-sc-item mntl-block mntl-sc-list-item \">\n<span class=\"heading-toc\" id=\"toc-fashion-fur-pax\" \/><\/p>\n<h2 id=\"mntl-sc-block_82-0\" class=\"comp mntl-sc-block people-sc-block-heading mntl-sc-block-heading mntl-sc-list-item-title\"> <span class=\"mntl-sc-block-heading__text\"> Fashion Fur Pax <\/span> <\/h2>\n<figure id=\"mntl-sc-block_83-0\" class=\"comp mntl-sc-block people-sc-block-image mntl-sc-block-image mntl-sc-block-image--no-theme no-theme figure-portrait figure-high-res\"><figcaption id=\"mntl-figure-caption_27-0\" class=\"comp mntl-figure-caption text-utility-100 figure-article-caption\"> <span class=\"figure-article-caption-text\">Alex Consani and Amelia Gray Hamlin.<\/span><br \/>\n<span class=\"figure-article-caption-owner\"><\/p>\n<p>Victor Boyko\/Getty<\/p>\n<p><\/span><br \/>\n<\/figcaption><\/figure>\n<p id=\"mntl-sc-block_84-0\" class=\"comp mntl-sc-block mntl-sc-block-html\"> <a href=\"https:\/\/people.com\/alex-consani-1st-trans-model-victorias-secret-fashion-show-on-diversity-future-fashion-8738396\" data-component=\"link\" data-source=\"inlineLink\" data-type=\"internalLink\" data-ordinal=\"1\">Alex Consani<\/a> and <a href=\"https:\/\/people.com\/amelia-gray-hamlin-defends-modeling-career-despite-being-nepo-baby-11692351\" data-component=\"link\" data-source=\"inlineLink\" data-type=\"internalLink\" data-ordinal=\"2\">Amelia Gray Hamlin<\/a> mug for the cameras at the Gucci show during Milan Fashion Week on Sept. 23.\n<\/p>\n<\/div>\n<div id=\"list-sc-item_28-0\" class=\"comp list-sc-item mntl-block mntl-sc-list-item \">\n<span class=\"heading-toc\" id=\"toc-happy-together\" \/><\/p>\n<h2 id=\"mntl-sc-block_85-0\" class=\"comp mntl-sc-block people-sc-block-heading mntl-sc-block-heading mntl-sc-list-item-title\"> <span class=\"mntl-sc-block-heading__text\"> Happy Together <\/span> <\/h2>\n<figure id=\"mntl-sc-block_86-0\" class=\"comp mntl-sc-block people-sc-block-image mntl-sc-block-image mntl-sc-block-image--no-theme no-theme figure-portrait figure-high-res\"><figcaption id=\"mntl-figure-caption_28-0\" class=\"comp mntl-figure-caption text-utility-100 figure-article-caption\"> <span class=\"figure-article-caption-text\">Julia Shiplett and Elliot Page.<\/span><br \/>\n<span class=\"figure-article-caption-owner\"><\/p>\n<p>Victor Boyko\/Getty<\/p>\n<p><\/span><br \/>\n<\/figcaption><\/figure>\n<p id=\"mntl-sc-block_87-0\" class=\"comp mntl-sc-block mntl-sc-block-html\"> <a href=\"https:\/\/people.com\/tag\/elliot-page\/\" data-component=\"link\" data-source=\"inlineLink\" data-type=\"internalLink\" data-ordinal=\"1\">Elliot Page<\/a> and his <a href=\"https:\/\/people.com\/elliot-page-appears-to-debuts-new-relationship-with-overcompensating-star-julia-shiplett-11763204\" data-component=\"link\" data-source=\"inlineLink\" data-type=\"internalLink\" data-ordinal=\"2\">rumored girlfriend<\/a> Julia Shiplett attend Gucci&#8217;s Spring\/Summer 2026 show during Milan Fashion Week on Sept. 23.\n<\/p>\n<\/div>\n<div id=\"list-sc-item_29-0\" class=\"comp list-sc-item mntl-block mntl-sc-list-item \">\n<span class=\"heading-toc\" id=\"toc-laundry-lad\" \/><\/p>\n<h2 id=\"mntl-sc-block_88-0\" class=\"comp mntl-sc-block people-sc-block-heading mntl-sc-block-heading mntl-sc-list-item-title\"> <span class=\"mntl-sc-block-heading__text\"> Laundry Lad <\/span> <\/h2>\n<figure id=\"mntl-sc-block_89-0\" class=\"comp mntl-sc-block people-sc-block-image mntl-sc-block-image mntl-sc-block-image--no-theme no-theme figure-portrait figure-high-res\"><figcaption id=\"mntl-figure-caption_29-0\" class=\"comp mntl-figure-caption text-utility-100 figure-article-caption\"> <span class=\"figure-article-caption-text\">Harrison Ford.<\/span><br \/>\n<span class=\"figure-article-caption-owner\"><\/p>\n<p>BrosNYC \/ BACKGRID<\/p>\n<p><\/span><br \/>\n<\/figcaption><\/figure>\n<p id=\"mntl-sc-block_90-0\" class=\"comp mntl-sc-block mntl-sc-block-html\"> <a href=\"https:\/\/people.com\/tag\/harrison-ford\/\" data-component=\"link\" data-source=\"inlineLink\" data-type=\"internalLink\" data-ordinal=\"1\">Harrison Ford<\/a> carries his dry cleaning around New York City on Sept. 23.\n<\/p>\n<\/div>\n<div id=\"list-sc-item_30-0\" class=\"comp list-sc-item mntl-block mntl-sc-list-item \">\n<span class=\"heading-toc\" id=\"toc-dog-days-are-over\" \/><\/p>\n<h2 id=\"mntl-sc-block_91-0\" class=\"comp mntl-sc-block people-sc-block-heading mntl-sc-block-heading mntl-sc-list-item-title\"> <span class=\"mntl-sc-block-heading__text\"> Dog Days Are Over <\/span> <\/h2>\n<figure id=\"mntl-sc-block_92-0\" class=\"comp mntl-sc-block people-sc-block-image mntl-sc-block-image mntl-sc-block-image--no-theme no-theme figure-portrait figure-high-res\"><figcaption id=\"mntl-figure-caption_30-0\" class=\"comp mntl-figure-caption text-utility-100 figure-article-caption\"> <span class=\"figure-article-caption-text\">Florence Welch.<\/span><br \/>\n<span class=\"figure-article-caption-owner\"><\/p>\n<p>Mattpapz \/ BACKGRID<\/p>\n<p><\/span><br \/>\n<\/figcaption><\/figure>\n<p id=\"mntl-sc-block_93-0\" class=\"comp mntl-sc-block mntl-sc-block-html\"> <a href=\"https:\/\/people.com\/tag\/florence-welch\/\" data-component=\"link\" data-source=\"inlineLink\" data-type=\"internalLink\" data-ordinal=\"1\">Florence Welch<\/a> arrives in her signature style to the BBC Live Lounge in London on Sept. 23.\n<\/p>\n<\/div>\n<div id=\"list-sc-item_31-0\" class=\"comp list-sc-item mntl-block mntl-sc-list-item \">\n<span class=\"heading-toc\" id=\"toc-cap-it-off\" \/><\/p>\n<h2 id=\"mntl-sc-block_94-0\" class=\"comp mntl-sc-block people-sc-block-heading mntl-sc-block-heading mntl-sc-list-item-title\"> <span class=\"mntl-sc-block-heading__text\"> Cap It Off <\/span> <\/h2>\n<figure id=\"mntl-sc-block_95-0\" class=\"comp mntl-sc-block people-sc-block-image mntl-sc-block-image mntl-sc-block-image--no-theme no-theme figure-portrait figure-high-res\"><figcaption id=\"mntl-figure-caption_31-0\" class=\"comp mntl-figure-caption text-utility-100 figure-article-caption\"> <span class=\"figure-article-caption-text\">Jennifer Lawrence.<\/span><br \/>\n<span class=\"figure-article-caption-owner\"><\/p>\n<p>Diamond \/ BACKGRID<\/p>\n<p><\/span><br \/>\n<\/figcaption><\/figure>\n<p id=\"mntl-sc-block_96-0\" class=\"comp mntl-sc-block mntl-sc-block-html\"> A casual <a href=\"https:\/\/people.com\/tag\/jennifer-lawrence\/\" data-component=\"link\" data-source=\"inlineLink\" data-type=\"internalLink\" data-ordinal=\"1\">Jennifer Lawrence<\/a> walks around New York City in a tee and jeans on Sept. 23.\n<\/p>\n<\/div>\n<div id=\"list-sc-item_32-0\" class=\"comp list-sc-item mntl-block mntl-sc-list-item \">\n<span class=\"heading-toc\" id=\"toc-green-machine\" \/><\/p>\n<h2 id=\"mntl-sc-block_97-0\" class=\"comp mntl-sc-block people-sc-block-heading mntl-sc-block-heading mntl-sc-list-item-title\"> <span class=\"mntl-sc-block-heading__text\"> Green Machine <\/span> <\/h2>\n<figure id=\"mntl-sc-block_98-0\" class=\"comp mntl-sc-block people-sc-block-image mntl-sc-block-image mntl-sc-block-image--no-theme no-theme figure-portrait figure-high-res\"><figcaption id=\"mntl-figure-caption_32-0\" class=\"comp mntl-figure-caption text-utility-100 figure-article-caption\"> <span class=\"figure-article-caption-text\">Jesse Williams.<\/span><br \/>\n<span class=\"figure-article-caption-owner\"><\/p>\n<p>TheImageDirect.com<\/p>\n<p><\/span><br \/>\n<\/figcaption><\/figure>\n<p id=\"mntl-sc-block_99-0\" class=\"comp mntl-sc-block mntl-sc-block-html\"> <a href=\"https:\/\/people.com\/tag\/jesse-williams\/\" data-component=\"link\" data-source=\"inlineLink\" data-type=\"internalLink\" data-ordinal=\"1\">Jesse Williams<\/a> rocks a deep green suit to <em>The Drew Barrymore Show<\/em> in New York City on Sept. 23.\n<\/p>\n<\/div>\n<div id=\"list-sc-item_33-0\" class=\"comp list-sc-item mntl-block mntl-sc-list-item \">\n<span class=\"heading-toc\" id=\"toc-date-day\" \/><\/p>\n<h2 id=\"mntl-sc-block_100-0\" class=\"comp mntl-sc-block people-sc-block-heading mntl-sc-block-heading mntl-sc-list-item-title\"> <span class=\"mntl-sc-block-heading__text\"> Date Day <\/span> <\/h2>\n<figure id=\"mntl-sc-block_101-0\" class=\"comp mntl-sc-block people-sc-block-image mntl-sc-block-image mntl-sc-block-image--no-theme no-theme figure-portrait figure-high-res\"><figcaption id=\"mntl-figure-caption_33-0\" class=\"comp mntl-figure-caption text-utility-100 figure-article-caption\"> <span class=\"figure-article-caption-text\">Eiza Gonz\u00e1lez and Grigor Dimitrov.<\/span><br \/>\n<span class=\"figure-article-caption-owner\"><\/p>\n<p>Aissaoui Nacer \/ BACKGRID<\/p>\n<p><\/span><br \/>\n<\/figcaption><\/figure>\n<p id=\"mntl-sc-block_102-0\" class=\"comp mntl-sc-block mntl-sc-block-html\"> <a href=\"https:\/\/people.com\/tag\/eiza-gonzalez\/\" data-component=\"link\" data-source=\"inlineLink\" data-type=\"internalLink\" data-ordinal=\"1\">Eiza Gonz\u00e1lez<\/a> and her <a href=\"https:\/\/people.com\/eiza-gonzalez-goes-instagram-official-with-tennis-star-grigor-dimitrov-11737446\" data-component=\"link\" data-source=\"inlineLink\" data-type=\"internalLink\" data-ordinal=\"2\">boyfriend<\/a>, tennis player Grigor Dimitrov, hold hands while in Milan on Sept. 23.\n<\/p>\n<\/div>\n<div id=\"list-sc-item_35-0\" class=\"comp list-sc-item mntl-block mntl-sc-list-item \">\n<span class=\"heading-toc\" id=\"toc-house-rules\" \/><\/p>\n<h2 id=\"mntl-sc-block_106-0\" class=\"comp mntl-sc-block people-sc-block-heading mntl-sc-block-heading mntl-sc-list-item-title\"> <span class=\"mntl-sc-block-heading__text\"> House Rules <\/span> <\/h2>\n<figure id=\"mntl-sc-block_107-0\" class=\"comp mntl-sc-block people-sc-block-image mntl-sc-block-image mntl-sc-block-image--no-theme no-theme figure-landscape figure-high-res\"><figcaption id=\"mntl-figure-caption_35-0\" class=\"comp mntl-figure-caption text-utility-100 figure-article-caption\"> <span class=\"figure-article-caption-text\">Fionn O&#8217;Shea, Emily Fairn, Louis Partridge, Anthony Boyle and James Norton.<\/span><br \/>\n<span class=\"figure-article-caption-owner\"><\/p>\n<p>Dave Benett\/WireImage<\/p>\n<p><\/span><br \/>\n<\/figcaption><\/figure>\n<p id=\"mntl-sc-block_108-0\" class=\"comp mntl-sc-block mntl-sc-block-html\"> Fionn O&#8217;Shea, Emily Fairn, <a href=\"https:\/\/people.com\/louis-partridge-opens-up-about-his-relationship-with-olivia-rodrigo-11813681\" data-component=\"link\" data-source=\"inlineLink\" data-type=\"internalLink\" data-ordinal=\"1\">Louis Partridge<\/a>, Anthony Boyle and James Norton arrive at the <em>House of Guinness<\/em> world premiere in London on Sept. 23.\n<\/p>\n<\/div>\n<div id=\"list-sc-item_36-0\" class=\"comp list-sc-item mntl-block mntl-sc-list-item \">\n<span class=\"heading-toc\" id=\"toc-prize-for-the-pages\" \/><\/p>\n<h2 id=\"mntl-sc-block_109-0\" class=\"comp mntl-sc-block people-sc-block-heading mntl-sc-block-heading mntl-sc-list-item-title\"> <span class=\"mntl-sc-block-heading__text\"> Prize for the Pages <\/span> <\/h2>\n<figure id=\"mntl-sc-block_110-0\" class=\"comp mntl-sc-block people-sc-block-image mntl-sc-block-image mntl-sc-block-image--no-theme no-theme figure-landscape figure-high-res\"><figcaption id=\"mntl-figure-caption_36-0\" class=\"comp mntl-figure-caption text-utility-100 figure-article-caption\"> <span class=\"figure-article-caption-text\">Chris Power, Kiley Reid, Roddy Doyle, Sarah Jessica Parker and Ay\u1ecd\u0300b\u00e1mi Ad\u00e9b\u00e1y\u1ecd\u0300.<\/span><br \/>\n<span class=\"figure-article-caption-owner\"><\/p>\n<p>David Parry\/Shutterstock<\/p>\n<p><\/span><br \/>\n<\/figcaption><\/figure>\n<p id=\"mntl-sc-block_111-0\" class=\"comp mntl-sc-block mntl-sc-block-html\"> Chris Power, Kiley Reid, Roddy Doyle, <a href=\"https:\/\/people.com\/tag\/sarah-jessica-parker\/\" data-component=\"link\" data-source=\"inlineLink\" data-type=\"internalLink\" data-ordinal=\"1\">Sarah Jessica Parker<\/a> and Ay\u1ecd\u0300b\u00e1mi Ad\u00e9b\u00e1y\u1ecd\u0300 hold the shortlist for the Booker Prize 2025 in London on Sept. 23.\n<\/p>\n<\/div>\n<div id=\"list-sc-item_37-0\" class=\"comp list-sc-item mntl-block mntl-sc-list-item \">\n<span class=\"heading-toc\" id=\"toc-night-on-the-town\" \/><\/p>\n<h2 id=\"mntl-sc-block_112-0\" class=\"comp mntl-sc-block people-sc-block-heading mntl-sc-block-heading mntl-sc-list-item-title\"> <span class=\"mntl-sc-block-heading__text\"> Night on the Town <\/span> <\/h2>\n<figure id=\"mntl-sc-block_113-0\" class=\"comp mntl-sc-block people-sc-block-image mntl-sc-block-image mntl-sc-block-image--no-theme no-theme figure-portrait figure-high-res\"><figcaption id=\"mntl-figure-caption_37-0\" class=\"comp mntl-figure-caption text-utility-100 figure-article-caption\"> <span class=\"figure-article-caption-text\">Jessica Alba.<\/span><br \/>\n<span class=\"figure-article-caption-owner\"><\/p>\n<p>The Hollywood JR \/ BACKGRID<\/p>\n<p><\/span><br \/>\n<\/figcaption><\/figure>\n<p id=\"mntl-sc-block_114-0\" class=\"comp mntl-sc-block mntl-sc-block-html\"> <a href=\"https:\/\/people.com\/tag\/jessica-alba\/\" data-component=\"link\" data-source=\"inlineLink\" data-type=\"internalLink\" data-ordinal=\"1\">Jessica Alba<\/a> steps out in style for a dinner at Marea in Beverly Hills, California, on Sept. 22.\n<\/p>\n<\/div>\n<div id=\"list-sc-item_38-0\" class=\"comp list-sc-item mntl-block mntl-sc-list-item \">\n<span class=\"heading-toc\" id=\"toc-drink-to-that\" \/><\/p>\n<h2 id=\"mntl-sc-block_115-0\" class=\"comp mntl-sc-block people-sc-block-heading mntl-sc-block-heading mntl-sc-list-item-title\"> <span class=\"mntl-sc-block-heading__text\"> Drink to That <\/span> <\/h2>\n<figure id=\"mntl-sc-block_116-0\" class=\"comp mntl-sc-block people-sc-block-image mntl-sc-block-image mntl-sc-block-image--no-theme no-theme figure-portrait figure-high-res\"><figcaption id=\"mntl-figure-caption_38-0\" class=\"comp mntl-figure-caption text-utility-100 figure-article-caption\"> <span class=\"figure-article-caption-text\">Sarah Michelle Gellar.<\/span><br \/>\n<span class=\"figure-article-caption-owner\"><\/p>\n<p>Matthew Harrington \/ Honor Society<\/p>\n<p><\/span><br \/>\n<\/figcaption><\/figure>\n<p id=\"mntl-sc-block_117-0\" class=\"comp mntl-sc-block mntl-sc-block-html\"> <a href=\"https:\/\/people.com\/tag\/sarah-michelle-gellar\/\" data-component=\"link\" data-source=\"inlineLink\" data-type=\"internalLink\" data-ordinal=\"1\">Sarah Michelle Gellar<\/a> wears a cheeky message on her sweater as she partners with Campari for Negroni Week.\n<\/p>\n<\/div>\n<div id=\"list-sc-item_39-0\" class=\"comp list-sc-item mntl-block mntl-sc-list-item \">\n<span class=\"heading-toc\" id=\"toc-meal-prepping\" \/><\/p>\n<h2 id=\"mntl-sc-block_118-0\" class=\"comp mntl-sc-block people-sc-block-heading mntl-sc-block-heading mntl-sc-list-item-title\"> <span class=\"mntl-sc-block-heading__text\"> Meal Prepping <\/span> <\/h2>\n<figure id=\"mntl-sc-block_119-0\" class=\"comp mntl-sc-block people-sc-block-image mntl-sc-block-image mntl-sc-block-image--no-theme no-theme figure-portrait figure-high-res\"><figcaption id=\"mntl-figure-caption_39-0\" class=\"comp mntl-figure-caption text-utility-100 figure-article-caption\"> <span class=\"figure-article-caption-text\">Drew Scott.<\/span><br \/>\n<span class=\"figure-article-caption-owner\"><\/p>\n<p>MOVI Inc.<\/p>\n<p><\/span><br \/>\n<\/figcaption><\/figure>\n<p id=\"mntl-sc-block_120-0\" class=\"comp mntl-sc-block mntl-sc-block-html\"> <a href=\"https:\/\/people.com\/tag\/drew-scott\/\" data-component=\"link\" data-source=\"inlineLink\" data-type=\"internalLink\" data-ordinal=\"1\">Drew Scott<\/a> shows off a meal made with Whirlpool&#8217;s new electric smart range on Sept. 22.\n<\/p>\n<\/div>\n<div id=\"list-sc-item_40-0\" class=\"comp list-sc-item mntl-block mntl-sc-list-item \">\n<span class=\"heading-toc\" id=\"toc-say-yes\" \/><\/p>\n<h2 id=\"mntl-sc-block_121-0\" class=\"comp mntl-sc-block people-sc-block-heading mntl-sc-block-heading mntl-sc-list-item-title\"> <span class=\"mntl-sc-block-heading__text\"> Say Yes! <\/span> <\/h2>\n<figure id=\"mntl-sc-block_122-0\" class=\"comp mntl-sc-block people-sc-block-image mntl-sc-block-image mntl-sc-block-image--no-theme no-theme figure-portrait figure-high-res\"><figcaption id=\"mntl-figure-caption_40-0\" class=\"comp mntl-figure-caption text-utility-100 figure-article-caption\"> <span class=\"figure-article-caption-text\">Tina Knowles and Coco Granderson.<\/span><br \/>\n<span class=\"figure-article-caption-owner\"><\/p>\n<p>Steve Lucero\/BFA.com<\/p>\n<p><\/span><br \/>\n<\/figcaption><\/figure>\n<p id=\"mntl-sc-block_123-0\" class=\"comp mntl-sc-block mntl-sc-block-html\"> <a href=\"https:\/\/people.com\/tag\/tina-knowles\/\" data-component=\"link\" data-source=\"inlineLink\" data-type=\"internalLink\" data-ordinal=\"1\">Tina Knowles<\/a> meets 13-year-old skincare brand founder Coco Granderson at the launch of Yes Day in West Hollywood, California.\n<\/p>\n<\/div>\n<div id=\"list-sc-item_41-0\" class=\"comp list-sc-item mntl-block mntl-sc-list-item \">\n<span class=\"heading-toc\" id=\"toc-party-people\" \/><\/p>\n<h2 id=\"mntl-sc-block_124-0\" class=\"comp mntl-sc-block people-sc-block-heading mntl-sc-block-heading mntl-sc-list-item-title\"> <span class=\"mntl-sc-block-heading__text\"> Party People <\/span> <\/h2>\n<figure id=\"mntl-sc-block_125-0\" class=\"comp mntl-sc-block people-sc-block-image mntl-sc-block-image mntl-sc-block-image--no-theme no-theme figure-square figure-high-res\"><figcaption id=\"mntl-figure-caption_41-0\" class=\"comp mntl-figure-caption text-utility-100 figure-article-caption\"> <span class=\"figure-article-caption-text\">Gayle King and Harrison Ford attend The Inaugural NAT Gala in New York City on Sept. 21.<\/span><br \/>\n<span class=\"figure-article-caption-owner\"><\/p>\n<p>Matteo Prandoni\/BFA.com\/Shutterstock<\/p>\n<p><\/span><br \/>\n<\/figcaption><\/figure>\n<p id=\"mntl-sc-block_126-0\" class=\"comp mntl-sc-block mntl-sc-block-html\"> Gayle King and Harrison Ford pose together while attending the first-ever NAT Gala in New York City during the city&#8217;s Climate Week on Sept. 21.\n<\/p>\n<\/div>\n<div id=\"list-sc-item_42-0\" class=\"comp list-sc-item mntl-block mntl-sc-list-item \">\n<span class=\"heading-toc\" id=\"toc-soft-smiles-all-around\" \/><\/p>\n<h2 id=\"mntl-sc-block_127-0\" class=\"comp mntl-sc-block people-sc-block-heading mntl-sc-block-heading mntl-sc-list-item-title\"> <span class=\"mntl-sc-block-heading__text\"> Soft Smiles All Around <\/span> <\/h2>\n<figure id=\"mntl-sc-block_128-0\" class=\"comp mntl-sc-block people-sc-block-image mntl-sc-block-image mntl-sc-block-image--no-theme no-theme figure-square figure-high-res\"><figcaption id=\"mntl-figure-caption_42-0\" class=\"comp mntl-figure-caption text-utility-100 figure-article-caption\"> <span class=\"figure-article-caption-text\">Scarlett Johansson arrives at &#8216;The Late Show With Stephen Colbert&#8221; with a bold red lip on Sept. 22.<\/span><br \/>\n<span class=\"figure-article-caption-owner\"><\/p>\n<p>BG048\/Bauer-Griffin\/GC Images<\/p>\n<p><\/span><br \/>\n<\/figcaption><\/figure>\n<p id=\"mntl-sc-block_129-0\" class=\"comp mntl-sc-block mntl-sc-block-html\"> Scarlett Johansson stuns with a bold red lip upon arrival at <em>The Late Show With Stephen Colbert<\/em> in New York City on Sept. 22.\n<\/p>\n<\/div>\n<div id=\"list-sc-item_43-0\" class=\"comp list-sc-item mntl-block mntl-sc-list-item \">\n<span class=\"heading-toc\" id=\"toc-all-about-community\" \/><\/p>\n<h2 id=\"mntl-sc-block_130-0\" class=\"comp mntl-sc-block people-sc-block-heading mntl-sc-block-heading mntl-sc-list-item-title\"> <span class=\"mntl-sc-block-heading__text\"> All About Community <\/span> <\/h2>\n<figure id=\"mntl-sc-block_131-0\" class=\"comp mntl-sc-block people-sc-block-image mntl-sc-block-image mntl-sc-block-image--no-theme no-theme figure-square figure-high-res\"><figcaption id=\"mntl-figure-caption_43-0\" class=\"comp mntl-figure-caption text-utility-100 figure-article-caption\"> <span class=\"figure-article-caption-text\">Prince William and Kate Middleton visit Farnborough Road Infant and Junior School on Sept. 23.<\/span><br \/>\n<span class=\"figure-article-caption-owner\"><\/p>\n<p>Eddie Mulholland &#8211; WPA Pool\/Getty<\/p>\n<p><\/span><br \/>\n<\/figcaption><\/figure>\n<p id=\"mntl-sc-block_132-0\" class=\"comp mntl-sc-block mntl-sc-block-html\"> Prince William and Kate Middleton visit Farnborough Road Infant and Junior School on Sept. 23 in Southport, England to show their support for the community impacted by last year&#8217;s knife attack.\n<\/p>\n<\/div>\n<div id=\"list-sc-item_44-0\" class=\"comp list-sc-item mntl-block mntl-sc-list-item \">\n<span class=\"heading-toc\" id=\"toc-pals-on-set\" \/><\/p>\n<h2 id=\"mntl-sc-block_133-0\" class=\"comp mntl-sc-block people-sc-block-heading mntl-sc-block-heading mntl-sc-list-item-title\"> <span class=\"mntl-sc-block-heading__text\"> Pals on Set <\/span> <\/h2>\n<figure id=\"mntl-sc-block_134-0\" class=\"comp mntl-sc-block people-sc-block-image mntl-sc-block-image mntl-sc-block-image--no-theme no-theme figure-square figure-high-res\"><figcaption id=\"mntl-figure-caption_44-0\" class=\"comp mntl-figure-caption text-utility-100 figure-article-caption\"> <span class=\"figure-article-caption-text\">Pals Kelli Giddish and Mariska Hargitay on the set of &#8216;Law and Order: Special Victims Unit&#8217;.<\/span><br \/>\n<span class=\"figure-article-caption-owner\"><\/p>\n<p>Jose Perez\/Bauer-Griffin\/GC Images<\/p>\n<p><\/span><br \/>\n<\/figcaption><\/figure>\n<p id=\"mntl-sc-block_135-0\" class=\"comp mntl-sc-block mntl-sc-block-html\"> Kelli Giddish and Mariska Hargitay have some fun on the set of <em>Law and Order: Special Victims Unit<\/em> in New York City on Sept. 22.\n<\/p>\n<\/div>\n<div id=\"list-sc-item_45-0\" class=\"comp list-sc-item mntl-block mntl-sc-list-item \">\n<span class=\"heading-toc\" id=\"toc-a-sporty-chic-date\" \/><\/p>\n<h2 id=\"mntl-sc-block_136-0\" class=\"comp mntl-sc-block people-sc-block-heading mntl-sc-block-heading mntl-sc-list-item-title\"> <span class=\"mntl-sc-block-heading__text\"> A Sporty Chic Date <\/span> <\/h2>\n<figure id=\"mntl-sc-block_137-0\" class=\"comp mntl-sc-block people-sc-block-image mntl-sc-block-image mntl-sc-block-image--no-theme no-theme figure-landscape figure-high-res\"><figcaption id=\"mntl-figure-caption_45-0\" class=\"comp mntl-figure-caption text-utility-100 figure-article-caption\"> <span class=\"figure-article-caption-text\">Adam Scott and Naomi Scott attend Laver Cup 2025 in San Francisco on Sept. 20.<\/span><br \/>\n<span class=\"figure-article-caption-owner\"><\/p>\n<p>Miikka Skaffari\/Getty<\/p>\n<p><\/span><br \/>\n<\/figcaption><\/figure>\n<p id=\"mntl-sc-block_138-0\" class=\"comp mntl-sc-block mntl-sc-block-html\"> <a href=\"https:\/\/people.com\/tag\/adam-scott\/\" data-component=\"link\" data-source=\"inlineLink\" data-type=\"internalLink\" data-ordinal=\"1\">Adam Scott<\/a> and <a href=\"https:\/\/people.com\/all-about-naomi-scott-adam-scott-wife-11808885\" data-component=\"link\" data-source=\"inlineLink\" data-type=\"internalLink\" data-ordinal=\"2\">Naomi Scott<\/a> cozy up at Laver Cup 2025 in San Francisco on Sept. 20.\n<\/p>\n<\/div>\n<div id=\"list-sc-item_46-0\" class=\"comp list-sc-item mntl-block mntl-sc-list-item \">\n<span class=\"heading-toc\" id=\"toc-catching-up\" \/><\/p>\n<h2 id=\"mntl-sc-block_139-0\" class=\"comp mntl-sc-block people-sc-block-heading mntl-sc-block-heading mntl-sc-list-item-title\"> <span class=\"mntl-sc-block-heading__text\"> Catching Up <\/span> <\/h2>\n<figure id=\"mntl-sc-block_140-0\" class=\"comp mntl-sc-block people-sc-block-image mntl-sc-block-image mntl-sc-block-image--no-theme no-theme figure-portrait figure-high-res\"><figcaption id=\"mntl-figure-caption_46-0\" class=\"comp mntl-figure-caption text-utility-100 figure-article-caption\"> <span class=\"figure-article-caption-text\">Sean Penn at &#8216;The Tonight Show Starring Jimmy Fallon&#8217; on Sept. 22.<\/span><br \/>\n<span class=\"figure-article-caption-owner\"><\/p>\n<p>Todd Owyoung\/NBC via Getty<\/p>\n<p><\/span><br \/>\n<\/figcaption><\/figure>\n<p id=\"mntl-sc-block_141-0\" class=\"comp mntl-sc-block mntl-sc-block-html\"> <a href=\"https:\/\/people.com\/tag\/sean-penn\/\" data-component=\"link\" data-source=\"inlineLink\" data-type=\"internalLink\" data-ordinal=\"1\">Sean Penn<\/a> talks internet rumors and new film <a href=\"https:\/\/people.com\/leonardo-dicaprio-sean-penn-star-in-one-battle-after-another-trailer-11778195\" data-component=\"link\" data-source=\"inlineLink\" data-type=\"internalLink\" data-ordinal=\"2\"><em>One Battle After Another<\/em><\/a> during an appearance on <em>The Tonight Show Starring Jimmy Fallon<\/em> on Sept. 22.\n<\/p>\n<\/div>\n<div id=\"list-sc-item_47-0\" class=\"comp list-sc-item mntl-block mntl-sc-list-item \">\n<span class=\"heading-toc\" id=\"toc-living-on-the-edge\" \/><\/p>\n<h2 id=\"mntl-sc-block_142-0\" class=\"comp mntl-sc-block people-sc-block-heading mntl-sc-block-heading mntl-sc-list-item-title\"> <span class=\"mntl-sc-block-heading__text\"> Living on the Edge <\/span> <\/h2>\n<figure id=\"mntl-sc-block_143-0\" class=\"comp mntl-sc-block people-sc-block-image mntl-sc-block-image mntl-sc-block-image--no-theme no-theme figure-landscape figure-high-res\"><figcaption id=\"mntl-figure-caption_47-0\" class=\"comp mntl-figure-caption text-utility-100 figure-article-caption\"> <span class=\"figure-article-caption-text\">Gillian Anderson, Evan Peters, Jared Leto, Greta Lee and Joachim R\u00f8nning at The Edge.<\/span><br \/>\n<span class=\"figure-article-caption-owner\"><\/p>\n<p>Wes Ellis<\/p>\n<p><\/span><br \/>\n<\/figcaption><\/figure>\n<p id=\"mntl-sc-block_144-0\" class=\"comp mntl-sc-block mntl-sc-block-html\"> <a href=\"https:\/\/people.com\/tag\/gillian-anderson\/\" data-component=\"link\" data-source=\"inlineLink\" data-type=\"internalLink\" data-ordinal=\"1\">Gillian Anderson<\/a>, <a href=\"https:\/\/people.com\/tag\/evan-peters\/\" data-component=\"link\" data-source=\"inlineLink\" data-type=\"internalLink\" data-ordinal=\"2\">Evan Peters<\/a>, <a href=\"https:\/\/people.com\/tag\/jared-leto\/\" data-component=\"link\" data-source=\"inlineLink\" data-type=\"internalLink\" data-ordinal=\"3\">Jared Leto<\/a>, Greta Lee and Joachim R\u00f8nning look fierce at The Edge in New York City, kicking off the press tour for new film <a href=\"https:\/\/people.com\/tron-ares-first-trailer-shows-jared-leto-teases-jeff-bridges-return-watch-8766387\" data-component=\"link\" data-source=\"inlineLink\" data-type=\"internalLink\" data-ordinal=\"4\"><em>Tron: Ares<\/em><\/a> on Sept. 21.\n<\/p>\n<\/div>\n<div id=\"list-sc-item_48-0\" class=\"comp list-sc-item mntl-block mntl-sc-list-item \">\n<span class=\"heading-toc\" id=\"toc-stepping-out\" \/><\/p>\n<h2 id=\"mntl-sc-block_145-0\" class=\"comp mntl-sc-block people-sc-block-heading mntl-sc-block-heading mntl-sc-list-item-title\"> <span class=\"mntl-sc-block-heading__text\"> Stepping Out <\/span> <\/h2>\n<figure id=\"mntl-sc-block_146-0\" class=\"comp mntl-sc-block people-sc-block-image mntl-sc-block-image mntl-sc-block-image--no-theme no-theme figure-portrait figure-high-res\"><figcaption id=\"mntl-figure-caption_48-0\" class=\"comp mntl-figure-caption text-utility-100 figure-article-caption\"> <span class=\"figure-article-caption-text\">Olivia Wilde steps out in New York City on Sept. 22.<\/span><br \/>\n<span class=\"figure-article-caption-owner\"><\/p>\n<p>TheImageDirect.com<\/p>\n<p><\/span><br \/>\n<\/figcaption><\/figure>\n<p id=\"mntl-sc-block_147-0\" class=\"comp mntl-sc-block mntl-sc-block-html\"> It Girl alert: <a href=\"https:\/\/people.com\/tag\/olivia-wilde\/\" data-component=\"link\" data-source=\"inlineLink\" data-type=\"internalLink\" data-ordinal=\"1\">Olivia Wilde<\/a> steps out wearing a black suit and tie in New York City on Sept. 22.\n<\/p>\n<\/div>\n<div id=\"list-sc-item_49-0\" class=\"comp list-sc-item mntl-block mntl-sc-list-item \">\n<span class=\"heading-toc\" id=\"toc-hand-on-hip\" \/><\/p>\n<h2 id=\"mntl-sc-block_148-0\" class=\"comp mntl-sc-block people-sc-block-heading mntl-sc-block-heading mntl-sc-list-item-title\"> <span class=\"mntl-sc-block-heading__text\"> Hand on Hip <\/span> <\/h2>\n<figure id=\"mntl-sc-block_149-0\" class=\"comp mntl-sc-block people-sc-block-image mntl-sc-block-image mntl-sc-block-image--no-theme no-theme figure-portrait figure-high-res\"><figcaption id=\"mntl-figure-caption_49-0\" class=\"comp mntl-figure-caption text-utility-100 figure-article-caption\"> <span class=\"figure-article-caption-text\">Olivia Culpo appears on &#8216;The Jennifer Hudson Show&#8217; on Sept. 18 in Burbank, California.<\/span><br \/>\n<span class=\"figure-article-caption-owner\"><\/p>\n<p>Chris Haston\/WBTV via Getty<\/p>\n<p><\/span><br \/>\n<\/figcaption><\/figure>\n<p id=\"mntl-sc-block_150-0\" class=\"comp mntl-sc-block mntl-sc-block-html\"> <a href=\"https:\/\/people.com\/tag\/olivia-culpo\/\" data-component=\"link\" data-source=\"inlineLink\" data-type=\"internalLink\" data-ordinal=\"1\">Olivia Culpo<\/a> pops a hand on her hip on <em>The Jennifer Hudson Show<\/em> in Burbank, California on Sept. 18.\n<\/p>\n<\/div>\n<div id=\"list-sc-item_51-0\" class=\"comp list-sc-item mntl-block mntl-sc-list-item \">\n<span class=\"heading-toc\" id=\"toc-cheers\" \/><\/p>\n<h2 id=\"mntl-sc-block_154-0\" class=\"comp mntl-sc-block people-sc-block-heading mntl-sc-block-heading mntl-sc-list-item-title\"> <span class=\"mntl-sc-block-heading__text\"> Cheers! <\/span> <\/h2>\n<figure id=\"mntl-sc-block_155-0\" class=\"comp mntl-sc-block people-sc-block-image mntl-sc-block-image mntl-sc-block-image--no-theme no-theme figure-landscape figure-high-res\"><figcaption id=\"mntl-figure-caption_51-0\" class=\"comp mntl-figure-caption text-utility-100 figure-article-caption\"> <span class=\"figure-article-caption-text\">Willem Dafoe unveils the renamed &#8216;The Barley Dafoe&#8217; pub in Mayfair, London on Sept. 22.<\/span><br \/>\n<span class=\"figure-article-caption-owner\"><\/p>\n<p>John Phillips\/Getty<\/p>\n<p><\/span><br \/>\n<\/figcaption><\/figure>\n<p id=\"mntl-sc-block_156-0\" class=\"comp mntl-sc-block mntl-sc-block-html\"> A bearded <a href=\"https:\/\/people.com\/tag\/willem-dafoe\/\" data-component=\"link\" data-source=\"inlineLink\" data-type=\"internalLink\" data-ordinal=\"1\">Willem Dafoe<\/a> unveils whiskey collaboration with Laphroaig at renamed pub, The Barley Dafoe, in Mayfair, London on Sept. 22.\u00a0\n<\/p>\n<\/div>\n<div id=\"list-sc-item_52-0\" class=\"comp list-sc-item mntl-block mntl-sc-list-item \">\n<span class=\"heading-toc\" id=\"toc-time-to-celebrate\" \/><\/p>\n<h2 id=\"mntl-sc-block_157-0\" class=\"comp mntl-sc-block people-sc-block-heading mntl-sc-block-heading mntl-sc-list-item-title\"> <span class=\"mntl-sc-block-heading__text\"> Time to Celebrate <\/span> <\/h2>\n<figure id=\"mntl-sc-block_158-0\" class=\"comp mntl-sc-block people-sc-block-image mntl-sc-block-image mntl-sc-block-image--no-theme no-theme figure-landscape figure-high-res\"><figcaption id=\"mntl-figure-caption_52-0\" class=\"comp mntl-figure-caption text-utility-100 figure-article-caption\"> <span class=\"figure-article-caption-text\">Reid Scott, Odelya Halevi, Tony Goldwyn and Hugh Dancy visit SiriusXM Studios on Sept. 22.<\/span><br \/>\n<span class=\"figure-article-caption-owner\"><\/p>\n<p>Michael Loccisano\/Getty<\/p>\n<p><\/span><br \/>\n<\/figcaption><\/figure>\n<p id=\"mntl-sc-block_159-0\" class=\"comp mntl-sc-block mntl-sc-block-html\"> <a href=\"https:\/\/people.com\/tag\/reid-scott\/\" data-component=\"link\" data-source=\"inlineLink\" data-type=\"internalLink\" data-ordinal=\"1\">Reid Scott<\/a>, Odelya Halevi, <a href=\"https:\/\/people.com\/tag\/tony-goldwyn\/\" data-component=\"link\" data-source=\"inlineLink\" data-type=\"internalLink\" data-ordinal=\"2\">Tony Goldwyn<\/a> and <a href=\"https:\/\/people.com\/tag\/hugh-dancy\/\" data-component=\"link\" data-source=\"inlineLink\" data-type=\"internalLink\" data-ordinal=\"3\">Hugh Dancy<\/a> visit SiriusXM Studios in New York City on Sept. 22 to celebrate 25th season of <em>Law &amp; Order<\/em>.\n<\/p>\n<\/div>\n<div id=\"list-sc-item_53-0\" class=\"comp list-sc-item mntl-block mntl-sc-list-item \">\n<span class=\"heading-toc\" id=\"toc-keeping-cool\" \/><\/p>\n<h2 id=\"mntl-sc-block_160-0\" class=\"comp mntl-sc-block people-sc-block-heading mntl-sc-block-heading mntl-sc-list-item-title\"> <span class=\"mntl-sc-block-heading__text\"> Keeping Cool <\/span> <\/h2>\n<figure id=\"mntl-sc-block_161-0\" class=\"comp mntl-sc-block people-sc-block-image mntl-sc-block-image mntl-sc-block-image--no-theme no-theme figure-landscape figure-high-res\"><figcaption id=\"mntl-figure-caption_53-0\" class=\"comp mntl-figure-caption text-utility-100 figure-article-caption\"> <span class=\"figure-article-caption-text\">Tennis legend Andy Roddick stays hydrated at The Laver Cup 2025 in San Francisco.<\/span><br \/>\n<span class=\"figure-article-caption-owner\"><\/p>\n<p>Icelandic Glacial\u00a0<\/p>\n<p><\/span><br \/>\n<\/figcaption><\/figure>\n<p id=\"mntl-sc-block_162-0\" class=\"comp mntl-sc-block mntl-sc-block-html\"> Tennis legend <a href=\"https:\/\/people.com\/tag\/andy-roddick\/\" data-component=\"link\" data-source=\"inlineLink\" data-type=\"internalLink\" data-ordinal=\"1\">Andy Roddick<\/a> stays shaded and hydrated at Laver Cup 2025 in San Francisco on Sept. 20.\u00a0\n<\/p>\n<\/div>\n<div id=\"list-sc-item_54-0\" class=\"comp list-sc-item mntl-block mntl-sc-list-item \">\n<span class=\"heading-toc\" id=\"toc-courtside\" \/><\/p>\n<h2 id=\"mntl-sc-block_163-0\" class=\"comp mntl-sc-block people-sc-block-heading mntl-sc-block-heading mntl-sc-list-item-title\"> <span class=\"mntl-sc-block-heading__text\"> Courtside <\/span> <\/h2>\n<figure id=\"mntl-sc-block_164-0\" class=\"comp mntl-sc-block people-sc-block-image mntl-sc-block-image mntl-sc-block-image--no-theme no-theme figure-portrait figure-high-res\"><figcaption id=\"mntl-figure-caption_54-0\" class=\"comp mntl-figure-caption text-utility-100 figure-article-caption\"> <span class=\"figure-article-caption-text\">Uzo Aduba attends day two of Laver Cup 2025 in San Francisco on Sept. 20.<\/span><br \/>\n<span class=\"figure-article-caption-owner\"><\/p>\n<p>Miikka Skaffari\/Getty<\/p>\n<p><\/span><br \/>\n<\/figcaption><\/figure>\n<p id=\"mntl-sc-block_165-0\" class=\"comp mntl-sc-block mntl-sc-block-html\"> She is the moment! Actress Uzo Aduba attends Laver Cup 2025 at Chase Center in San Francisco on Sept. 20.\n<\/p>\n<\/div>\n<div id=\"list-sc-item_55-0\" class=\"comp list-sc-item mntl-block mntl-sc-list-item \">\n<span class=\"heading-toc\" id=\"toc-shades-on\" \/><\/p>\n<h2 id=\"mntl-sc-block_166-0\" class=\"comp mntl-sc-block people-sc-block-heading mntl-sc-block-heading mntl-sc-list-item-title\"> <span class=\"mntl-sc-block-heading__text\"> Shades on <\/span> <\/h2>\n<figure id=\"mntl-sc-block_167-0\" class=\"comp mntl-sc-block people-sc-block-image mntl-sc-block-image mntl-sc-block-image--no-theme no-theme figure-landscape figure-high-res\"><figcaption id=\"mntl-figure-caption_55-0\" class=\"comp mntl-figure-caption text-utility-100 figure-article-caption\"> <span class=\"figure-article-caption-text\">Cooper Koch attends day two of Laver Cup 2025 in San Francisco on Sept. 20.<\/span><br \/>\n<span class=\"figure-article-caption-owner\"><\/p>\n<p>Miikka Skaffari\/Getty<\/p>\n<p><\/span><br \/>\n<\/figcaption><\/figure>\n<p id=\"mntl-sc-block_168-0\" class=\"comp mntl-sc-block mntl-sc-block-html\"> Cooper Koch rings in fall with an olive green sweater at day two of Laver Cup 2025 in San Francisco on Sept. 20.\u00a0\n<\/p>\n<\/div>\n<div id=\"list-sc-item_56-0\" class=\"comp list-sc-item mntl-block mntl-sc-list-item \">\n<span class=\"heading-toc\" id=\"toc-got-one-hand-in-my-pocket\" \/><\/p>\n<h2 id=\"mntl-sc-block_169-0\" class=\"comp mntl-sc-block people-sc-block-heading mntl-sc-block-heading mntl-sc-list-item-title\"> <span class=\"mntl-sc-block-heading__text\"> Got One Hand in My Pocket <\/span> <\/h2>\n<figure id=\"mntl-sc-block_170-0\" class=\"comp mntl-sc-block people-sc-block-image mntl-sc-block-image mntl-sc-block-image--no-theme no-theme figure-portrait figure-high-res\"><figcaption id=\"mntl-figure-caption_56-0\" class=\"comp mntl-figure-caption text-utility-100 figure-article-caption\"> <span class=\"figure-article-caption-text\">Zachary Quinto poses backstage on &#8216;The Tonight Show Starring Jimmy Fallon&#8217; on Sept. 22.<\/span><br \/>\n<span class=\"figure-article-caption-owner\"><\/p>\n<p>Todd Owyoung\/NBC via Getty\u00a0<\/p>\n<p><\/span><br \/>\n<\/figcaption><\/figure>\n<p id=\"mntl-sc-block_171-0\" class=\"comp mntl-sc-block mntl-sc-block-html\"> <a href=\"https:\/\/people.com\/tag\/zachary-quinto\/\" data-component=\"link\" data-source=\"inlineLink\" data-type=\"internalLink\" data-ordinal=\"1\">Zachary Quinto<\/a> looks chic in denim backstage on <em>The Tonight Show Starring Jimmy Fallon<\/em> on Sept. 22 in New York City.\u00a0\n<\/p>\n<\/div>\n<div id=\"list-sc-item_57-0\" class=\"comp list-sc-item mntl-block mntl-sc-list-item \">\n<span class=\"heading-toc\" id=\"toc-selfie-oclock\" \/><\/p>\n<h2 id=\"mntl-sc-block_172-0\" class=\"comp mntl-sc-block people-sc-block-heading mntl-sc-block-heading mntl-sc-list-item-title\"> <span class=\"mntl-sc-block-heading__text\"> Selfie O&#8217;clock <\/span> <\/h2>\n<figure id=\"mntl-sc-block_173-0\" class=\"comp mntl-sc-block people-sc-block-image mntl-sc-block-image mntl-sc-block-image--no-theme no-theme figure-landscape figure-high-res\"><figcaption id=\"mntl-figure-caption_57-0\" class=\"comp mntl-figure-caption text-utility-100 figure-article-caption\"> <span class=\"figure-article-caption-text\">Simon Cowell and Jennifer Hudson take a selfie at &#8216;The Jennifer Hudson Show&#8217; in Burbank, California.<\/span><br \/>\n<span class=\"figure-article-caption-owner\"><\/p>\n<p>Chris Haston\/WBTV via Getty<\/p>\n<p><\/span><br \/>\n<\/figcaption><\/figure>\n<p id=\"mntl-sc-block_174-0\" class=\"comp mntl-sc-block mntl-sc-block-html\"> Dazzling in purple, <a href=\"https:\/\/people.com\/tag\/jennifer-hudson\/\" data-component=\"link\" data-source=\"inlineLink\" data-type=\"internalLink\" data-ordinal=\"1\">Jennifer Hudson<\/a> takes a selfie with <a href=\"https:\/\/people.com\/tag\/simon-cowell\/\" data-component=\"link\" data-source=\"inlineLink\" data-type=\"internalLink\" data-ordinal=\"2\">Simon Cowell<\/a> during taping of<em>The Jennifer Hudson Show<\/em> in Burbank, California on Sept. 18.\n<\/p>\n<\/div>\n<div id=\"list-sc-item_58-0\" class=\"comp list-sc-item mntl-block mntl-sc-list-item \">\n<span class=\"heading-toc\" id=\"toc-star-power\" \/><\/p>\n<h2 id=\"mntl-sc-block_175-0\" class=\"comp mntl-sc-block people-sc-block-heading mntl-sc-block-heading mntl-sc-list-item-title\"> <span class=\"mntl-sc-block-heading__text\"> Star Power <\/span> <\/h2>\n<figure id=\"mntl-sc-block_176-0\" class=\"comp mntl-sc-block people-sc-block-image mntl-sc-block-image mntl-sc-block-image--no-theme no-theme figure-landscape figure-high-res\"><figcaption id=\"mntl-figure-caption_58-0\" class=\"comp mntl-figure-caption text-utility-100 figure-article-caption\"> <span class=\"figure-article-caption-text\">Bill Nye poses during Hollywood Walk Of Fame ceremony on Sept. 22 in Hollywood, California.<\/span><br \/>\n<span class=\"figure-article-caption-owner\"><\/p>\n<p>Unique Nicole\/Getty<\/p>\n<p><\/span><br \/>\n<\/figcaption><\/figure>\n<p id=\"mntl-sc-block_177-0\" class=\"comp mntl-sc-block mntl-sc-block-html\"> Bill Nye the Science Guy poses in a yellow bow tie as he receives a star on the Hollywood Walk of Fame on Sept. 22 in Hollywood.\n<\/p>\n<\/div>\n<div id=\"list-sc-item_59-0\" class=\"comp list-sc-item mntl-block mntl-sc-list-item \">\n<span class=\"heading-toc\" id=\"toc-green-goddess\" \/><\/p>\n<h2 id=\"mntl-sc-block_178-0\" class=\"comp mntl-sc-block people-sc-block-heading mntl-sc-block-heading mntl-sc-list-item-title\"> <span class=\"mntl-sc-block-heading__text\"> Green Goddess <\/span> <\/h2>\n<figure id=\"mntl-sc-block_179-0\" class=\"comp mntl-sc-block people-sc-block-image mntl-sc-block-image mntl-sc-block-image--no-theme no-theme figure-portrait figure-high-res\"><figcaption id=\"mntl-figure-caption_59-0\" class=\"comp mntl-figure-caption text-utility-100 figure-article-caption\"> <span class=\"figure-article-caption-text\">Naomi Campbell at the Burberry fashion show in London, England during 2026 London Fashion Week.<\/span><br \/>\n<span class=\"figure-article-caption-owner\"><\/p>\n<p>Saira MacLeod\/WWD via Getty<\/p>\n<p><\/span><br \/>\n<\/figcaption><\/figure>\n<p id=\"mntl-sc-block_180-0\" class=\"comp mntl-sc-block mntl-sc-block-html\"> <a href=\"https:\/\/people.com\/tag\/naomi-campbell\/\" data-component=\"link\" data-source=\"inlineLink\" data-type=\"internalLink\" data-ordinal=\"1\">Naomi Campbell<\/a> reimagines green velour on Sept. 22 at the Burberry fashion show during London Fashion Week.\n<\/p>\n<\/div>\n<div id=\"list-sc-item_60-0\" class=\"comp list-sc-item mntl-block mntl-sc-list-item \">\n<span class=\"heading-toc\" id=\"toc-burberry-babe\" \/><\/p>\n<h2 id=\"mntl-sc-block_181-0\" class=\"comp mntl-sc-block people-sc-block-heading mntl-sc-block-heading mntl-sc-list-item-title\"> <span class=\"mntl-sc-block-heading__text\"> Burberry Babe <\/span> <\/h2>\n<figure id=\"mntl-sc-block_182-0\" class=\"comp mntl-sc-block people-sc-block-image mntl-sc-block-image mntl-sc-block-image--no-theme no-theme figure-portrait figure-high-res\"><figcaption id=\"mntl-figure-caption_60-0\" class=\"comp mntl-figure-caption text-utility-100 figure-article-caption\"> <span class=\"figure-article-caption-text\">Singer Raye outside Burberry during London Fashion Week on Sept. 22 in London, England.<\/span><br \/>\n<span class=\"figure-article-caption-owner\"><\/p>\n<p>Hanna Lassen\/Getty<\/p>\n<p><\/span><br \/>\n<\/figcaption><\/figure>\n<p id=\"mntl-sc-block_183-0\" class=\"comp mntl-sc-block mntl-sc-block-html\"> Singer Raye is Burberry-clad during London Fashion Week on Sept. 22.\n<\/p>\n<\/div>\n<div id=\"list-sc-item_61-0\" class=\"comp list-sc-item mntl-block mntl-sc-list-item \">\n<span class=\"heading-toc\" id=\"toc-tasteful-trench\" \/><\/p>\n<h2 id=\"mntl-sc-block_184-0\" class=\"comp mntl-sc-block people-sc-block-heading mntl-sc-block-heading mntl-sc-list-item-title\"> <span class=\"mntl-sc-block-heading__text\"> Tasteful Trench <\/span> <\/h2>\n<figure id=\"mntl-sc-block_185-0\" class=\"comp mntl-sc-block people-sc-block-image mntl-sc-block-image mntl-sc-block-image--no-theme no-theme figure-portrait figure-high-res\"><figcaption id=\"mntl-figure-caption_61-0\" class=\"comp mntl-figure-caption text-utility-100 figure-article-caption\"> <span class=\"figure-article-caption-text\">Iris Law attends the Burberry show during London Fashion Week in London, England on Sept. 22.<\/span><br \/>\n<span class=\"figure-article-caption-owner\"><\/p>\n<p>Neil Mockford\/FilmMagic<\/p>\n<p><\/span><br \/>\n<\/figcaption><\/figure>\n<p id=\"mntl-sc-block_186-0\" class=\"comp mntl-sc-block mntl-sc-block-html\"> Iris Law sports a burnt orange trench coat while attending the Burberry show during London Fashion Week on Sept. 22.\u00a0\n<\/p>\n<\/div>\n<div id=\"list-sc-item_62-0\" class=\"comp list-sc-item mntl-block mntl-sc-list-item \">\n<span class=\"heading-toc\" id=\"toc-all-buttoned-up\" \/><\/p>\n<h2 id=\"mntl-sc-block_187-0\" class=\"comp mntl-sc-block people-sc-block-heading mntl-sc-block-heading mntl-sc-list-item-title\"> <span class=\"mntl-sc-block-heading__text\"> All Buttoned Up <\/span> <\/h2>\n<figure id=\"mntl-sc-block_188-0\" class=\"comp mntl-sc-block people-sc-block-image mntl-sc-block-image mntl-sc-block-image--no-theme no-theme figure-portrait figure-high-res\"><figcaption id=\"mntl-figure-caption_62-0\" class=\"comp mntl-figure-caption text-utility-100 figure-article-caption\"> <span class=\"figure-article-caption-text\">Alexa Chung attends the Burberry show during London Fashion Week in London, England on Sept. 22.<\/span><br \/>\n<span class=\"figure-article-caption-owner\"><\/p>\n<p>Neil Mockford\/FilmMagic<\/p>\n<p><\/span><br \/>\n<\/figcaption><\/figure>\n<p id=\"mntl-sc-block_189-0\" class=\"comp mntl-sc-block mntl-sc-block-html\"> Alexa Chung attends the Burberry show in a white trench coat during London Fashion Week on Sept. 22.\u00a0\n<\/p>\n<\/div>\n<div id=\"list-sc-item_63-0\" class=\"comp list-sc-item mntl-block mntl-sc-list-item \">\n<span class=\"heading-toc\" id=\"toc-peekaboo\" \/><\/p>\n<h2 id=\"mntl-sc-block_190-0\" class=\"comp mntl-sc-block people-sc-block-heading mntl-sc-block-heading mntl-sc-list-item-title\"> <span class=\"mntl-sc-block-heading__text\"> Peekaboo <\/span> <\/h2>\n<figure id=\"mntl-sc-block_191-0\" class=\"comp mntl-sc-block people-sc-block-image mntl-sc-block-image mntl-sc-block-image--no-theme no-theme figure-landscape figure-high-res\"><figcaption id=\"mntl-figure-caption_63-0\" class=\"comp mntl-figure-caption text-utility-100 figure-article-caption\"> <span class=\"figure-article-caption-text\">Kyle MacLachlan looks through grape vines at Pursued By Bear winery in Walla Walla, Washington.<\/span><br \/>\n<span class=\"figure-article-caption-owner\"><\/p>\n<p>Mat Hayward\/Getty<\/p>\n<p><\/span><br \/>\n<\/figcaption><\/figure>\n<p id=\"mntl-sc-block_192-0\" class=\"comp mntl-sc-block mntl-sc-block-html\"> So much for camouflaging \u2014 <a href=\"https:\/\/people.com\/tag\/kyle-maclachlan\/\" data-component=\"link\" data-source=\"inlineLink\" data-type=\"internalLink\" data-ordinal=\"1\">Kyle MacLachlan<\/a> looks through grape vines during harvest for Pursued By Bear winery in Walla Walla, Washington on Sept. 22.\n<\/p>\n<\/div>\n<div id=\"list-sc-item_64-0\" class=\"comp list-sc-item mntl-block mntl-sc-list-item \">\n<span class=\"heading-toc\" id=\"toc-all-dressed-up\" \/><\/p>\n<h2 id=\"mntl-sc-block_193-0\" class=\"comp mntl-sc-block people-sc-block-heading mntl-sc-block-heading mntl-sc-list-item-title\"> <span class=\"mntl-sc-block-heading__text\"> All Dressed Up <\/span> <\/h2>\n<figure id=\"mntl-sc-block_194-0\" class=\"comp mntl-sc-block people-sc-block-image mntl-sc-block-image mntl-sc-block-image--no-theme no-theme figure-portrait figure-high-res\"><figcaption id=\"mntl-figure-caption_64-0\" class=\"comp mntl-figure-caption text-utility-100 figure-article-caption\"> <span class=\"figure-article-caption-text\">Jodie Turner-Smith at the Burberry fashion show during 2026 London Fashion Week in London, England.<\/span><br \/>\n<span class=\"figure-article-caption-owner\"><\/p>\n<p>Saira MacLeod\/WWD via Getty<\/p>\n<p><\/span><br \/>\n<\/figcaption><\/figure>\n<p id=\"mntl-sc-block_195-0\" class=\"comp mntl-sc-block mntl-sc-block-html\"> Jodie Turner-Smith stuns in black and white frilly dress on Sept. 22 at the Burberry fashion show during London Fashion Week.\n<\/p>\n<\/div>\n<div id=\"list-sc-item_65-0\" class=\"comp list-sc-item mntl-block mntl-sc-list-item \">\n<span class=\"heading-toc\" id=\"toc-making-her-way-downtown\" \/><\/p>\n<h2 id=\"mntl-sc-block_196-0\" class=\"comp mntl-sc-block people-sc-block-heading mntl-sc-block-heading mntl-sc-list-item-title\"> <span class=\"mntl-sc-block-heading__text\"> Making Her Way Downtown <\/span> <\/h2>\n<figure id=\"mntl-sc-block_197-0\" class=\"comp mntl-sc-block people-sc-block-image mntl-sc-block-image mntl-sc-block-image--no-theme no-theme figure-square figure-high-res\"><figcaption id=\"mntl-figure-caption_65-0\" class=\"comp mntl-figure-caption text-utility-100 figure-article-caption\"> <span class=\"figure-article-caption-text\">Mariska Hargitay.<\/span><br \/>\n<span class=\"figure-article-caption-owner\"><\/p>\n<p>Jose Perez\/Bauer-Griffin\/GC Images<\/p>\n<p><\/span><br \/>\n<\/figcaption><\/figure>\n<p id=\"mntl-sc-block_198-0\" class=\"comp mntl-sc-block mntl-sc-block-html\"> Mariska Hargitay sports shades as she struts the sidewalks on the set of <em>Law &amp; Order: Special Victims Unit<\/em> in New York City on Sept. 22.\n<\/p>\n<\/div>\n<div id=\"list-sc-item_66-0\" class=\"comp list-sc-item mntl-block mntl-sc-list-item \">\n<span class=\"heading-toc\" id=\"toc-man-of-the-moment\" \/><\/p>\n<h2 id=\"mntl-sc-block_199-0\" class=\"comp mntl-sc-block people-sc-block-heading mntl-sc-block-heading mntl-sc-list-item-title\"> <span class=\"mntl-sc-block-heading__text\"> Man of the Moment <\/span> <\/h2>\n<figure id=\"mntl-sc-block_200-0\" class=\"comp mntl-sc-block people-sc-block-image mntl-sc-block-image mntl-sc-block-image--no-theme no-theme figure-square figure-high-res\"><figcaption id=\"mntl-figure-caption_66-0\" class=\"comp mntl-figure-caption text-utility-100 figure-article-caption\"> <span class=\"figure-article-caption-text\">Jonathan Bailey.<\/span><br \/>\n<span class=\"figure-article-caption-owner\"><\/p>\n<p>Neil Mockford\/FilmMagic<\/p>\n<p><\/span><br \/>\n<\/figcaption><\/figure>\n<p id=\"mntl-sc-block_201-0\" class=\"comp mntl-sc-block mntl-sc-block-html\"> Jonathan Bailey looks dapper as he arrives at the Burberry show during London Fashion Week on Sept. 22.\n<\/p>\n<\/div>\n<div id=\"list-sc-item_67-0\" class=\"comp list-sc-item mntl-block mntl-sc-list-item \">\n<span class=\"heading-toc\" id=\"toc-everythings-coming-up-ross\" \/><\/p>\n<h2 id=\"mntl-sc-block_202-0\" class=\"comp mntl-sc-block people-sc-block-heading mntl-sc-block-heading mntl-sc-list-item-title\"> <span class=\"mntl-sc-block-heading__text\"> Everything&#8217;s Coming Up Ros\u00e9&#8217;s <\/span> <\/h2>\n<figure id=\"mntl-sc-block_203-0\" class=\"comp mntl-sc-block people-sc-block-image mntl-sc-block-image mntl-sc-block-image--no-theme no-theme figure-square figure-high-res\"><figcaption id=\"mntl-figure-caption_67-0\" class=\"comp mntl-figure-caption text-utility-100 figure-article-caption\"> <span class=\"figure-article-caption-text\">Ros\u00e9.<\/span><br \/>\n<span class=\"figure-article-caption-owner\"><\/p>\n<p>Cindy Ord\/Getty<\/p>\n<p><\/span><br \/>\n<\/figcaption><\/figure>\n<p id=\"mntl-sc-block_204-0\" class=\"comp mntl-sc-block mntl-sc-block-html\"> BLACKPINK member ROS\u00c9 stops by <em>The Howard Stern Show<\/em> in New York City for a chat on Sept. 22.\n<\/p>\n<\/div>\n<div id=\"list-sc-item_68-0\" class=\"comp list-sc-item mntl-block mntl-sc-list-item \">\n<span class=\"heading-toc\" id=\"toc-hallo-germany\" \/><\/p>\n<h2 id=\"mntl-sc-block_205-0\" class=\"comp mntl-sc-block people-sc-block-heading mntl-sc-block-heading mntl-sc-list-item-title\"> <span class=\"mntl-sc-block-heading__text\"> Hallo, Germany! <\/span> <\/h2>\n<figure id=\"mntl-sc-block_206-0\" class=\"comp mntl-sc-block people-sc-block-image mntl-sc-block-image mntl-sc-block-image--no-theme no-theme figure-square figure-high-res\"><figcaption id=\"mntl-figure-caption_68-0\" class=\"comp mntl-figure-caption text-utility-100 figure-article-caption\"> <span class=\"figure-article-caption-text\">Dwayne Johnson and Emily Blunt.<\/span><br \/>\n<span class=\"figure-article-caption-owner\"><\/p>\n<p>Tristar Media\/WireImage<\/p>\n<p><\/span><br \/>\n<\/figcaption><\/figure>\n<p id=\"mntl-sc-block_207-0\" class=\"comp mntl-sc-block mntl-sc-block-html\"> <em>The Smashing Machine<\/em> costars Dwayne Johnson and Emily Blunt have matching smiles at the film&#8217;s Berlin premiere on Sept. 22.\n<\/p>\n<\/div>\n<div id=\"list-sc-item_69-0\" class=\"comp list-sc-item mntl-block mntl-sc-list-item \">\n<span class=\"heading-toc\" id=\"toc-on-the-way\" \/><\/p>\n<h2 id=\"mntl-sc-block_208-0\" class=\"comp mntl-sc-block people-sc-block-heading mntl-sc-block-heading mntl-sc-list-item-title\"> <span class=\"mntl-sc-block-heading__text\"> On the Way <\/span> <\/h2>\n<figure id=\"mntl-sc-block_209-0\" class=\"comp mntl-sc-block people-sc-block-image mntl-sc-block-image mntl-sc-block-image--no-theme no-theme figure-portrait figure-high-res\"><figcaption id=\"mntl-figure-caption_69-0\" class=\"comp mntl-figure-caption text-utility-100 figure-article-caption\"> <span class=\"figure-article-caption-text\">Leonardo DiCaprio.<\/span><br \/>\n<span class=\"figure-article-caption-owner\"><\/p>\n<p>Raymond Hall\/GC Images<\/p>\n<p><\/span><br \/>\n<\/figcaption><\/figure>\n<p id=\"mntl-sc-block_210-0\" class=\"comp mntl-sc-block mntl-sc-block-html\"> A low-key <a href=\"https:\/\/people.com\/tag\/leonardo-dicaprio\/\" data-component=\"link\" data-source=\"inlineLink\" data-type=\"internalLink\" data-ordinal=\"1\">Leonardo DiCaprio<\/a> exits his vehicle for a press appearance in New York City on Sept. 22.\n<\/p>\n<\/div>\n<div id=\"list-sc-item_70-0\" class=\"comp list-sc-item mntl-block mntl-sc-list-item \">\n<span class=\"heading-toc\" id=\"toc-sequins-of-events\" \/><\/p>\n<h2 id=\"mntl-sc-block_211-0\" class=\"comp mntl-sc-block people-sc-block-heading mntl-sc-block-heading mntl-sc-list-item-title\"> <span class=\"mntl-sc-block-heading__text\"> Sequins of Events <\/span> <\/h2>\n<figure id=\"mntl-sc-block_212-0\" class=\"comp mntl-sc-block people-sc-block-image mntl-sc-block-image mntl-sc-block-image--no-theme no-theme figure-portrait figure-high-res\"><figcaption id=\"mntl-figure-caption_70-0\" class=\"comp mntl-figure-caption text-utility-100 figure-article-caption\"> <span class=\"figure-article-caption-text\">Teyana Taylor.<\/span><br \/>\n<span class=\"figure-article-caption-owner\"><\/p>\n<p>Raymond Hall\/GC Images<\/p>\n<p><\/span><br \/>\n<\/figcaption><\/figure>\n<p id=\"mntl-sc-block_213-0\" class=\"comp mntl-sc-block mntl-sc-block-html\"> <a href=\"https:\/\/people.com\/tag\/teyana-taylor\/\" data-component=\"link\" data-source=\"inlineLink\" data-type=\"internalLink\" data-ordinal=\"1\">Teyana Taylor<\/a> continues her run of press tour looks with a glittering sequin bodice in New York City on Sept. 22.\n<\/p>\n<\/div>\n<div id=\"list-sc-item_71-0\" class=\"comp list-sc-item mntl-block mntl-sc-list-item \">\n<span class=\"heading-toc\" id=\"toc-she-wears-the-pants\" \/><\/p>\n<h2 id=\"mntl-sc-block_214-0\" class=\"comp mntl-sc-block people-sc-block-heading mntl-sc-block-heading mntl-sc-list-item-title\"> <span class=\"mntl-sc-block-heading__text\"> She Wears the Pants <\/span> <\/h2>\n<figure id=\"mntl-sc-block_215-0\" class=\"comp mntl-sc-block people-sc-block-image mntl-sc-block-image mntl-sc-block-image--no-theme no-theme figure-portrait figure-high-res\"><figcaption id=\"mntl-figure-caption_71-0\" class=\"comp mntl-figure-caption text-utility-100 figure-article-caption\"> <span class=\"figure-article-caption-text\">Chlo\u00eb Grace Moretz.<\/span><br \/>\n<span class=\"figure-article-caption-owner\"><\/p>\n<p>Raymond Hall\/GC Images<\/p>\n<p><\/span><br \/>\n<\/figcaption><\/figure>\n<p id=\"mntl-sc-block_216-0\" class=\"comp mntl-sc-block mntl-sc-block-html\"> <a href=\"https:\/\/people.com\/tag\/chloe-grace-moretz\/\" data-component=\"link\" data-source=\"inlineLink\" data-type=\"internalLink\" data-ordinal=\"1\">Chlo\u00eb Grace Moretz<\/a> suits up for a day in New York City outside NBC Studios on Sept. 22.\n<\/p>\n<\/div>\n<div id=\"list-sc-item_72-0\" class=\"comp list-sc-item mntl-block mntl-sc-list-item \">\n<span class=\"heading-toc\" id=\"toc-still-a-rockstar\" \/><\/p>\n<h2 id=\"mntl-sc-block_217-0\" class=\"comp mntl-sc-block people-sc-block-heading mntl-sc-block-heading mntl-sc-list-item-title\"> <span class=\"mntl-sc-block-heading__text\"> Still a Rockstar <\/span> <\/h2>\n<figure id=\"mntl-sc-block_218-0\" class=\"comp mntl-sc-block people-sc-block-image mntl-sc-block-image mntl-sc-block-image--no-theme no-theme figure-portrait figure-high-res\"><figcaption id=\"mntl-figure-caption_72-0\" class=\"comp mntl-figure-caption text-utility-100 figure-article-caption\"> <span class=\"figure-article-caption-text\">Pink.<\/span><br \/>\n<span class=\"figure-article-caption-owner\"><\/p>\n<p>BACKGRID<\/p>\n<p><\/span><br \/>\n<\/figcaption><\/figure>\n<p id=\"mntl-sc-block_219-0\" class=\"comp mntl-sc-block mntl-sc-block-html\"> <a href=\"https:\/\/people.com\/tag\/pink\/\" data-component=\"link\" data-source=\"inlineLink\" data-type=\"internalLink\" data-ordinal=\"1\">Pink<\/a> adds a little prep into her style during a walk around New York City on Sept. 22.\n<\/p>\n<\/div>\n<div id=\"list-sc-item_73-0\" class=\"comp list-sc-item mntl-block mntl-sc-list-item \">\n<span class=\"heading-toc\" id=\"toc-couples-outing\" \/><\/p>\n<h2 id=\"mntl-sc-block_220-0\" class=\"comp mntl-sc-block people-sc-block-heading mntl-sc-block-heading mntl-sc-list-item-title\"> <span class=\"mntl-sc-block-heading__text\"> Couple&#8217;s Outing <\/span> <\/h2>\n<figure id=\"mntl-sc-block_221-0\" class=\"comp mntl-sc-block people-sc-block-image mntl-sc-block-image mntl-sc-block-image--no-theme no-theme figure-portrait figure-high-res\"><figcaption id=\"mntl-figure-caption_73-0\" class=\"comp mntl-figure-caption text-utility-100 figure-article-caption\"> <span class=\"figure-article-caption-text\">Rosie Huntington-Whiteley and Jason Statham.<\/span><br \/>\n<span class=\"figure-article-caption-owner\"><\/p>\n<p>Dave Benett\/Getty<\/p>\n<p><\/span><br \/>\n<\/figcaption><\/figure>\n<p id=\"mntl-sc-block_222-0\" class=\"comp mntl-sc-block mntl-sc-block-html\"> Longtime partners <a href=\"https:\/\/people.com\/tag\/rosie-huntington-whiteley\/\" data-component=\"link\" data-source=\"inlineLink\" data-type=\"internalLink\" data-ordinal=\"1\">Rosie Huntington-Whiteley<\/a> and <a href=\"https:\/\/people.com\/tag\/jason-statham\/\" data-component=\"link\" data-source=\"inlineLink\" data-type=\"internalLink\" data-ordinal=\"2\">Jason Statham<\/a> arrive at the Burberry show arm-in-arm during London Fashion Week on Sept. 22.\n<\/p>\n<\/div>\n<div id=\"list-sc-item_74-0\" class=\"comp list-sc-item mntl-block mntl-sc-list-item \">\n<span class=\"heading-toc\" id=\"toc-dame-good\" \/><\/p>\n<h2 id=\"mntl-sc-block_223-0\" class=\"comp mntl-sc-block people-sc-block-heading mntl-sc-block-heading mntl-sc-list-item-title\"> <span class=\"mntl-sc-block-heading__text\"> Dame Good <\/span> <\/h2>\n<figure id=\"mntl-sc-block_224-0\" class=\"comp mntl-sc-block people-sc-block-image mntl-sc-block-image mntl-sc-block-image--no-theme no-theme figure-portrait figure-high-res\"><figcaption id=\"mntl-figure-caption_74-0\" class=\"comp mntl-figure-caption text-utility-100 figure-article-caption\"> <span class=\"figure-article-caption-text\">Twiggy and Joanna Lumley.<\/span><br \/>\n<span class=\"figure-article-caption-owner\"><\/p>\n<p>Dave Benett\/Getty<\/p>\n<p><\/span><br \/>\n<\/figcaption><\/figure>\n<p id=\"mntl-sc-block_225-0\" class=\"comp mntl-sc-block mntl-sc-block-html\"> <a href=\"https:\/\/people.com\/celebrity\/top-model-judge-twiggy\/\" data-component=\"link\" data-source=\"inlineLink\" data-type=\"internalLink\" data-ordinal=\"1\">Twiggy<\/a> and <a href=\"https:\/\/people.com\/royals\/joanna-lumley-receives-damehood-hot-pink-buckingham-ceremony-princess-anne\/\" data-component=\"link\" data-source=\"inlineLink\" data-type=\"internalLink\" data-ordinal=\"2\">Joanna Lumley<\/a> are timeless together at the Burberry show during London Fashion Week on Sept. 22.\n<\/p>\n<\/div>\n<div id=\"list-sc-item_75-0\" class=\"comp list-sc-item mntl-block mntl-sc-list-item \">\n<span class=\"heading-toc\" id=\"toc-devil-wears-burberry\" \/><\/p>\n<h2 id=\"mntl-sc-block_226-0\" class=\"comp mntl-sc-block people-sc-block-heading mntl-sc-block-heading mntl-sc-list-item-title\"> <span class=\"mntl-sc-block-heading__text\"> Devil Wears Burberry <\/span> <\/h2>\n<figure id=\"mntl-sc-block_227-0\" class=\"comp mntl-sc-block people-sc-block-image mntl-sc-block-image mntl-sc-block-image--no-theme no-theme figure-portrait figure-high-res\"><figcaption id=\"mntl-figure-caption_75-0\" class=\"comp mntl-figure-caption text-utility-100 figure-article-caption\"> <span class=\"figure-article-caption-text\">Vanessa Williams and Elton John.<\/span><br \/>\n<span class=\"figure-article-caption-owner\"><\/p>\n<p>Dave Benett\/Getty<\/p>\n<p><\/span><br \/>\n<\/figcaption><\/figure>\n<p id=\"mntl-sc-block_228-0\" class=\"comp mntl-sc-block mntl-sc-block-html\"> <a href=\"https:\/\/people.com\/tag\/vanessa-williams\/\" data-component=\"link\" data-source=\"inlineLink\" data-type=\"internalLink\" data-ordinal=\"1\">Vanessa Williams<\/a> beams next to <a href=\"https:\/\/people.com\/tag\/elton-john\/\" data-component=\"link\" data-source=\"inlineLink\" data-type=\"internalLink\" data-ordinal=\"2\">Elton John<\/a> at the Burberry show during London Fashion Week on Sept. 22.\n<\/p>\n<\/div>\n<div id=\"list-sc-item_76-0\" class=\"comp list-sc-item mntl-block mntl-sc-list-item \">\n<span class=\"heading-toc\" id=\"toc-feeling-fuzzy\" \/><\/p>\n<h2 id=\"mntl-sc-block_229-0\" class=\"comp mntl-sc-block people-sc-block-heading mntl-sc-block-heading mntl-sc-list-item-title\"> <span class=\"mntl-sc-block-heading__text\"> Feeling Fuzzy <\/span> <\/h2>\n<figure id=\"mntl-sc-block_230-0\" class=\"comp mntl-sc-block people-sc-block-image mntl-sc-block-image mntl-sc-block-image--no-theme no-theme figure-portrait figure-high-res\"><figcaption id=\"mntl-figure-caption_76-0\" class=\"comp mntl-figure-caption text-utility-100 figure-article-caption\"> <span class=\"figure-article-caption-text\">Jourdan Dunn.<\/span><br \/>\n<span class=\"figure-article-caption-owner\"><\/p>\n<p>Dave Benett\/Getty<\/p>\n<p><\/span><br \/>\n<\/figcaption><\/figure>\n<p id=\"mntl-sc-block_231-0\" class=\"comp mntl-sc-block mntl-sc-block-html\"> <a href=\"https:\/\/people.com\/health\/model-jourdan-dunn-considered-calf-implants-because-of-her-body-insecurities\/\" data-component=\"link\" data-source=\"inlineLink\" data-type=\"internalLink\" data-ordinal=\"1\">Jourdan Dunn<\/a> looks as cool as ever at the Burberry show during London Fashion Week on Sept. 22.\n<\/p>\n<\/div>\n<div id=\"list-sc-item_77-0\" class=\"comp list-sc-item mntl-block mntl-sc-list-item \">\n<span class=\"heading-toc\" id=\"toc-star-in-stripes\" \/><\/p>\n<h2 id=\"mntl-sc-block_232-0\" class=\"comp mntl-sc-block people-sc-block-heading mntl-sc-block-heading mntl-sc-list-item-title\"> <span class=\"mntl-sc-block-heading__text\"> Star in Stripes <\/span> <\/h2>\n<figure id=\"mntl-sc-block_233-0\" class=\"comp mntl-sc-block people-sc-block-image mntl-sc-block-image mntl-sc-block-image--no-theme no-theme figure-portrait figure-high-res\"><figcaption id=\"mntl-figure-caption_77-0\" class=\"comp mntl-figure-caption text-utility-100 figure-article-caption\"> <span class=\"figure-article-caption-text\">Nicky Hilton Rothschild.<\/span><br \/>\n<span class=\"figure-article-caption-owner\"><\/p>\n<p>Alan Chapman\/Dave Benett\/Getty<\/p>\n<p><\/span><br \/>\n<\/figcaption><\/figure>\n<p id=\"mntl-sc-block_234-0\" class=\"comp mntl-sc-block mntl-sc-block-html\"> <a href=\"https:\/\/people.com\/tag\/nicky-hilton\/\" data-component=\"link\" data-source=\"inlineLink\" data-type=\"internalLink\" data-ordinal=\"1\">Nicky Hilton<\/a> rocks Burberry&#8217;s signature tartan to the brand&#8217;s show during London Fashion Week on Sept. 22.\n<\/p>\n<\/div>\n<div id=\"list-sc-item_78-0\" class=\"comp list-sc-item mntl-block mntl-sc-list-item \">\n<span class=\"heading-toc\" id=\"toc-leveling-up\" \/><\/p>\n<h2 id=\"mntl-sc-block_235-0\" class=\"comp mntl-sc-block people-sc-block-heading mntl-sc-block-heading mntl-sc-list-item-title\"> <span class=\"mntl-sc-block-heading__text\"> Leveling Up <\/span> <\/h2>\n<figure id=\"mntl-sc-block_236-0\" class=\"comp mntl-sc-block people-sc-block-image mntl-sc-block-image mntl-sc-block-image--no-theme no-theme figure-portrait figure-high-res\"><figcaption id=\"mntl-figure-caption_78-0\" class=\"comp mntl-figure-caption text-utility-100 figure-article-caption\"> <span class=\"figure-article-caption-text\">Ciara.<\/span><br \/>\n<span class=\"figure-article-caption-owner\"><\/p>\n<p>Ryan Muir<\/p>\n<p><\/span><br \/>\n<\/figcaption><\/figure>\n<p id=\"mntl-sc-block_237-0\" class=\"comp mntl-sc-block mntl-sc-block-html\"> <a href=\"https:\/\/people.com\/tag\/ciara\/\" data-component=\"link\" data-source=\"inlineLink\" data-type=\"internalLink\" data-ordinal=\"1\">Ciara<\/a> performs during the Seaport Concert Series show at Pier 17 in New York City on Sept. 20.\n<\/p>\n<\/div>\n<div id=\"list-sc-item_80-0\" class=\"comp list-sc-item mntl-block mntl-sc-list-item \">\n<span class=\"heading-toc\" id=\"toc-lights-up\" \/><\/p>\n<h2 id=\"mntl-sc-block_241-0\" class=\"comp mntl-sc-block people-sc-block-heading mntl-sc-block-heading mntl-sc-list-item-title\"> <span class=\"mntl-sc-block-heading__text\"> Lights Up <\/span> <\/h2>\n<figure id=\"mntl-sc-block_242-0\" class=\"comp mntl-sc-block people-sc-block-image mntl-sc-block-image mntl-sc-block-image--no-theme no-theme figure-landscape figure-high-res\"><figcaption id=\"mntl-figure-caption_80-0\" class=\"comp mntl-figure-caption text-utility-100 figure-article-caption\"> <span class=\"figure-article-caption-text\">LL Cool J.<\/span><br \/>\n<span class=\"figure-article-caption-owner\"><\/p>\n<p>Christopher Polk\/Billboard via Getty<\/p>\n<p><\/span><br \/>\n<\/figcaption><\/figure>\n<p id=\"mntl-sc-block_243-0\" class=\"comp mntl-sc-block mntl-sc-block-html\"> <a href=\"https:\/\/people.com\/tag\/ll-cool-j\/\" data-component=\"link\" data-source=\"inlineLink\" data-type=\"internalLink\" data-ordinal=\"1\">LL Cool J<\/a> hypes the crowd up on day 1 of the iHeartRadio Music Festival in Las Vegas on Sept. 19.\n<\/p>\n<\/div>\n<div id=\"list-sc-item_81-0\" class=\"comp list-sc-item mntl-block mntl-sc-list-item \">\n<span class=\"heading-toc\" id=\"toc-threes-a-crowd\" \/><\/p>\n<h2 id=\"mntl-sc-block_244-0\" class=\"comp mntl-sc-block people-sc-block-heading mntl-sc-block-heading mntl-sc-list-item-title\"> <span class=\"mntl-sc-block-heading__text\"> Three&#8217;s a Crowd <\/span> <\/h2>\n<figure id=\"mntl-sc-block_245-0\" class=\"comp mntl-sc-block people-sc-block-image mntl-sc-block-image mntl-sc-block-image--no-theme no-theme figure-landscape figure-high-res\"><figcaption id=\"mntl-figure-caption_81-0\" class=\"comp mntl-figure-caption text-utility-100 figure-article-caption\"> <span class=\"figure-article-caption-text\">Jenna Bush Hager, Allison Aston and Catherine Shepard.<\/span><br \/>\n<span class=\"figure-article-caption-owner\"><\/p>\n<p>Zach Hilty\/BFA.com<\/p>\n<p><\/span><br \/>\n<\/figcaption><\/figure>\n<p id=\"mntl-sc-block_246-0\" class=\"comp mntl-sc-block mntl-sc-block-html\"> <a href=\"https:\/\/people.com\/tag\/jenna-bush-hager\/\" data-component=\"link\" data-source=\"inlineLink\" data-type=\"internalLink\" data-ordinal=\"1\">Jenna Bush Hager<\/a> sits with Allison Aston and Catherine Shepard at The Society of Memorial Sloan&#8217;s lunch supporting their fall initiative\u00a0Cancer &amp; Nutrition: Food for Thought in N.Y.C. on Sept. 18.\n<\/p>\n<\/div>\n<div id=\"list-sc-item_82-0\" class=\"comp list-sc-item mntl-block mntl-sc-list-item \">\n<span class=\"heading-toc\" id=\"toc-flower-girl\" \/><\/p>\n<h2 id=\"mntl-sc-block_247-0\" class=\"comp mntl-sc-block people-sc-block-heading mntl-sc-block-heading mntl-sc-list-item-title\"> <span class=\"mntl-sc-block-heading__text\"> Flower Girl <\/span> <\/h2>\n<figure id=\"mntl-sc-block_248-0\" class=\"comp mntl-sc-block people-sc-block-image mntl-sc-block-image mntl-sc-block-image--no-theme no-theme figure-landscape figure-high-res\"><figcaption id=\"mntl-figure-caption_82-0\" class=\"comp mntl-figure-caption text-utility-100 figure-article-caption\"> <span class=\"figure-article-caption-text\">Lili Reinhart.<\/span><br \/>\n<span class=\"figure-article-caption-owner\"><\/p>\n<p>Dave Kotinsky\/Getty<\/p>\n<p><\/span><br \/>\n<\/figcaption><\/figure>\n<p id=\"mntl-sc-block_249-0\" class=\"comp mntl-sc-block mntl-sc-block-html\"> <a href=\"https:\/\/people.com\/tag\/lili-reinhart\/\" data-component=\"link\" data-source=\"inlineLink\" data-type=\"internalLink\" data-ordinal=\"1\">Lili Reinhart<\/a> speaks during <em>Marie Claire<\/em>&#8216;s Power Play event in Philadelphia on Sept. 17.\n<\/p>\n<\/div>\n<div id=\"list-sc-item_83-0\" class=\"comp list-sc-item mntl-block mntl-sc-list-item \">\n<span class=\"heading-toc\" id=\"toc-fit-and-fresh\" \/><\/p>\n<h2 id=\"mntl-sc-block_250-0\" class=\"comp mntl-sc-block people-sc-block-heading mntl-sc-block-heading mntl-sc-list-item-title\"> <span class=\"mntl-sc-block-heading__text\"> Fit and Fresh <\/span> <\/h2>\n<figure id=\"mntl-sc-block_251-0\" class=\"comp mntl-sc-block people-sc-block-image mntl-sc-block-image mntl-sc-block-image--no-theme no-theme figure-portrait figure-high-res\"><figcaption id=\"mntl-figure-caption_83-0\" class=\"comp mntl-figure-caption text-utility-100 figure-article-caption\"> <span class=\"figure-article-caption-text\">Melissa Bentivoglio and Dua Lipa.<\/span><br \/>\n<span class=\"figure-article-caption-owner\"><\/p>\n<p>Madison Phipps<\/p>\n<p><\/span><br \/>\n<\/figcaption><\/figure>\n<p id=\"mntl-sc-block_252-0\" class=\"comp mntl-sc-block mntl-sc-block-html\"> <a href=\"https:\/\/people.com\/tag\/dua-lipa\/\" data-component=\"link\" data-source=\"inlineLink\" data-type=\"internalLink\" data-ordinal=\"1\">Dua Lipa<\/a> joins Frame Fitness as its co-founder and chief creative officer alongside founder Melissa Bentivoglio.\n<\/p>\n<\/div>\n<div id=\"list-sc-item_84-0\" class=\"comp list-sc-item mntl-block mntl-sc-list-item \">\n<span class=\"heading-toc\" id=\"toc-dress-to-impress\" \/><\/p>\n<h2 id=\"mntl-sc-block_253-0\" class=\"comp mntl-sc-block people-sc-block-heading mntl-sc-block-heading mntl-sc-list-item-title\"> <span class=\"mntl-sc-block-heading__text\"> Dress to Impress <\/span> <\/h2>\n<figure id=\"mntl-sc-block_254-0\" class=\"comp mntl-sc-block people-sc-block-image mntl-sc-block-image mntl-sc-block-image--no-theme no-theme figure-square figure-high-res\"><figcaption id=\"mntl-figure-caption_84-0\" class=\"comp mntl-figure-caption text-utility-100 figure-article-caption\"> <span class=\"figure-article-caption-text\">Ashlyn Harris and Sophia Bush.<\/span><br \/>\n<span class=\"figure-article-caption-owner\"><\/p>\n<p>courtesy Jason Crowley\/BFA\/Shutterstock<\/p>\n<p><\/span><br \/>\n<\/figcaption><\/figure>\n<p id=\"mntl-sc-block_255-0\" class=\"comp mntl-sc-block mntl-sc-block-html\"> Sophia Bush and Ashlyn Harris go glam for the opening night of <em>The Amazing Adventures of Kavalier &amp; Clay<\/em> at the Metropolitan Opera in N.Y.C. on Sept. 21.\n<\/p>\n<\/div>\n<div id=\"list-sc-item_85-0\" class=\"comp list-sc-item mntl-block mntl-sc-list-item \">\n<span class=\"heading-toc\" id=\"toc-one-screening-after-another\" \/><\/p>\n<h2 id=\"mntl-sc-block_256-0\" class=\"comp mntl-sc-block people-sc-block-heading mntl-sc-block-heading mntl-sc-list-item-title\"> <span class=\"mntl-sc-block-heading__text\"> One Screening After Another <\/span> <\/h2>\n<figure id=\"mntl-sc-block_257-0\" class=\"comp mntl-sc-block people-sc-block-image mntl-sc-block-image mntl-sc-block-image--no-theme no-theme figure-square figure-high-res\"><figcaption id=\"mntl-figure-caption_85-0\" class=\"comp mntl-figure-caption text-utility-100 figure-article-caption\"> <span class=\"figure-article-caption-text\">Leonardo DiCaprio.<\/span><br \/>\n<span class=\"figure-article-caption-owner\"><\/p>\n<p>Jamie McCarthy\/WireImage<\/p>\n<p><\/span><br \/>\n<\/figcaption><\/figure>\n<p id=\"mntl-sc-block_258-0\" class=\"comp mntl-sc-block mntl-sc-block-html\"> Leonardo DiCaprio arrives at a New York City screening of his latest film <em>One Battle After Another<\/em> at the Lincoln Center on Sept. 21.\n<\/p>\n<\/div>\n<div id=\"list-sc-item_86-0\" class=\"comp list-sc-item mntl-block mntl-sc-list-item \">\n<span class=\"heading-toc\" id=\"toc-tea-or-coffee\" \/><\/p>\n<h2 id=\"mntl-sc-block_259-0\" class=\"comp mntl-sc-block people-sc-block-heading mntl-sc-block-heading mntl-sc-list-item-title\"> <span class=\"mntl-sc-block-heading__text\"> Tea or Coffee <\/span> <\/h2>\n<figure id=\"mntl-sc-block_260-0\" class=\"comp mntl-sc-block people-sc-block-image mntl-sc-block-image mntl-sc-block-image--no-theme no-theme figure-square figure-high-res\"><figcaption id=\"mntl-figure-caption_86-0\" class=\"comp mntl-figure-caption text-utility-100 figure-article-caption\"> <span class=\"figure-article-caption-text\">King Charles.<\/span><br \/>\n<span class=\"figure-article-caption-owner\"><\/p>\n<p>Chris Jackson\/Getty<\/p>\n<p><\/span><br \/>\n<\/figcaption><\/figure>\n<p id=\"mntl-sc-block_261-0\" class=\"comp mntl-sc-block mntl-sc-block-html\"> King Charles is all smiles as he visits Coffee D&#8217;Ash in Barrow-in-Furness, England, on Sept. 22.\n<\/p>\n<\/div>\n<div id=\"list-sc-item_87-0\" class=\"comp list-sc-item mntl-block mntl-sc-list-item \">\n<span class=\"heading-toc\" id=\"toc-husband-together\" \/><\/p>\n<h2 id=\"mntl-sc-block_262-0\" class=\"comp mntl-sc-block people-sc-block-heading mntl-sc-block-heading mntl-sc-list-item-title\"> <span class=\"mntl-sc-block-heading__text\"> Husband Together <\/span> <\/h2>\n<figure id=\"mntl-sc-block_263-0\" class=\"comp mntl-sc-block people-sc-block-image mntl-sc-block-image mntl-sc-block-image--no-theme no-theme figure-square figure-high-res\"><figcaption id=\"mntl-figure-caption_87-0\" class=\"comp mntl-figure-caption text-utility-100 figure-article-caption\"> <span class=\"figure-article-caption-text\">David Brutka and Neil Patrick Harris.<\/span><br \/>\n<span class=\"figure-article-caption-owner\"><\/p>\n<p>courtesy Jason Crowley\/BFA\/Shutterstock<\/p>\n<p><\/span><br \/>\n<\/figcaption><\/figure>\n<p id=\"mntl-sc-block_264-0\" class=\"comp mntl-sc-block mntl-sc-block-html\"> Neil Patrick Harris and David Burtka bring their best black tie attire to the opening night of the Metropolitan Opera&#8217;s new show in N.Y.C. on Sept. 21.\n<\/p>\n<\/div>\n<div id=\"list-sc-item_88-0\" class=\"comp list-sc-item mntl-block mntl-sc-list-item \">\n<span class=\"heading-toc\" id=\"toc-orange-she-glad\" \/><\/p>\n<h2 id=\"mntl-sc-block_265-0\" class=\"comp mntl-sc-block people-sc-block-heading mntl-sc-block-heading mntl-sc-list-item-title\"> <span class=\"mntl-sc-block-heading__text\"> Orange She Glad? <\/span> <\/h2>\n<figure id=\"mntl-sc-block_266-0\" class=\"comp mntl-sc-block people-sc-block-image mntl-sc-block-image mntl-sc-block-image--no-theme no-theme figure-landscape figure-high-res\"><figcaption id=\"mntl-figure-caption_88-0\" class=\"comp mntl-figure-caption text-utility-100 figure-article-caption\"> <span class=\"figure-article-caption-text\">Laverne Cox.<\/span><br \/>\n<span class=\"figure-article-caption-owner\"><\/p>\n<p>Alyssa Greenberg\/WWD via Getty<\/p>\n<p><\/span><br \/>\n<\/figcaption><\/figure>\n<p id=\"mntl-sc-block_267-0\" class=\"comp mntl-sc-block mntl-sc-block-html\"> <a href=\"https:\/\/people.com\/tag\/laverne-cox\/\" data-component=\"link\" data-source=\"inlineLink\" data-type=\"internalLink\" data-ordinal=\"1\">Laverne Cox<\/a> rocks a striking orange look at the Met Opera opening in New York City on Sept. 21.\n<\/p>\n<\/div>\n<div id=\"list-sc-item_89-0\" class=\"comp list-sc-item mntl-block mntl-sc-list-item \">\n<span class=\"heading-toc\" id=\"toc-leather-look\" \/><\/p>\n<h2 id=\"mntl-sc-block_268-0\" class=\"comp mntl-sc-block people-sc-block-heading mntl-sc-block-heading mntl-sc-list-item-title\"> <span class=\"mntl-sc-block-heading__text\"> Leather Look <\/span> <\/h2>\n<figure id=\"mntl-sc-block_269-0\" class=\"comp mntl-sc-block people-sc-block-image mntl-sc-block-image mntl-sc-block-image--no-theme no-theme figure-portrait figure-high-res\"><figcaption id=\"mntl-figure-caption_89-0\" class=\"comp mntl-figure-caption text-utility-100 figure-article-caption\"> <span class=\"figure-article-caption-text\">Regina Hall.<\/span><br \/>\n<span class=\"figure-article-caption-owner\"><\/p>\n<p>Dominik Bindl\/Getty<\/p>\n<p><\/span><br \/>\n<\/figcaption><\/figure>\n<p id=\"mntl-sc-block_270-0\" class=\"comp mntl-sc-block mntl-sc-block-html\"> <a href=\"https:\/\/people.com\/tag\/regina-hall\/\" data-component=\"link\" data-source=\"inlineLink\" data-type=\"internalLink\" data-ordinal=\"1\">Regina Hall<\/a> is a beauty in black at the <em>One Battle After Another<\/em> screening in New York City on Sept. 21.\n<\/p>\n<\/div>\n<div id=\"list-sc-item_90-0\" class=\"comp list-sc-item mntl-block mntl-sc-list-item \">\n<span class=\"heading-toc\" id=\"toc-face-card-never-declines\" \/><\/p>\n<h2 id=\"mntl-sc-block_271-0\" class=\"comp mntl-sc-block people-sc-block-heading mntl-sc-block-heading mntl-sc-list-item-title\"> <span class=\"mntl-sc-block-heading__text\"> Face Card Never Declines <\/span> <\/h2>\n<figure id=\"mntl-sc-block_272-0\" class=\"comp mntl-sc-block people-sc-block-image mntl-sc-block-image mntl-sc-block-image--no-theme no-theme figure-landscape figure-high-res\"><figcaption id=\"mntl-figure-caption_90-0\" class=\"comp mntl-figure-caption text-utility-100 figure-article-caption\"> <span class=\"figure-article-caption-text\">Chase Infiniti.<\/span><br \/>\n<span class=\"figure-article-caption-owner\"><\/p>\n<p>Jamie McCarthy\/WireImage<\/p>\n<p><\/span><br \/>\n<\/figcaption><\/figure>\n<p id=\"mntl-sc-block_273-0\" class=\"comp mntl-sc-block mntl-sc-block-html\"> Chase Infiniti gives a casual look over the shoulder at the <em>One Battle After Another<\/em> screening in N.Y.C. on Sept. 21.\n<\/p>\n<\/div>\n<div id=\"list-sc-item_91-0\" class=\"comp list-sc-item mntl-block mntl-sc-list-item \">\n<span class=\"heading-toc\" id=\"toc-mad-for-plaid\" \/><\/p>\n<h2 id=\"mntl-sc-block_274-0\" class=\"comp mntl-sc-block people-sc-block-heading mntl-sc-block-heading mntl-sc-list-item-title\"> <span class=\"mntl-sc-block-heading__text\"> Mad for Plaid <\/span> <\/h2>\n<figure id=\"mntl-sc-block_275-0\" class=\"comp mntl-sc-block people-sc-block-image mntl-sc-block-image mntl-sc-block-image--no-theme no-theme figure-portrait figure-high-res\"><figcaption id=\"mntl-figure-caption_91-0\" class=\"comp mntl-figure-caption text-utility-100 figure-article-caption\"> <span class=\"figure-article-caption-text\">Teyana Taylor.<\/span><br \/>\n<span class=\"figure-article-caption-owner\"><\/p>\n<p>Dominik Bindl\/Getty<\/p>\n<p><\/span><br \/>\n<\/figcaption><\/figure>\n<p id=\"mntl-sc-block_276-0\" class=\"comp mntl-sc-block mntl-sc-block-html\"> Also at the <em>One Battle After Another<\/em> screening in N.Y.C., <a href=\"https:\/\/people.com\/tag\/teyana-taylor\/\" data-component=\"link\" data-source=\"inlineLink\" data-type=\"internalLink\" data-ordinal=\"1\">Teyana Taylor<\/a> walks the red carpet in an all-plaid look on Sept. 21.\n<\/p>\n<\/div>\n<div id=\"list-sc-item_92-0\" class=\"comp list-sc-item mntl-block mntl-sc-list-item \">\n<span class=\"heading-toc\" id=\"toc-it-suits-him\" \/><\/p>\n<h2 id=\"mntl-sc-block_277-0\" class=\"comp mntl-sc-block people-sc-block-heading mntl-sc-block-heading mntl-sc-list-item-title\"> <span class=\"mntl-sc-block-heading__text\"> It Suits Him <\/span> <\/h2>\n<figure id=\"mntl-sc-block_278-0\" class=\"comp mntl-sc-block people-sc-block-image mntl-sc-block-image mntl-sc-block-image--no-theme no-theme figure-portrait figure-high-res\"><figcaption id=\"mntl-figure-caption_92-0\" class=\"comp mntl-figure-caption text-utility-100 figure-article-caption\"> <span class=\"figure-article-caption-text\">Benicio del Toro.<\/span><br \/>\n<span class=\"figure-article-caption-owner\"><\/p>\n<p>Dia Dipasupil\/Getty<\/p>\n<p><\/span><br \/>\n<\/figcaption><\/figure>\n<p id=\"mntl-sc-block_279-0\" class=\"comp mntl-sc-block mntl-sc-block-html\"> <a href=\"https:\/\/people.com\/benicio-del-toro-11800107\" data-component=\"link\" data-source=\"inlineLink\" data-type=\"internalLink\" data-ordinal=\"1\">Benicio del Toro<\/a> looks dapper in a suit and tie at the <em>One Battle After Another<\/em> screening in N.Y.C. on Sept. 21.\n<\/p>\n<\/div>\n<div id=\"list-sc-item_93-0\" class=\"comp list-sc-item mntl-block mntl-sc-list-item \">\n<span class=\"heading-toc\" id=\"toc-woman-of-the-hour\" \/><\/p>\n<h2 id=\"mntl-sc-block_280-0\" class=\"comp mntl-sc-block people-sc-block-heading mntl-sc-block-heading mntl-sc-list-item-title\"> <span class=\"mntl-sc-block-heading__text\"> Woman of the Hour <\/span> <\/h2>\n<figure id=\"mntl-sc-block_281-0\" class=\"comp mntl-sc-block people-sc-block-image mntl-sc-block-image mntl-sc-block-image--no-theme no-theme figure-landscape figure-high-res\"><figcaption id=\"mntl-figure-caption_93-0\" class=\"comp mntl-figure-caption text-utility-100 figure-article-caption\"> <span class=\"figure-article-caption-text\">Tina Knowles.<\/span><br \/>\n<span class=\"figure-article-caption-owner\"><\/p>\n<p>Alberto E. Rodriguez\/Getty<\/p>\n<p><\/span><br \/>\n<\/figcaption><\/figure>\n<p id=\"mntl-sc-block_282-0\" class=\"comp mntl-sc-block mntl-sc-block-html\"> <a href=\"https:\/\/people.com\/tag\/tina-knowles\/\" data-component=\"link\" data-source=\"inlineLink\" data-type=\"internalLink\" data-ordinal=\"1\">Tina Knowles<\/a> takes the podium at the Daytime Beauty Awards in Los Angeles on Sept. 22.\n<\/p>\n<\/div>\n<div id=\"list-sc-item_94-0\" class=\"comp list-sc-item mntl-block mntl-sc-list-item \">\n<span class=\"heading-toc\" id=\"toc-easy-breezy\" \/><\/p>\n<h2 id=\"mntl-sc-block_283-0\" class=\"comp mntl-sc-block people-sc-block-heading mntl-sc-block-heading mntl-sc-list-item-title\"> <span class=\"mntl-sc-block-heading__text\"> Easy Breezy <\/span> <\/h2>\n<figure id=\"mntl-sc-block_284-0\" class=\"comp mntl-sc-block people-sc-block-image mntl-sc-block-image mntl-sc-block-image--no-theme no-theme figure-portrait figure-high-res\"><figcaption id=\"mntl-figure-caption_94-0\" class=\"comp mntl-figure-caption text-utility-100 figure-article-caption\"> <span class=\"figure-article-caption-text\">Denise Richards.<\/span><br \/>\n<span class=\"figure-article-caption-owner\"><\/p>\n<p>Monica Schipper\/Getty<\/p>\n<p><\/span><br \/>\n<\/figcaption><\/figure>\n<p id=\"mntl-sc-block_285-0\" class=\"comp mntl-sc-block mntl-sc-block-html\"> <a href=\"https:\/\/people.com\/tag\/denise-richards\/\" data-component=\"link\" data-source=\"inlineLink\" data-type=\"internalLink\" data-ordinal=\"1\">Denise Richards<\/a> arrives at the Daytime Beauty Awards in L.A. wearing a subtle floral dress on Sept. 21.\n<\/p>\n<\/div>\n<div id=\"list-sc-item_95-0\" class=\"comp list-sc-item mntl-block mntl-sc-list-item \">\n<span class=\"heading-toc\" id=\"toc-majorly-good\" \/><\/p>\n<h2 id=\"mntl-sc-block_286-0\" class=\"comp mntl-sc-block people-sc-block-heading mntl-sc-block-heading mntl-sc-list-item-title\"> <span class=\"mntl-sc-block-heading__text\"> Majorly Good <\/span> <\/h2>\n<figure id=\"mntl-sc-block_287-0\" class=\"comp mntl-sc-block people-sc-block-image mntl-sc-block-image mntl-sc-block-image--no-theme no-theme figure-landscape figure-high-res\"><figcaption id=\"mntl-figure-caption_95-0\" class=\"comp mntl-figure-caption text-utility-100 figure-article-caption\"> <span class=\"figure-article-caption-text\">Jonathan Majors.<\/span><br \/>\n<span class=\"figure-article-caption-owner\"><\/p>\n<p>Monica Schipper\/Getty<\/p>\n<p><\/span><br \/>\n<\/figcaption><\/figure>\n<p id=\"mntl-sc-block_288-0\" class=\"comp mntl-sc-block mntl-sc-block-html\"> Engaged couple <a href=\"https:\/\/people.com\/jonathan-majors-8285984\" data-component=\"link\" data-source=\"inlineLink\" data-type=\"internalLink\" data-ordinal=\"1\">Jonathan Majors<\/a> and <a href=\"https:\/\/people.com\/meagan-good-reveals-ex-husband-devon-franklin-left-her-11716043\" data-component=\"link\" data-source=\"inlineLink\" data-type=\"internalLink\" data-ordinal=\"2\">Meagan Good<\/a> beam at the Daytime Beauty Awards in Los Angeles on Sept. 21.\n<\/p>\n<\/div>\n<div id=\"list-sc-item_96-0\" class=\"comp list-sc-item mntl-block mntl-sc-list-item \">\n<span class=\"heading-toc\" id=\"toc-fur-sure\" \/><\/p>\n<h2 id=\"mntl-sc-block_289-0\" class=\"comp mntl-sc-block people-sc-block-heading mntl-sc-block-heading mntl-sc-list-item-title\"> <span class=\"mntl-sc-block-heading__text\"> Fur Sure <\/span> <\/h2>\n<figure id=\"mntl-sc-block_290-0\" class=\"comp mntl-sc-block people-sc-block-image mntl-sc-block-image mntl-sc-block-image--no-theme no-theme figure-landscape figure-high-res\"><figcaption id=\"mntl-figure-caption_96-0\" class=\"comp mntl-figure-caption text-utility-100 figure-article-caption\"> <span class=\"figure-article-caption-text\">Julia Fox.<\/span><br \/>\n<span class=\"figure-article-caption-owner\"><\/p>\n<p>Jed Cullen\/Dave Benett\/Getty<\/p>\n<p><\/span><br \/>\n<\/figcaption><\/figure>\n<p id=\"mntl-sc-block_291-0\" class=\"comp mntl-sc-block mntl-sc-block-html\"> A stylish <a href=\"https:\/\/people.com\/julia-fox-on-not-exciting-celebs-on-raya-hanging-with-madonna-channeling-gwyneth-paltrow-him-exclusive-11811263\" data-component=\"link\" data-source=\"inlineLink\" data-type=\"internalLink\" data-ordinal=\"1\">Julia Fox<\/a> attends the Simone Rocha show during London Fashion Week on Sept. 21.\n<\/p>\n<\/div>\n<div id=\"list-sc-item_98-0\" class=\"comp list-sc-item mntl-block mntl-sc-list-item \">\n<span class=\"heading-toc\" id=\"toc-tip-of-the-hat\" \/><\/p>\n<h2 id=\"mntl-sc-block_295-0\" class=\"comp mntl-sc-block people-sc-block-heading mntl-sc-block-heading mntl-sc-list-item-title\"> <span class=\"mntl-sc-block-heading__text\"> Tip of the Hat <\/span> <\/h2>\n<figure id=\"mntl-sc-block_296-0\" class=\"comp mntl-sc-block people-sc-block-image mntl-sc-block-image mntl-sc-block-image--no-theme no-theme figure-portrait figure-high-res\"><figcaption id=\"mntl-figure-caption_98-0\" class=\"comp mntl-figure-caption text-utility-100 figure-article-caption\"> <span class=\"figure-article-caption-text\">Saweetie.<\/span><br \/>\n<span class=\"figure-article-caption-owner\"><\/p>\n<p>Carlo Paloni\/Getty<\/p>\n<p><\/span><br \/>\n<\/figcaption><\/figure>\n<p id=\"mntl-sc-block_297-0\" class=\"comp mntl-sc-block mntl-sc-block-html\"> <a href=\"https:\/\/people.com\/person\/saweetie\/\" data-component=\"link\" data-source=\"inlineLink\" data-type=\"internalLink\" data-ordinal=\"1\">Saweetie<\/a> opts for a unique silhouette at the NEWGEN: Tolu Coker presentation during London Fashion Week on Sept. 21.\n<\/p>\n<\/div>\n<div id=\"list-sc-item_99-0\" class=\"comp list-sc-item mntl-block mntl-sc-list-item \">\n<span class=\"heading-toc\" id=\"toc-like-father-like-son\" \/><\/p>\n<h2 id=\"mntl-sc-block_298-0\" class=\"comp mntl-sc-block people-sc-block-heading mntl-sc-block-heading mntl-sc-list-item-title\"> <span class=\"mntl-sc-block-heading__text\"> Like Father, Like Son <\/span> <\/h2>\n<figure id=\"mntl-sc-block_299-0\" class=\"comp mntl-sc-block people-sc-block-image mntl-sc-block-image mntl-sc-block-image--no-theme no-theme figure-portrait figure-high-res\"><figcaption id=\"mntl-figure-caption_99-0\" class=\"comp mntl-figure-caption text-utility-100 figure-article-caption\"> <span class=\"figure-article-caption-text\">Emile Hirsch and Valor Hirsch.<\/span><br \/>\n<span class=\"figure-article-caption-owner\"><\/p>\n<p>Chris Farina\/Getty<\/p>\n<p><\/span><br \/>\n<\/figcaption><\/figure>\n<p id=\"mntl-sc-block_300-0\" class=\"comp mntl-sc-block mntl-sc-block-html\"> <a href=\"https:\/\/people.com\/tag\/emile-hirsch\/\" data-component=\"link\" data-source=\"inlineLink\" data-type=\"internalLink\" data-ordinal=\"1\">Emile Hirsch<\/a> and his son Valor spend some quality time at the world premiere of <em>Bau: Artist at War<\/em> at the Museum of Tolerance in L.A. on Sept. 21.\n<\/p>\n<\/div>\n<div id=\"list-sc-item_100-0\" class=\"comp list-sc-item mntl-block mntl-sc-list-item \">\n<span class=\"heading-toc\" id=\"toc-aughts-icons\" \/><\/p>\n<h2 id=\"mntl-sc-block_301-0\" class=\"comp mntl-sc-block people-sc-block-heading mntl-sc-block-heading mntl-sc-list-item-title\"> <span class=\"mntl-sc-block-heading__text\"> Aughts Icons <\/span> <\/h2>\n<figure id=\"mntl-sc-block_302-0\" class=\"comp mntl-sc-block people-sc-block-image mntl-sc-block-image mntl-sc-block-image--no-theme no-theme figure-portrait figure-high-res\"><figcaption id=\"mntl-figure-caption_100-0\" class=\"comp mntl-figure-caption text-utility-100 figure-article-caption\"> <span class=\"figure-article-caption-text\">Paris Hilton and Avril Lavigne.<\/span><br \/>\n<span class=\"figure-article-caption-owner\"><\/p>\n<p>Ashley Osborn<\/p>\n<p><\/span><br \/>\n<\/figcaption><\/figure>\n<p id=\"mntl-sc-block_303-0\" class=\"comp mntl-sc-block mntl-sc-block-html\"> <a href=\"https:\/\/people.com\/tag\/paris-hilton\/\" data-component=\"link\" data-source=\"inlineLink\" data-type=\"internalLink\" data-ordinal=\"1\">Paris Hilton<\/a> and <a href=\"https:\/\/people.com\/tag\/avril-lavigne\/\" data-component=\"link\" data-source=\"inlineLink\" data-type=\"internalLink\" data-ordinal=\"2\">Avril Lavigne<\/a> team up to host an end-of-summer party at Hilton&#8217;s Beverly Hills, California, estate on Sept. 20.\n<\/p>\n<\/div>\n<div id=\"list-sc-item_101-0\" class=\"comp list-sc-item mntl-block mntl-sc-list-item \">\n<span class=\"heading-toc\" id=\"toc-date-night\" \/><\/p>\n<h2 id=\"mntl-sc-block_304-0\" class=\"comp mntl-sc-block people-sc-block-heading mntl-sc-block-heading mntl-sc-list-item-title\"> <span class=\"mntl-sc-block-heading__text\"> Date Night <\/span> <\/h2>\n<figure id=\"mntl-sc-block_305-0\" class=\"comp mntl-sc-block people-sc-block-image mntl-sc-block-image mntl-sc-block-image--no-theme no-theme figure-landscape figure-high-res\"><figcaption id=\"mntl-figure-caption_101-0\" class=\"comp mntl-figure-caption text-utility-100 figure-article-caption\"> <span class=\"figure-article-caption-text\">Michael Turchin and Lance Bass.<\/span><br \/>\n<span class=\"figure-article-caption-owner\"><\/p>\n<p>Aaron Idelson<\/p>\n<p><\/span><br \/>\n<\/figcaption><\/figure>\n<p id=\"mntl-sc-block_306-0\" class=\"comp mntl-sc-block mntl-sc-block-html\"> Also at Hilton and Lavigne&#8217;s party in Beverly Hills, California, on Sept. 20, <a href=\"https:\/\/people.com\/tag\/lance-bass\/\" data-component=\"link\" data-source=\"inlineLink\" data-type=\"internalLink\" data-ordinal=\"1\">Lance Bass<\/a> and his husband <a href=\"https:\/\/people.com\/who-is-michael-turchin-lance-bass-husband-7565137\" data-component=\"link\" data-source=\"inlineLink\" data-type=\"internalLink\" data-ordinal=\"2\">Michael Turchin<\/a> pop in pink and purple shirts.\n<\/p>\n<\/div>\n<div id=\"list-sc-item_102-0\" class=\"comp list-sc-item mntl-block mntl-sc-list-item \">\n<span class=\"heading-toc\" id=\"toc-denim-divas\" \/><\/p>\n<h2 id=\"mntl-sc-block_307-0\" class=\"comp mntl-sc-block people-sc-block-heading mntl-sc-block-heading mntl-sc-list-item-title\"> <span class=\"mntl-sc-block-heading__text\"> Denim Divas <\/span> <\/h2>\n<figure id=\"mntl-sc-block_308-0\" class=\"comp mntl-sc-block people-sc-block-image mntl-sc-block-image mntl-sc-block-image--no-theme no-theme figure-landscape figure-high-res\"><figcaption id=\"mntl-figure-caption_102-0\" class=\"comp mntl-figure-caption text-utility-100 figure-article-caption\"> <span class=\"figure-article-caption-text\">Yoonchae, Manon, Daniela, Lara Raj, Megan and Sophia of KATSEYE.<\/span><br \/>\n<span class=\"figure-article-caption-owner\"><\/p>\n<p>Phillip Faraone\/Getty<\/p>\n<p><\/span><br \/>\n<\/figcaption><\/figure>\n<p id=\"mntl-sc-block_309-0\" class=\"comp mntl-sc-block mntl-sc-block-html\"> The members of <a href=\"https:\/\/people.com\/katseye-makes-mtv-vmas-2025-red-carpet-debut-11805093\" data-component=\"link\" data-source=\"inlineLink\" data-type=\"internalLink\" data-ordinal=\"1\">KATSEYE<\/a> coordinate in all-denim outfits at the Teen Vogue Summit in Los Angeles on Sept. 20.\n<\/p>\n<\/div>\n<div id=\"list-sc-item_103-0\" class=\"comp list-sc-item mntl-block mntl-sc-list-item \">\n<span class=\"heading-toc\" id=\"toc-wednesday-to-saturday\" \/><\/p>\n<h2 id=\"mntl-sc-block_310-0\" class=\"comp mntl-sc-block people-sc-block-heading mntl-sc-block-heading mntl-sc-list-item-title\"> <span class=\"mntl-sc-block-heading__text\"> &#8216;Wednesday&#8217; to Saturday <\/span> <\/h2>\n<figure id=\"mntl-sc-block_311-0\" class=\"comp mntl-sc-block people-sc-block-image mntl-sc-block-image mntl-sc-block-image--no-theme no-theme figure-portrait figure-high-res\"><figcaption id=\"mntl-figure-caption_103-0\" class=\"comp mntl-figure-caption text-utility-100 figure-article-caption\"> <span class=\"figure-article-caption-text\">Joy Sunday.<\/span><br \/>\n<span class=\"figure-article-caption-owner\"><\/p>\n<p>Phillip Faraone\/Getty<\/p>\n<p><\/span><br \/>\n<\/figcaption><\/figure>\n<p id=\"mntl-sc-block_312-0\" class=\"comp mntl-sc-block mntl-sc-block-html\"> <a href=\"https:\/\/people.com\/joy-sunday-beauty-must-haves-philosophy-lancome-90th-anniversary-campaign-exclusive-11813814\" data-component=\"link\" data-source=\"inlineLink\" data-type=\"internalLink\" data-ordinal=\"1\">Joy Sunday<\/a> waves for the cameras at the 2025 Teen Vogue Summit in Los Angeles on Sept. 20.\n<\/p>\n<\/div>\n<div id=\"list-sc-item_104-0\" class=\"comp list-sc-item mntl-block mntl-sc-list-item \">\n<span class=\"heading-toc\" id=\"toc-guitar-hero\" \/><\/p>\n<h2 id=\"mntl-sc-block_313-0\" class=\"comp mntl-sc-block people-sc-block-heading mntl-sc-block-heading mntl-sc-list-item-title\"> <span class=\"mntl-sc-block-heading__text\"> Guitar Hero <\/span> <\/h2>\n<figure id=\"mntl-sc-block_314-0\" class=\"comp mntl-sc-block people-sc-block-image mntl-sc-block-image mntl-sc-block-image--no-theme no-theme figure-landscape figure-high-res\"><figcaption id=\"mntl-figure-caption_104-0\" class=\"comp mntl-figure-caption text-utility-100 figure-article-caption\"> <span class=\"figure-article-caption-text\">Ed Sheeran.<\/span><br \/>\n<span class=\"figure-article-caption-owner\"><\/p>\n<p>Kevin Mazur\/Getty<\/p>\n<p><\/span><br \/>\n<\/figcaption><\/figure>\n<p id=\"mntl-sc-block_315-0\" class=\"comp mntl-sc-block mntl-sc-block-html\"> Fresh off the release of his new album <em>Play<\/em>, <a href=\"https:\/\/people.com\/tag\/ed-sheeran\/\" data-component=\"link\" data-source=\"inlineLink\" data-type=\"internalLink\" data-ordinal=\"1\">Ed Sheeran<\/a> performs at the iHeartRadio Music Festival in Las Vegas on Sept. 20.<\/p>\n<\/div>\n<div id=\"list-sc-item_105-0\" class=\"comp list-sc-item mntl-block mntl-sc-list-item \">\n<span class=\"heading-toc\" id=\"toc-country-boy\" \/><\/p>\n<h2 id=\"mntl-sc-block_316-0\" class=\"comp mntl-sc-block people-sc-block-heading mntl-sc-block-heading mntl-sc-list-item-title\"> <span class=\"mntl-sc-block-heading__text\"> Country Boy <\/span> <\/h2>\n<figure id=\"mntl-sc-block_317-0\" class=\"comp mntl-sc-block people-sc-block-image mntl-sc-block-image mntl-sc-block-image--no-theme no-theme figure-landscape figure-high-res\"><figcaption id=\"mntl-figure-caption_105-0\" class=\"comp mntl-figure-caption text-utility-100 figure-article-caption\"> <span class=\"figure-article-caption-text\">Tim McGraw.<\/span><br \/>\n<span class=\"figure-article-caption-owner\"><\/p>\n<p>Christopher Polk\/Billboard via Getty<\/p>\n<p><\/span><br \/>\n<\/figcaption><\/figure>\n<p id=\"mntl-sc-block_318-0\" class=\"comp mntl-sc-block mntl-sc-block-html\"> <a href=\"https:\/\/people.com\/tag\/tim-mcgraw\/\" data-component=\"link\" data-source=\"inlineLink\" data-type=\"internalLink\" data-ordinal=\"1\">Tim McGraw<\/a> dons his signature cowboy hat while performing at the iHeartRadio Music Festival in Las Vegas on Sept. 20.\n<\/p>\n<\/div>\n<div id=\"list-sc-item_106-0\" class=\"comp list-sc-item mntl-block mntl-sc-list-item \">\n<span class=\"heading-toc\" id=\"toc-loving-the-limelight\" \/><\/p>\n<h2 id=\"mntl-sc-block_319-0\" class=\"comp mntl-sc-block people-sc-block-heading mntl-sc-block-heading mntl-sc-list-item-title\"> <span class=\"mntl-sc-block-heading__text\"> Loving the Limelight <\/span> <\/h2>\n<figure id=\"mntl-sc-block_320-0\" class=\"comp mntl-sc-block people-sc-block-image mntl-sc-block-image mntl-sc-block-image--no-theme no-theme figure-landscape figure-high-res\"><figcaption id=\"mntl-figure-caption_106-0\" class=\"comp mntl-figure-caption text-utility-100 figure-article-caption\"> <span class=\"figure-article-caption-text\">Shaboozey.<\/span><br \/>\n<span class=\"figure-article-caption-owner\"><\/p>\n<p>courtesy Jack Daniel\u2019s<\/p>\n<p><\/span><br \/>\n<\/figcaption><\/figure>\n<p id=\"mntl-sc-block_321-0\" class=\"comp mntl-sc-block mntl-sc-block-html\"> <a href=\"https:\/\/people.com\/shaboozey-interview-country-stardom-feels-like-dream-exclusive-8659442\" data-component=\"link\" data-source=\"inlineLink\" data-type=\"internalLink\" data-ordinal=\"1\">Shaboozey<\/a> wields a Jack Daniel&#8217;s bottle and a microphone in his hands during his Terminal 5 performance in New York City on Sept. 20.\n<\/p>\n<\/div>\n<div id=\"list-sc-item_107-0\" class=\"comp list-sc-item mntl-block mntl-sc-list-item \">\n<span class=\"heading-toc\" id=\"toc-funny-woman\" \/><\/p>\n<h2 id=\"mntl-sc-block_322-0\" class=\"comp mntl-sc-block people-sc-block-heading mntl-sc-block-heading mntl-sc-list-item-title\"> <span class=\"mntl-sc-block-heading__text\"> Funny Woman <\/span> <\/h2>\n<figure id=\"mntl-sc-block_323-0\" class=\"comp mntl-sc-block people-sc-block-image mntl-sc-block-image mntl-sc-block-image--no-theme no-theme figure-portrait figure-high-res\"><figcaption id=\"mntl-figure-caption_107-0\" class=\"comp mntl-figure-caption text-utility-100 figure-article-caption\"> <span class=\"figure-article-caption-text\">Nikki Glaser.<\/span><br \/>\n<span class=\"figure-article-caption-owner\"><\/p>\n<p>Gilbert Carrasquillo\/GC Images<\/p>\n<p><\/span><br \/>\n<\/figcaption><\/figure>\n<p id=\"mntl-sc-block_324-0\" class=\"comp mntl-sc-block mntl-sc-block-html\"> A casual <a href=\"https:\/\/people.com\/nikki-glaser-boyfriend-one-rule-her-standup-act-exclusive-11746571\" data-component=\"link\" data-source=\"inlineLink\" data-type=\"internalLink\" data-ordinal=\"1\">Nikki Glaser<\/a> sports a knit hat while in Philadelphia for her Alive and Unwell Tour on Sept. 20.\n<\/p>\n<\/div>\n<div id=\"list-sc-item_108-0\" class=\"comp list-sc-item mntl-block mntl-sc-list-item \">\n<span class=\"heading-toc\" id=\"toc-for-good\" \/><\/p>\n<h2 id=\"mntl-sc-block_325-0\" class=\"comp mntl-sc-block people-sc-block-heading mntl-sc-block-heading mntl-sc-list-item-title\"> <span class=\"mntl-sc-block-heading__text\"> For Good <\/span> <\/h2>\n<figure id=\"mntl-sc-block_326-0\" class=\"comp mntl-sc-block people-sc-block-image mntl-sc-block-image mntl-sc-block-image--no-theme no-theme figure-portrait figure-high-res\"><figcaption id=\"mntl-figure-caption_108-0\" class=\"comp mntl-figure-caption text-utility-100 figure-article-caption\"> <span class=\"figure-article-caption-text\">Mark Duplass.<\/span><br \/>\n<span class=\"figure-article-caption-owner\"><\/p>\n<p>Images for A Sense of Home<\/p>\n<p><\/span><br \/>\n<\/figcaption><\/figure>\n<p id=\"mntl-sc-block_327-0\" class=\"comp mntl-sc-block mntl-sc-block-html\"> <a href=\"https:\/\/people.com\/mark-duplass-thought-he-might-never-be-normal-amid-depression-11756981\" data-component=\"link\" data-source=\"inlineLink\" data-type=\"internalLink\" data-ordinal=\"1\">Mark Duplass<\/a> volunteers for A Sense of Home on Sept. 20 to provide creations to families impacted by the L.A. wildfires.\n<\/p>\n<\/div>\n<div id=\"list-sc-item_109-0\" class=\"comp list-sc-item mntl-block mntl-sc-list-item \">\n<span class=\"heading-toc\" id=\"toc-courtesy-curtsy\" \/><\/p>\n<h2 id=\"mntl-sc-block_328-0\" class=\"comp mntl-sc-block people-sc-block-heading mntl-sc-block-heading mntl-sc-list-item-title\"> <span class=\"mntl-sc-block-heading__text\"> Courtesy Curtsy <\/span> <\/h2>\n<figure id=\"mntl-sc-block_329-0\" class=\"comp mntl-sc-block people-sc-block-image mntl-sc-block-image mntl-sc-block-image--no-theme no-theme figure-portrait figure-high-res\"><figcaption id=\"mntl-figure-caption_109-0\" class=\"comp mntl-figure-caption text-utility-100 figure-article-caption\"> <span class=\"figure-article-caption-text\">Tiffany Haddish.<\/span><br \/>\n<span class=\"figure-article-caption-owner\"><\/p>\n<p>Rick Kern\/Getty\u00a0<\/p>\n<p><\/span><br \/>\n<\/figcaption><\/figure>\n<p id=\"mntl-sc-block_330-0\" class=\"comp mntl-sc-block mntl-sc-block-html\"> <a href=\"https:\/\/people.com\/tag\/tiffany-haddish\/\" data-component=\"link\" data-source=\"inlineLink\" data-type=\"internalLink\" data-ordinal=\"1\">Tiffany Haddish<\/a> shows off her dress&#8217; design at the <em>Haunted Heist<\/em> world premiere in Austin, Texas, on Sept. 20.\n<\/p>\n<\/div>\n<div id=\"list-sc-item_110-0\" class=\"comp list-sc-item mntl-block mntl-sc-list-item \">\n<span class=\"heading-toc\" id=\"toc-green-goddess\" \/><\/p>\n<h2 id=\"mntl-sc-block_331-0\" class=\"comp mntl-sc-block people-sc-block-heading mntl-sc-block-heading mntl-sc-list-item-title\"> <span class=\"mntl-sc-block-heading__text\"> Green Goddess <\/span> <\/h2>\n<figure id=\"mntl-sc-block_332-0\" class=\"comp mntl-sc-block people-sc-block-image mntl-sc-block-image mntl-sc-block-image--no-theme no-theme figure-square figure-high-res\"><figcaption id=\"mntl-figure-caption_110-0\" class=\"comp mntl-figure-caption text-utility-100 figure-article-caption\"> <span class=\"figure-article-caption-text\">Olivia Munn.<\/span><br \/>\n<span class=\"figure-article-caption-owner\"><\/p>\n<p>Dave Benett\/Getty<\/p>\n<p><\/span><br \/>\n<\/figcaption><\/figure>\n<p id=\"mntl-sc-block_333-0\" class=\"comp mntl-sc-block mntl-sc-block-html\"> Olivia Munn attends the Erdem show at The British Museum in London during London Fashion Week on Sept. 21.\n<\/p>\n<\/div>\n<div id=\"list-sc-item_111-0\" class=\"comp list-sc-item mntl-block mntl-sc-list-item \">\n<span class=\"heading-toc\" id=\"toc-red-carpet-ready\" \/><\/p>\n<h2 id=\"mntl-sc-block_334-0\" class=\"comp mntl-sc-block people-sc-block-heading mntl-sc-block-heading mntl-sc-list-item-title\"> <span class=\"mntl-sc-block-heading__text\"> Red Carpet Ready <\/span> <\/h2>\n<figure id=\"mntl-sc-block_335-0\" class=\"comp mntl-sc-block people-sc-block-image mntl-sc-block-image mntl-sc-block-image--no-theme no-theme figure-square figure-high-res\"><figcaption id=\"mntl-figure-caption_111-0\" class=\"comp mntl-figure-caption text-utility-100 figure-article-caption\"> <span class=\"figure-article-caption-text\">Angelina Jolie.<\/span><br \/>\n<span class=\"figure-article-caption-owner\"><\/p>\n<p>Carlos Alvarez\/Getty<\/p>\n<p><\/span><br \/>\n<\/figcaption><\/figure>\n<p id=\"mntl-sc-block_336-0\" class=\"comp mntl-sc-block mntl-sc-block-html\"> Angelina Jolie smiles for the cameras at the <em>Couture <\/em>red carpet during the San Sebastian International Film Festival in Spain on Sept. 21.\n<\/p>\n<\/div>\n<div id=\"list-sc-item_112-0\" class=\"comp list-sc-item mntl-block mntl-sc-list-item \">\n<span class=\"heading-toc\" id=\"toc-slay-all-day\" \/><\/p>\n<h2 id=\"mntl-sc-block_337-0\" class=\"comp mntl-sc-block people-sc-block-heading mntl-sc-block-heading mntl-sc-list-item-title\"> <span class=\"mntl-sc-block-heading__text\"> Slay All Day <\/span> <\/h2>\n<figure id=\"mntl-sc-block_338-0\" class=\"comp mntl-sc-block people-sc-block-image mntl-sc-block-image mntl-sc-block-image--no-theme no-theme figure-square figure-high-res\"><figcaption id=\"mntl-figure-caption_112-0\" class=\"comp mntl-figure-caption text-utility-100 figure-article-caption\"> <span class=\"figure-article-caption-text\">Ashley Graham.<\/span><br \/>\n<span class=\"figure-article-caption-owner\"><\/p>\n<p>Monica Schipper\/Getty<\/p>\n<p><\/span><br \/>\n<\/figcaption><\/figure>\n<p id=\"mntl-sc-block_339-0\" class=\"comp mntl-sc-block mntl-sc-block-html\"> Ashley Graham attends the 7th Daytime Beauty Awards at Grand Venue in L.A. on Sept. 21.\n<\/p>\n<\/div>\n<div id=\"list-sc-item_113-0\" class=\"comp list-sc-item mntl-block mntl-sc-list-item \">\n<span class=\"heading-toc\" id=\"toc-photo-op\" \/><\/p>\n<h2 id=\"mntl-sc-block_340-0\" class=\"comp mntl-sc-block people-sc-block-heading mntl-sc-block-heading mntl-sc-list-item-title\"> <span class=\"mntl-sc-block-heading__text\"> Photo Op <\/span> <\/h2>\n<figure id=\"mntl-sc-block_341-0\" class=\"comp mntl-sc-block people-sc-block-image mntl-sc-block-image mntl-sc-block-image--no-theme no-theme figure-square figure-high-res\"><figcaption id=\"mntl-figure-caption_113-0\" class=\"comp mntl-figure-caption text-utility-100 figure-article-caption\"> <span class=\"figure-article-caption-text\">John Stamos and Mike Love.<\/span><br \/>\n<span class=\"figure-article-caption-owner\"><\/p>\n<p>Ben Trivett<\/p>\n<p><\/span><br \/>\n<\/figcaption><\/figure>\n<p id=\"mntl-sc-block_342-0\" class=\"comp mntl-sc-block mntl-sc-block-html\"> John Stamos and Mike Love of the Beach Boys pose for a backstage photo at Riot Fest in Chicago on Sept. 20.\n<\/p>\n<\/div>\n<div id=\"list-sc-item_114-0\" class=\"comp list-sc-item mntl-block mntl-sc-list-item \">\n<span class=\"heading-toc\" id=\"toc-high-fashion\" \/><\/p>\n<h2 id=\"mntl-sc-block_343-0\" class=\"comp mntl-sc-block people-sc-block-heading mntl-sc-block-heading mntl-sc-list-item-title\"> <span class=\"mntl-sc-block-heading__text\"> High Fashion <\/span> <\/h2>\n<figure id=\"mntl-sc-block_344-0\" class=\"comp mntl-sc-block people-sc-block-image mntl-sc-block-image mntl-sc-block-image--no-theme no-theme figure-square figure-high-res\"><figcaption id=\"mntl-figure-caption_114-0\" class=\"comp mntl-figure-caption text-utility-100 figure-article-caption\"> <span class=\"figure-article-caption-text\">Saweetie.<\/span><br \/>\n<span class=\"figure-article-caption-owner\"><\/p>\n<p>Dave Benett\/Getty\u00a0<\/p>\n<p><\/span><br \/>\n<\/figcaption><\/figure>\n<p id=\"mntl-sc-block_345-0\" class=\"comp mntl-sc-block mntl-sc-block-html\"> Saweetie\u00a0strikes a pose at an event hosted by <em>British Vogue<\/em> and Audemars Piguet at London Fashion Week on Sept. 21.\n<\/p>\n<\/div>\n<div id=\"list-sc-item_115-0\" class=\"comp list-sc-item mntl-block mntl-sc-list-item \">\n<span class=\"heading-toc\" id=\"toc-songbird-supreme\" \/><\/p>\n<h2 id=\"mntl-sc-block_346-0\" class=\"comp mntl-sc-block people-sc-block-heading mntl-sc-block-heading mntl-sc-list-item-title\"> <span class=\"mntl-sc-block-heading__text\"> Songbird Supreme <\/span> <\/h2>\n<figure id=\"mntl-sc-block_347-0\" class=\"comp mntl-sc-block people-sc-block-image mntl-sc-block-image mntl-sc-block-image--no-theme no-theme figure-square figure-high-res\"><figcaption id=\"mntl-figure-caption_115-0\" class=\"comp mntl-figure-caption text-utility-100 figure-article-caption\"> <span class=\"figure-article-caption-text\">Mariah Carey.<\/span><br \/>\n<span class=\"figure-article-caption-owner\"><\/p>\n<p>Jeff Kravitz\/FilmMagic<\/p>\n<p><\/span><br \/>\n<\/figcaption><\/figure>\n<p id=\"mntl-sc-block_348-0\" class=\"comp mntl-sc-block mntl-sc-block-html\"> <a href=\"https:\/\/people.com\/tag\/mariah-carey\/\" data-component=\"link\" data-source=\"inlineLink\" data-type=\"internalLink\" data-ordinal=\"1\">Mariah Carey<\/a> shines onstage as she performs at the 2025 iHeartRadio Music Festival in Las Vegas on Sept. 20.\n<\/p>\n<\/div>\n<div id=\"list-sc-item_116-0\" class=\"comp list-sc-item mntl-block mntl-sc-list-item \">\n<span class=\"heading-toc\" id=\"toc-city-strolling\" \/><\/p>\n<h2 id=\"mntl-sc-block_349-0\" class=\"comp mntl-sc-block people-sc-block-heading mntl-sc-block-heading mntl-sc-list-item-title\"> <span class=\"mntl-sc-block-heading__text\"> City Strolling <\/span> <\/h2>\n<figure id=\"mntl-sc-block_350-0\" class=\"comp mntl-sc-block people-sc-block-image mntl-sc-block-image mntl-sc-block-image--no-theme no-theme figure-square figure-high-res\"><figcaption id=\"mntl-figure-caption_116-0\" class=\"comp mntl-figure-caption text-utility-100 figure-article-caption\"> <span class=\"figure-article-caption-text\">Dua Lipa.<\/span><br \/>\n<span class=\"figure-article-caption-owner\"><\/p>\n<p>TheImageDirect.com<\/p>\n<p><\/span><br \/>\n<\/figcaption><\/figure>\n<p id=\"mntl-sc-block_351-0\" class=\"comp mntl-sc-block mntl-sc-block-html\"> <a href=\"https:\/\/people.com\/tag\/dua-lipa\/\" data-component=\"link\" data-source=\"inlineLink\" data-type=\"internalLink\" data-ordinal=\"1\">Dua Lipa <\/a>makes a drink stop in New York City in a chic all-black outfit on Sept. 20.\n<\/p>\n<\/div>\n<div id=\"list-sc-item_117-0\" class=\"comp list-sc-item mntl-block mntl-sc-list-item \">\n<span class=\"heading-toc\" id=\"toc-concert-break\" \/><\/p>\n<h2 id=\"mntl-sc-block_352-0\" class=\"comp mntl-sc-block people-sc-block-heading mntl-sc-block-heading mntl-sc-list-item-title\"> <span class=\"mntl-sc-block-heading__text\"> Concert Break <\/span> <\/h2>\n<figure id=\"mntl-sc-block_353-0\" class=\"comp mntl-sc-block people-sc-block-image mntl-sc-block-image mntl-sc-block-image--no-theme no-theme figure-square figure-high-res\"><figcaption id=\"mntl-figure-caption_117-0\" class=\"comp mntl-figure-caption text-utility-100 figure-article-caption\"> <span class=\"figure-article-caption-text\">Hugh Jackman.<\/span><br \/>\n<span class=\"figure-article-caption-owner\"><\/p>\n<p>BrosNYC \/ BACKGRID<\/p>\n<p><\/span><br \/>\n<\/figcaption><\/figure>\n<p id=\"mntl-sc-block_354-0\" class=\"comp mntl-sc-block mntl-sc-block-html\"> <a href=\"https:\/\/people.com\/tag\/hugh-jackman\/\" data-component=\"link\" data-source=\"inlineLink\" data-type=\"internalLink\" data-ordinal=\"1\">Hugh Jackman<\/a> stops by the Radio City Music Hall Marquee terrace in New York City in between performing his concert series <em>Hugh Jackman: From New York With Love <\/em>on Sept. 20.\n<\/p>\n<\/div>\n<div id=\"list-sc-item_118-0\" class=\"comp list-sc-item mntl-block mntl-sc-list-item \">\n<span class=\"heading-toc\" id=\"toc-special-support\" \/><\/p>\n<h2 id=\"mntl-sc-block_355-0\" class=\"comp mntl-sc-block people-sc-block-heading mntl-sc-block-heading mntl-sc-list-item-title\"> <span class=\"mntl-sc-block-heading__text\"> Special Support <\/span> <\/h2>\n<figure id=\"mntl-sc-block_356-0\" class=\"comp mntl-sc-block people-sc-block-image mntl-sc-block-image mntl-sc-block-image--no-theme no-theme figure-square figure-high-res\"><figcaption id=\"mntl-figure-caption_118-0\" class=\"comp mntl-figure-caption text-utility-100 figure-article-caption\"> <span class=\"figure-article-caption-text\">Rob Lowe.<\/span><br \/>\n<span class=\"figure-article-caption-owner\"><\/p>\n<p>Scott Dudelson\/Getty\u00a0<\/p>\n<p><\/span><br \/>\n<\/figcaption><\/figure>\n<p id=\"mntl-sc-block_357-0\" class=\"comp mntl-sc-block mntl-sc-block-html\"> <a href=\"https:\/\/people.com\/tag\/rob-lowe\/\" data-component=\"link\" data-source=\"inlineLink\" data-type=\"internalLink\" data-ordinal=\"1\">Rob Lowe<\/a> attends the One805LIVE! 2025 concert benefiting first responders on Sept. 20 in Carpinteria, California.\u00a0\n<\/p>\n<\/div>\n<div id=\"list-sc-item_119-0\" class=\"comp list-sc-item mntl-block mntl-sc-list-item \">\n<span class=\"heading-toc\" id=\"toc-traditional-celebration\" \/><\/p>\n<h2 id=\"mntl-sc-block_358-0\" class=\"comp mntl-sc-block people-sc-block-heading mntl-sc-block-heading mntl-sc-list-item-title\"> <span class=\"mntl-sc-block-heading__text\"> Traditional Celebration <\/span> <\/h2>\n<figure id=\"mntl-sc-block_359-0\" class=\"comp mntl-sc-block people-sc-block-image mntl-sc-block-image mntl-sc-block-image--no-theme no-theme figure-portrait figure-high-res\"><figcaption id=\"mntl-figure-caption_119-0\" class=\"comp mntl-figure-caption text-utility-100 figure-article-caption\"> <span class=\"figure-article-caption-text\">Heidi Klum and her husband Tom Kaulitz.<\/span><br \/>\n<span class=\"figure-article-caption-owner\"><\/p>\n<p>BACKGRID<\/p>\n<p><\/span><br \/>\n<\/figcaption><\/figure>\n<p id=\"mntl-sc-block_360-0\" class=\"comp mntl-sc-block mntl-sc-block-html\"> <a href=\"https:\/\/people.com\/tag\/heidi-klum\/\" data-component=\"link\" data-source=\"inlineLink\" data-type=\"internalLink\" data-ordinal=\"1\">Heidi Klum<\/a> and her husband <a href=\"https:\/\/people.com\/style\/who-is-tom-kaulitz-heidi-klum-husband\/\" data-component=\"link\" data-source=\"inlineLink\" data-type=\"internalLink\" data-ordinal=\"2\">Tom Kaulitz<\/a> return to her home country of Germany to celebrate Oktoberfest at K\u00e4fer Wiesn-Sch\u00e4nke in Munich on Sept. 21.<\/p>\n<\/div>\n<div id=\"list-sc-item_120-0\" class=\"comp list-sc-item mntl-block mntl-sc-list-item \">\n<span class=\"heading-toc\" id=\"toc-pretty-in-florals\" \/><\/p>\n<h2 id=\"mntl-sc-block_361-0\" class=\"comp mntl-sc-block people-sc-block-heading mntl-sc-block-heading mntl-sc-list-item-title\"> <span class=\"mntl-sc-block-heading__text\"> Pretty in Florals <\/span> <\/h2>\n<figure id=\"mntl-sc-block_362-0\" class=\"comp mntl-sc-block people-sc-block-image mntl-sc-block-image mntl-sc-block-image--no-theme no-theme figure-landscape figure-high-res\"><figcaption id=\"mntl-figure-caption_120-0\" class=\"comp mntl-figure-caption text-utility-100 figure-article-caption\"> <span class=\"figure-article-caption-text\">Gloria Estefan, Laila Lockhart Kraner and Kristen Wiig.<\/span><br \/>\n<span class=\"figure-article-caption-owner\"><\/p>\n<p>JC Olivera\/Variety via Getty<\/p>\n<p><\/span><br \/>\n<\/figcaption><\/figure>\n<p id=\"mntl-sc-block_363-0\" class=\"comp mntl-sc-block mntl-sc-block-html\"> <a href=\"https:\/\/people.com\/tag\/gloria-estefan\/\" data-component=\"link\" data-source=\"inlineLink\" data-type=\"internalLink\" data-ordinal=\"1\">Gloria Estefan<\/a>, Laila Lockhart Kraner and <a href=\"https:\/\/people.com\/tag\/kristen-wiig\/\" data-component=\"link\" data-source=\"inlineLink\" data-type=\"internalLink\" data-ordinal=\"2\">Kristen Wiig<\/a> attend the film premiere of their new film <em>Gabby&#8217;s Dollhouse: The Movie<\/em> in Los Angeles on Sept. 20.\n<\/p>\n<\/div>\n<div id=\"list-sc-item_121-0\" class=\"comp list-sc-item mntl-block mntl-sc-list-item \">\n<span class=\"heading-toc\" id=\"toc-catching-up\" \/><\/p>\n<h2 id=\"mntl-sc-block_364-0\" class=\"comp mntl-sc-block people-sc-block-heading mntl-sc-block-heading mntl-sc-list-item-title\"> <span class=\"mntl-sc-block-heading__text\"> Catching Up <\/span> <\/h2>\n<figure id=\"mntl-sc-block_365-0\" class=\"comp mntl-sc-block people-sc-block-image mntl-sc-block-image mntl-sc-block-image--no-theme no-theme figure-landscape figure-high-res\"><figcaption id=\"mntl-figure-caption_121-0\" class=\"comp mntl-figure-caption text-utility-100 figure-article-caption\"> <span class=\"figure-article-caption-text\">Ryan Seacrest and Tim McGraw.<\/span><br \/>\n<span class=\"figure-article-caption-owner\"><\/p>\n<p>Kevin Mazur\/Getty\u00a0<\/p>\n<p><\/span><br \/>\n<\/figcaption><\/figure>\n<p id=\"mntl-sc-block_366-0\" class=\"comp mntl-sc-block mntl-sc-block-html\"> <a href=\"https:\/\/people.com\/tag\/ryan-seacrest\/\" data-component=\"link\" data-source=\"inlineLink\" data-type=\"internalLink\" data-ordinal=\"1\">Ryan Seacrest<\/a> and <a href=\"https:\/\/people.com\/tag\/tim-mcgraw\/\" data-component=\"link\" data-source=\"inlineLink\" data-type=\"internalLink\" data-ordinal=\"2\">Tim McGraw<\/a> pose for a photo together at the 2025 iHeartRadio Music Festival on Sept. 20 in Las Vegas.\n<\/p>\n<\/div>\n<div id=\"list-sc-item_122-0\" class=\"comp list-sc-item mntl-block mntl-sc-list-item \">\n<span class=\"heading-toc\" id=\"toc-cute-couple\" \/><\/p>\n<h2 id=\"mntl-sc-block_367-0\" class=\"comp mntl-sc-block people-sc-block-heading mntl-sc-block-heading mntl-sc-list-item-title\"> <span class=\"mntl-sc-block-heading__text\"> Cute Couple <\/span> <\/h2>\n<figure id=\"mntl-sc-block_368-0\" class=\"comp mntl-sc-block people-sc-block-image mntl-sc-block-image mntl-sc-block-image--no-theme no-theme figure-portrait figure-high-res\"><figcaption id=\"mntl-figure-caption_122-0\" class=\"comp mntl-figure-caption text-utility-100 figure-article-caption\"> <span class=\"figure-article-caption-text\">Justin Long and Kate Bosworth.<\/span><br \/>\n<span class=\"figure-article-caption-owner\"><\/p>\n<p>Rick Kern\/Getty<\/p>\n<p><\/span><br \/>\n<\/figcaption><\/figure>\n<p id=\"mntl-sc-block_369-0\" class=\"comp mntl-sc-block mntl-sc-block-html\"> <a href=\"https:\/\/people.com\/tag\/justin-long\/\" data-component=\"link\" data-source=\"inlineLink\" data-type=\"internalLink\" data-ordinal=\"1\">Justin Long<\/a> and <a href=\"https:\/\/people.com\/tag\/kate-bosworth\/\" data-component=\"link\" data-source=\"inlineLink\" data-type=\"internalLink\" data-ordinal=\"2\">Kate Bosworth<\/a> make a happy couple at the world premiere of <em>Coyoltes<\/em> at Fantastic Fest 2025 in Austin, Texas, on Sept. 20.\n<\/p>\n<\/div>\n<div id=\"list-sc-item_123-0\" class=\"comp list-sc-item mntl-block mntl-sc-list-item \">\n<span class=\"heading-toc\" id=\"toc-talking-to-teens\" \/><\/p>\n<h2 id=\"mntl-sc-block_370-0\" class=\"comp mntl-sc-block people-sc-block-heading mntl-sc-block-heading mntl-sc-list-item-title\"> <span class=\"mntl-sc-block-heading__text\"> Talking to Teens <\/span> <\/h2>\n<figure id=\"mntl-sc-block_371-0\" class=\"comp mntl-sc-block people-sc-block-image mntl-sc-block-image mntl-sc-block-image--no-theme no-theme figure-landscape figure-high-res\"><figcaption id=\"mntl-figure-caption_123-0\" class=\"comp mntl-figure-caption text-utility-100 figure-article-caption\"> <span class=\"figure-article-caption-text\">Alyson Stoner and Raven-Symon\u00e9.<\/span><br \/>\n<span class=\"figure-article-caption-owner\"><\/p>\n<p>Michael Buckner\/Variety via Getty<\/p>\n<p><\/span><br \/>\n<\/figcaption><\/figure>\n<p id=\"mntl-sc-block_372-0\" class=\"comp mntl-sc-block mntl-sc-block-html\"> <a href=\"https:\/\/people.com\/alyson-stoner-memoir-semi-well-adjusted-despite-literally-everything-exclusive-11788491\" data-component=\"link\" data-source=\"inlineLink\" data-type=\"internalLink\" data-ordinal=\"1\">Alyson Stoner<\/a> and <a href=\"https:\/\/people.com\/tag\/raven-symone\/\" data-component=\"link\" data-source=\"inlineLink\" data-type=\"internalLink\" data-ordinal=\"2\">Raven-Symon\u00e9<\/a> speak onstage at the Teen Vogue Summit held at Los Angeles&#8217; NYA West on Sept. 20.\n<\/p>\n<\/div>\n<\/div>\n<p><br \/>\n<br \/><a href=\"https:\/\/people.com\/star-tracks-wednesday-september-24-2025-new-celebrity-photos-updated-daily-11815945\">Source link <\/a><\/p>\n","protected":false},"excerpt":{"rendered":"<p>Stars have been everywhere this week, from Cardi B turning up the volume and the vibes at her meet and greet in Georgia to Kim Kardashian attending a NikeSKIMS collab performance in New York City. Also in the Big Apple, Mariah Carey has a night out, and BLACKPINK member Ros\u00e9 stops by The Tonight Show &#8230; <a title=\"Cardi B, Kim Kardashian, Ros\u00e9 and More\" class=\"read-more\" href=\"https:\/\/www.jubi24.com\/?p=3868\" aria-label=\"Read more about Cardi B, Kim Kardashian, Ros\u00e9 and More\">Read more<\/a><\/p>\n","protected":false},"author":1,"featured_media":3869,"comment_status":"open","ping_status":"open","sticky":false,"template":"","format":"standard","meta":{"fifu_image_url":"","fifu_image_alt":"","_jetpack_memberships_contains_paid_content":false,"footnotes":"","jetpack_publicize_message":"","jetpack_publicize_feature_enabled":true,"jetpack_social_post_already_shared":true,"jetpack_social_options":{"image_generator_settings":{"template":"highway","default_image_id":0,"font":"","enabled":false},"version":2}},"categories":[1],"tags":[],"class_list":["post-3868","post","type-post","status-publish","format-standard","has-post-thumbnail","hentry","category-uncategorized"],"jetpack_publicize_connections":[],"jetpack_featured_media_url":"https:\/\/www.jubi24.com\/wp-content\/uploads\/2025\/09\/Cardi-B-Kim-Kardashian-Rose-and-More.jpg","jetpack_sharing_enabled":true,"_links":{"self":[{"href":"https:\/\/www.jubi24.com\/index.php?rest_route=\/wp\/v2\/posts\/3868","targetHints":{"allow":["GET"]}}],"collection":[{"href":"https:\/\/www.jubi24.com\/index.php?rest_route=\/wp\/v2\/posts"}],"about":[{"href":"https:\/\/www.jubi24.com\/index.php?rest_route=\/wp\/v2\/types\/post"}],"author":[{"embeddable":true,"href":"https:\/\/www.jubi24.com\/index.php?rest_route=\/wp\/v2\/users\/1"}],"replies":[{"embeddable":true,"href":"https:\/\/www.jubi24.com\/index.php?rest_route=%2Fwp%2Fv2%2Fcomments&post=3868"}],"version-history":[{"count":1,"href":"https:\/\/www.jubi24.com\/index.php?rest_route=\/wp\/v2\/posts\/3868\/revisions"}],"predecessor-version":[{"id":3870,"href":"https:\/\/www.jubi24.com\/index.php?rest_route=\/wp\/v2\/posts\/3868\/revisions\/3870"}],"wp:featuredmedia":[{"embeddable":true,"href":"https:\/\/www.jubi24.com\/index.php?rest_route=\/wp\/v2\/media\/3869"}],"wp:attachment":[{"href":"https:\/\/www.jubi24.com\/index.php?rest_route=%2Fwp%2Fv2%2Fmedia&parent=3868"}],"wp:term":[{"taxonomy":"category","embeddable":true,"href":"https:\/\/www.jubi24.com\/index.php?rest_route=%2Fwp%2Fv2%2Fcategories&post=3868"},{"taxonomy":"post_tag","embeddable":true,"href":"https:\/\/www.jubi24.com\/index.php?rest_route=%2Fwp%2Fv2%2Ftags&post=3868"}],"curies":[{"name":"wp","href":"https:\/\/api.w.org\/{rel}","templated":true}]}}