{"id":4013,"date":"2025-09-26T00:48:14","date_gmt":"2025-09-26T00:48:14","guid":{"rendered":"https:\/\/www.jubi24.com\/?p=4013"},"modified":"2025-09-26T00:48:14","modified_gmt":"2025-09-26T00:48:14","slug":"tiny-desk-concert-de-carlos-vives-un-canto-desde-la-provincia","status":"publish","type":"post","link":"https:\/\/www.jubi24.com\/?p=4013","title":{"rendered":"Tiny Desk Concert de Carlos Vives: un canto desde La Provincia"},"content":{"rendered":"<p><br \/>\n<\/p>\n<div>\n<p>Como parte de la doble celebraci\u00f3n de los 30 a\u00f1os de <em>La Tierra del Olvido<\/em> y del Mes de la Herencia Hispana, Carlos Vives, junto a NPR, present\u00f3 su respectivo <em>Tiny Desk Concert<\/em>.<\/p>\n<p>El artista samario, acompa\u00f1ado por su agrupaci\u00f3n La Provincia, viaj\u00f3 en el tiempo para reinterpretar canciones escritas por grandes juglares de la cultura vallenata como Alejo Dur\u00e1n y Leandro D\u00edaz, seguidas de aquellas composiciones en las que germin\u00f3 el sonido que m\u00e1s adelante se conocer\u00eda como \u201cel rock de mi pueblo\u201d.<\/p>\n<figure class=\"wp-block-embed is-type-video is-provider-youtube wp-block-embed-youtube wp-embed-aspect-16-9 wp-has-aspect-ratio\">\n<span class=\"embed-youtube\" style=\"text-align:center; display: block;\"><iframe class=\"youtube-player\" width=\"1200\" height=\"675\" src=\"https:\/\/www.youtube.com\/embed\/XerTuv79p2M?version=3&#038;rel=1&#038;showsearch=0&#038;showinfo=1&#038;iv_load_policy=1&#038;fs=1&#038;hl=en-US&#038;autohide=2&#038;wmode=transparent\" allowfullscreen=\"true\" style=\"border:0;\" sandbox=\"allow-scripts allow-same-origin allow-popups allow-presentation allow-popups-to-escape-sandbox\"><\/iframe><\/span>\n<\/p>\n<\/figure>\n<p>Junto a la maestra e ingeniera de la gaita, Mayte Montero, el tecladista Carlos Iv\u00e1n Medina y el bajista \u201cPapa\u201d Pastor \u2014integrantes de la Provincia original\u2014 se sumaron grandes referentes de la m\u00fasica colombiana actual, como el productor y m\u00fasico Andr\u00e9s Leal y el Rey Vallenato Cristian Camilo.<\/p>\n<p>\u2018La Cachucha Bacana\u2019, escrita por Alejo Dur\u00e1n, abri\u00f3 el Tiny Desk, seguida de una de las canciones m\u00e1s versionadas del vallenato y que mejor representan al g\u00e9nero: \u2018La Diosa Coronada\u2019, del poeta de los ojos del alma \u2014Leandro D\u00edaz, quien era ciego\u2014, en la que el tiple colombiano aporta un aire renovado.<\/p>\n<p>El viaje por La Tierra del Olvido continu\u00f3 con \u2018Ella\u2019, compuesta por Iv\u00e1n Benavides, maestro en composici\u00f3n de Carlos Vives, donde la arm\u00f3nica en manos del samario convierte la introducci\u00f3n en un momento especial. \u2018Agua\u2019, de la autor\u00eda de Teto Ocampo, es quiz\u00e1 el mejor ejemplo de ese sonido llamado \u201cel rock de mi pueblo\u201d, en el que lo hispano, lo ind\u00edgena y lo afro se funden en un abrazo sonoro, mientras el clarinete de Adri\u00e1n Vi\u00e1fara abre un nuevo universo.<\/p>\n<p>\u201cLa car\u00e1tula de <em>La Tierra del Olvido<\/em> soy yo, buscando qui\u00e9n soy y buscando a mi familia, mi \u00e1rbol familiar. Est\u00e1 Mayte, que es afro; Egidio, que es mestizo, un coste\u00f1o de ojos azules; Teto, un rockero Kogi; y yo, que no puedo tener m\u00e1s apellidos espa\u00f1oles\u201d nos dijo Carlos Vives en exclusiva para ROLLING STONE en Espa\u00f1ol y lo volvi\u00f3 a recalcar durante el Tiny Desk, recordando a su compadre Egidio Cuadrado y antes de interpretar el himno de su m\u00fasica: \u2018La Tierra del Olvido\u2019, canci\u00f3n que cerr\u00f3 con un aire de m\u00fasica llanera, tal como lo hizo El Cholo Valderrama en la versi\u00f3n lanzada en 2015. Con este final, el samario envi\u00f3 un mensaje de uni\u00f3n y amor entre Colombia y Venezuela.<\/p>\n<p>La en\u00e9rgica e ic\u00f3nica \u2018Pa\u2019 Mayte\u2019, inspirada en la gaitera, y \u2018Fruta Fresca\u2019 \u2014\u00fanica pieza del repertorio que no pertenece al disco <em>La Tierra del Olvido<\/em>\u2014 fueron las encargadas de cerrar un <em>Tiny Desk<\/em> que, sin lugar a dudas, volvi\u00f3 a mostrarnos la mejor versi\u00f3n de Vives: un abrazo sonoro llamado \u201cel rock de mi pueblo\u201d.<\/p>\n<figure class=\"wp-block-embed is-type-wp-embed is-provider-rolling-stone-en-espa-ol wp-block-embed-rolling-stone-en-espa-ol\" \/>\n                <\/div>\n<p><br \/>\n<br \/><a href=\"https:\/\/es.rollingstone.com\/tiny-desk-concert-de-carlos-vives-un-canto-desde-la-provincia\/\">Source link <\/a><\/p>\n","protected":false},"excerpt":{"rendered":"<p>Como parte de la doble celebraci\u00f3n de los 30 a\u00f1os de La Tierra del Olvido y del Mes de la Herencia Hispana, Carlos Vives, junto a NPR, present\u00f3 su respectivo Tiny Desk Concert. El artista samario, acompa\u00f1ado por su agrupaci\u00f3n La Provincia, viaj\u00f3 en el tiempo para reinterpretar canciones escritas por grandes juglares de la &#8230; <a title=\"Tiny Desk Concert de Carlos Vives: un canto desde La Provincia\" class=\"read-more\" href=\"https:\/\/www.jubi24.com\/?p=4013\" aria-label=\"Read more about Tiny Desk Concert de Carlos Vives: un canto desde La Provincia\">Read more<\/a><\/p>\n","protected":false},"author":1,"featured_media":4014,"comment_status":"open","ping_status":"open","sticky":false,"template":"","format":"standard","meta":{"fifu_image_url":"","fifu_image_alt":"","_jetpack_memberships_contains_paid_content":false,"footnotes":"","jetpack_publicize_message":"","jetpack_publicize_feature_enabled":true,"jetpack_social_post_already_shared":true,"jetpack_social_options":{"image_generator_settings":{"template":"highway","default_image_id":0,"font":"","enabled":false},"version":2}},"categories":[1],"tags":[],"class_list":["post-4013","post","type-post","status-publish","format-standard","has-post-thumbnail","hentry","category-uncategorized"],"jetpack_publicize_connections":[],"jetpack_featured_media_url":"https:\/\/www.jubi24.com\/wp-content\/uploads\/2025\/09\/Tiny-Desk-Concert-de-Carlos-Vives-un-canto-desde-La.jpg","jetpack_sharing_enabled":true,"_links":{"self":[{"href":"https:\/\/www.jubi24.com\/index.php?rest_route=\/wp\/v2\/posts\/4013","targetHints":{"allow":["GET"]}}],"collection":[{"href":"https:\/\/www.jubi24.com\/index.php?rest_route=\/wp\/v2\/posts"}],"about":[{"href":"https:\/\/www.jubi24.com\/index.php?rest_route=\/wp\/v2\/types\/post"}],"author":[{"embeddable":true,"href":"https:\/\/www.jubi24.com\/index.php?rest_route=\/wp\/v2\/users\/1"}],"replies":[{"embeddable":true,"href":"https:\/\/www.jubi24.com\/index.php?rest_route=%2Fwp%2Fv2%2Fcomments&post=4013"}],"version-history":[{"count":1,"href":"https:\/\/www.jubi24.com\/index.php?rest_route=\/wp\/v2\/posts\/4013\/revisions"}],"predecessor-version":[{"id":4015,"href":"https:\/\/www.jubi24.com\/index.php?rest_route=\/wp\/v2\/posts\/4013\/revisions\/4015"}],"wp:featuredmedia":[{"embeddable":true,"href":"https:\/\/www.jubi24.com\/index.php?rest_route=\/wp\/v2\/media\/4014"}],"wp:attachment":[{"href":"https:\/\/www.jubi24.com\/index.php?rest_route=%2Fwp%2Fv2%2Fmedia&parent=4013"}],"wp:term":[{"taxonomy":"category","embeddable":true,"href":"https:\/\/www.jubi24.com\/index.php?rest_route=%2Fwp%2Fv2%2Fcategories&post=4013"},{"taxonomy":"post_tag","embeddable":true,"href":"https:\/\/www.jubi24.com\/index.php?rest_route=%2Fwp%2Fv2%2Ftags&post=4013"}],"curies":[{"name":"wp","href":"https:\/\/api.w.org\/{rel}","templated":true}]}}