{"id":4218,"date":"2025-09-27T18:37:31","date_gmt":"2025-09-27T18:37:31","guid":{"rendered":"https:\/\/www.jubi24.com\/?p=4218"},"modified":"2025-09-27T18:37:32","modified_gmt":"2025-09-27T18:37:32","slug":"le-groupe-du-psg-pour-la-reception-dauxerre-avec-quatre-petits-nouveaux-et-le-retour-de-barcola","status":"publish","type":"post","link":"https:\/\/www.jubi24.com\/?p=4218","title":{"rendered":"Le groupe du PSG pour la r\u00e9ception d\u2019Auxerre avec quatre petits nouveaux et le retour de Barcola"},"content":{"rendered":"<p><br \/>\n<\/p>\n<div data-live-id=\"articleContent.isLive\" data-live-value=\"17589844520\" data-live=\"0\" data-live-reload=\"1\">\n            Le <a href=\"https:\/\/www.footmercato.net\/club\/psg\/\">PSG<\/a> re\u00e7oit <a href=\"https:\/\/www.footmercato.net\/club\/association-jeunesse-auxerroise\/\">Auxerre<\/a> ce soir \u00e0 l\u2019occasion de la 6e journ\u00e9e de <a href=\"https:\/\/www.footmercato.net\/france\/ligue-1\/\">Ligue 1<\/a> au Parc des Princes. Pour cette rencontre, Luis Enrique a choisi d\u2019int\u00e9grer plusieurs jeunes talents, avec Wassim Slama (2008), Mathis Jangeal (2008) et Quentin Ndjantou (2008) dans le groupe. Yanis Khafi (2006) fait \u00e9galement partie de la s\u00e9lection, confirmant la volont\u00e9 du coach de donner du temps de jeu \u00e0 la rel\u00e8ve, alors que le nombre d\u2019absents est impressionnant. Seul Bradley Barcola est de retour de blessure. <\/p>\n<div class=\"adWrapper adWrapper--m\">\n            <span>La suite apr\u00e8s cette publicit\u00e9<\/span><\/p><\/div>\n<p>        En effet, plusieurs cadres manquent \u00e0 l\u2019appel pour cette rencontre : Fabian Ruiz, Jo\u00e3o Neves, D\u00e9sir\u00e9 Dou\u00e9, Marquinhos et Ousmane Demb\u00e9l\u00e9 sont forfaits. En revanche, Khvicha Kvaratskhelia et Illia Zabarniy, et Lucas Chevalier sont bien pr\u00e9sents. La recrue ukrainienne devrait suppl\u00e9er Marquinhos en d\u00e9fense centrale aux c\u00f4t\u00e9s de Pacho, tandis que Kvaratskhelia occupera un des couloirs. Hakimi sera logiquement align\u00e9 sur son flanc droit. Le coup d\u2019envoi est pr\u00e9vu \u00e0 21h05, au Parc des Princes.<\/p>\n<\/div>\n<pre><code>&lt;span&gt;Pub. le 27\/09\/2025 11:34&lt;\/span&gt;\n        &lt;span&gt;- MAJ le 27\/09\/2025 16:47&lt;\/span&gt;\n<\/code><\/pre>\n<p><br \/>\n<br \/><a href=\"https:\/\/www.footmercato.net\/a4648915646554497529-le-groupe-du-psg-pour-la-reception-dauxerre-avec-quatre-petits-nouveaux-et-le-retour-de-barcola\">Source link <\/a><\/p>\n","protected":false},"excerpt":{"rendered":"<p>Le PSG re\u00e7oit Auxerre ce soir \u00e0 l\u2019occasion de la 6e journ\u00e9e de Ligue 1 au Parc des Princes. Pour cette rencontre, Luis Enrique a choisi d\u2019int\u00e9grer plusieurs jeunes talents, avec Wassim Slama (2008), Mathis Jangeal (2008) et Quentin Ndjantou (2008) dans le groupe. Yanis Khafi (2006) fait \u00e9galement partie de la s\u00e9lection, confirmant la &#8230; <a title=\"Le groupe du PSG pour la r\u00e9ception d\u2019Auxerre avec quatre petits nouveaux et le retour de Barcola\" class=\"read-more\" href=\"https:\/\/www.jubi24.com\/?p=4218\" aria-label=\"Read more about Le groupe du PSG pour la r\u00e9ception d\u2019Auxerre avec quatre petits nouveaux et le retour de Barcola\">Read more<\/a><\/p>\n","protected":false},"author":1,"featured_media":4219,"comment_status":"open","ping_status":"open","sticky":false,"template":"","format":"standard","meta":{"fifu_image_url":"","fifu_image_alt":"","_jetpack_memberships_contains_paid_content":false,"footnotes":"","jetpack_publicize_message":"","jetpack_publicize_feature_enabled":true,"jetpack_social_post_already_shared":true,"jetpack_social_options":{"image_generator_settings":{"template":"highway","default_image_id":0,"font":"","enabled":false},"version":2}},"categories":[1],"tags":[],"class_list":["post-4218","post","type-post","status-publish","format-standard","has-post-thumbnail","hentry","category-uncategorized"],"jetpack_publicize_connections":[],"jetpack_featured_media_url":"https:\/\/www.jubi24.com\/wp-content\/uploads\/2025\/09\/Le-groupe-du-PSG-pour-la-reception-dAuxerre-avec-quatre.jpg","jetpack_sharing_enabled":true,"_links":{"self":[{"href":"https:\/\/www.jubi24.com\/index.php?rest_route=\/wp\/v2\/posts\/4218","targetHints":{"allow":["GET"]}}],"collection":[{"href":"https:\/\/www.jubi24.com\/index.php?rest_route=\/wp\/v2\/posts"}],"about":[{"href":"https:\/\/www.jubi24.com\/index.php?rest_route=\/wp\/v2\/types\/post"}],"author":[{"embeddable":true,"href":"https:\/\/www.jubi24.com\/index.php?rest_route=\/wp\/v2\/users\/1"}],"replies":[{"embeddable":true,"href":"https:\/\/www.jubi24.com\/index.php?rest_route=%2Fwp%2Fv2%2Fcomments&post=4218"}],"version-history":[{"count":1,"href":"https:\/\/www.jubi24.com\/index.php?rest_route=\/wp\/v2\/posts\/4218\/revisions"}],"predecessor-version":[{"id":4220,"href":"https:\/\/www.jubi24.com\/index.php?rest_route=\/wp\/v2\/posts\/4218\/revisions\/4220"}],"wp:featuredmedia":[{"embeddable":true,"href":"https:\/\/www.jubi24.com\/index.php?rest_route=\/wp\/v2\/media\/4219"}],"wp:attachment":[{"href":"https:\/\/www.jubi24.com\/index.php?rest_route=%2Fwp%2Fv2%2Fmedia&parent=4218"}],"wp:term":[{"taxonomy":"category","embeddable":true,"href":"https:\/\/www.jubi24.com\/index.php?rest_route=%2Fwp%2Fv2%2Fcategories&post=4218"},{"taxonomy":"post_tag","embeddable":true,"href":"https:\/\/www.jubi24.com\/index.php?rest_route=%2Fwp%2Fv2%2Ftags&post=4218"}],"curies":[{"name":"wp","href":"https:\/\/api.w.org\/{rel}","templated":true}]}}