{"id":6683,"date":"2025-10-18T21:06:38","date_gmt":"2025-10-18T21:06:38","guid":{"rendered":"https:\/\/www.jubi24.com\/?p=6683"},"modified":"2025-10-18T21:06:39","modified_gmt":"2025-10-18T21:06:39","slug":"ubeda-prepara-a-boca-para-recibir-a-belgrano-en-la-bombonera","status":"publish","type":"post","link":"https:\/\/www.jubi24.com\/?p=6683","title":{"rendered":"\u00dabeda prepara a Boca para recibir a Belgrano en La Bombonera"},"content":{"rendered":"<p><br \/>\n<\/p>\n<div>\n<div class=\"article-meta\"><span class=\"timestamp \">17  de  oct, 2025, 11:30 ET<\/span><\/div>\n<p><a href=\"https:\/\/espndeportes.espn.com\/futbol\/equipo\/_\/id\/5\/boca-juniors\" target=\"_blank\">Boca<\/a> sigue trabajando, despu\u00e9s del<strong> fuerte impacto de la <a href=\"https:\/\/espndeportes.espn.com\/futbol\/argentina\/nota?_slug_=murio-miguel-angel-russo-dt-de-boca-juniors&amp;id=15711836\" target=\"_blank\">muerte de Miguel \u00c1ngel Russo<\/a>,<\/strong> con la mira puesta en <strong>el cruce del s\u00e1bado 18 con <a href=\"https:\/\/espndeportes.espn.com\/futbol\/equipo\/_\/id\/4\/belgrano-cordoba\" target=\"_blank\">Belgrano<\/a>, <\/strong>en La Bombonera. Con <strong>Claudio \u00dabeda <\/strong>cargo, <strong>el Xeneize define el once <\/strong>para reanudar su actividad en el <strong><a href=\"https:\/\/espndeportes.espn.com\/futbol\/liga\/_\/nombre\/arg.1\/primera-division-de-argentina\" target=\"_blank\">Torneo Clausura 2025<\/a><\/strong>.<\/p>\n<aside class=\"inline inline-photo full\">\n<figure><img fetchpriority=\"high\" class=\" lazyload lazyload\" data-image-container=\".inline-photo\" height=\"320\" width=\"570\" \/><figcaption class=\"photoCaption\">Paredes se prepara para jugar, tras la doble fecha FIFA con la Selecci\u00f3n Argentina.\u00a0<cite>@BocaJrsOficial<\/cite><\/figcaption><\/figure>\n<\/aside>\n<p>Fueron d\u00edas duros para Boca y, a\u00fan con un plantel sensibilizado, toc\u00f3 <strong>volver a pensar en el f\u00fatbol<\/strong>. En el medio, fue suspendido el duelo ante Barracas Central como visitante, en fecha a definirse en las pr\u00f3ximas semanas.<\/p>\n<p>La fecha FIFA dej\u00f3 al Xeneize sin su figura principal y <strong>Leandro Paredes se sum\u00f3 al grupo este mi\u00e9rcoles<\/strong>, con la vuelta de los jugadores de la Selecci\u00f3n Argentina al pa\u00eds, tras la doble jornada en Miami.<\/p>\n<p>La mala noticia de la semana para el Mundo Boca tuvo que ver con la<strong> <a href=\"https:\/\/espndeportes.espn.com\/futbol\/argentina\/nota\/_\/id\/15793558\/alan-velasco-lesion-parte-medico-que-le-paso-boca\" target=\"_blank\">confirmaci\u00f3n del parte m\u00e9dico de Alan Velasco<\/a><\/strong>, que no volver\u00e1 a jugar en lo que resta del torneo. En el equipo titular que jugar\u00e1 ante el Pirata reaparecer\u00eda <strong><a href=\"https:\/\/espndeportes.espn.com\/futbol\/jugador\/_\/id\/202025\/carlos-palacios\" target=\"_blank\">Carlos Palacios<\/a><\/strong>, que ya <strong>est\u00e1 recuperado de su lesi\u00f3n y regresar\u00eda al once titular<\/strong>. El chileno le ganar\u00eda la pulseada a a <strong>Kevin Zen\u00f3n<\/strong>.<\/p>\n<aside class=\"inline editorial float-r\" data-behavior=\"article_related\">\n<h2 class=\"editorial-title\">Selecciones Editoriales<\/h2>\n<p>2 Relacionado<\/p>\n<\/aside>\n<p>Adem\u00e1s, el Xeneize confirm\u00f3 la ausencia de <a href=\"https:\/\/espndeportes.espn.com\/futbol\/jugador\/_\/id\/95469\/edinson-cavani\" target=\"_blank\"><strong>Edinson Cavani<\/strong><\/a>: el uruguayo no pudo seguir entren\u00e1ndose y qued\u00f3 descartado contra Belgrano. <strong>Ubeda iba a tenerlo en cuenta, pero ya el martes volvi\u00f3 a trabajar diferenciado y dos d\u00edas despu\u00e9s se supo que no podr\u00e1 regresar.<\/strong><\/p>\n<p>En ese puesto, <a href=\"https:\/\/espndeportes.espn.com\/futbol\/argentina\/nota\/_\/id\/15777092\/video-boca-vs-newells-torneo-clausura-2025-gol-de-milton-gimenez\" target=\"_blank\"><strong>Milton Gim\u00e9nez<\/strong>, que atraviesa un momento s\u00f3lido<\/a>, se mantendr\u00eda haciendo dupla con <strong>Miguel Merentiel<\/strong> de cara al duelo del s\u00e1bado, a las 18:00, frente a Belgrano.<\/p>\n<p>Otras bajas ser\u00e1n Miram\u00f3n y Fabra, que no continuar\u00e1n en el club, pero el que s\u00ed volver\u00e1 a la lista de concentrados es <strong>Lucas Blondel<\/strong>, tras algunos partidos en Reserva. Sin embargo, en el lateral derecho se mantendr\u00eda como titular Juan Barinaga.<\/p>\n<h2>El equipo de Boca vs. Belgrano<\/h2>\n<p>As\u00ed formar\u00eda Boca: <strong>Agust\u00edn Marches\u00edn; Juan Barinaga, Lautaro Di Lollo, Ayrton Costa, Lautaro Blanco; Brian Aguirre, Rodrigo Battaglia, Leandro Paredes, Carlos Palacios o Kevin Zen\u00f3n; Miguel Merentiel y Milton Gim\u00e9nez.<\/strong>\n<\/div>\n<p><br \/>\n<br \/><a href=\"https:\/\/espndeportes.espn.com\/futbol\/argentina\/nota\/_\/id\/15812293\/posible-formacion-de-boca-vs-belgrano-equipo-torneo-clausura-2025\">Source link <\/a><\/p>\n","protected":false},"excerpt":{"rendered":"<p>17 de oct, 2025, 11:30 ET Boca sigue trabajando, despu\u00e9s del fuerte impacto de la muerte de Miguel \u00c1ngel Russo, con la mira puesta en el cruce del s\u00e1bado 18 con Belgrano, en La Bombonera. Con Claudio \u00dabeda cargo, el Xeneize define el once para reanudar su actividad en el Torneo Clausura 2025. Paredes se &#8230; <a title=\"\u00dabeda prepara a Boca para recibir a Belgrano en La Bombonera\" class=\"read-more\" href=\"https:\/\/www.jubi24.com\/?p=6683\" aria-label=\"Read more about \u00dabeda prepara a Boca para recibir a Belgrano en La Bombonera\">Read more<\/a><\/p>\n","protected":false},"author":1,"featured_media":6684,"comment_status":"open","ping_status":"open","sticky":false,"template":"","format":"standard","meta":{"fifu_image_url":"","fifu_image_alt":"","_jetpack_memberships_contains_paid_content":false,"footnotes":"","jetpack_publicize_message":"","jetpack_publicize_feature_enabled":true,"jetpack_social_post_already_shared":true,"jetpack_social_options":{"image_generator_settings":{"template":"highway","default_image_id":0,"font":"","enabled":false},"version":2}},"categories":[1],"tags":[],"class_list":["post-6683","post","type-post","status-publish","format-standard","has-post-thumbnail","hentry","category-uncategorized"],"jetpack_publicize_connections":[],"jetpack_featured_media_url":"https:\/\/www.jubi24.com\/wp-content\/uploads\/2025\/10\/Ubeda-prepara-a-Boca-para-recibir-a-Belgrano-en-La.jpeg","jetpack_sharing_enabled":true,"_links":{"self":[{"href":"https:\/\/www.jubi24.com\/index.php?rest_route=\/wp\/v2\/posts\/6683","targetHints":{"allow":["GET"]}}],"collection":[{"href":"https:\/\/www.jubi24.com\/index.php?rest_route=\/wp\/v2\/posts"}],"about":[{"href":"https:\/\/www.jubi24.com\/index.php?rest_route=\/wp\/v2\/types\/post"}],"author":[{"embeddable":true,"href":"https:\/\/www.jubi24.com\/index.php?rest_route=\/wp\/v2\/users\/1"}],"replies":[{"embeddable":true,"href":"https:\/\/www.jubi24.com\/index.php?rest_route=%2Fwp%2Fv2%2Fcomments&post=6683"}],"version-history":[{"count":1,"href":"https:\/\/www.jubi24.com\/index.php?rest_route=\/wp\/v2\/posts\/6683\/revisions"}],"predecessor-version":[{"id":6685,"href":"https:\/\/www.jubi24.com\/index.php?rest_route=\/wp\/v2\/posts\/6683\/revisions\/6685"}],"wp:featuredmedia":[{"embeddable":true,"href":"https:\/\/www.jubi24.com\/index.php?rest_route=\/wp\/v2\/media\/6684"}],"wp:attachment":[{"href":"https:\/\/www.jubi24.com\/index.php?rest_route=%2Fwp%2Fv2%2Fmedia&parent=6683"}],"wp:term":[{"taxonomy":"category","embeddable":true,"href":"https:\/\/www.jubi24.com\/index.php?rest_route=%2Fwp%2Fv2%2Fcategories&post=6683"},{"taxonomy":"post_tag","embeddable":true,"href":"https:\/\/www.jubi24.com\/index.php?rest_route=%2Fwp%2Fv2%2Ftags&post=6683"}],"curies":[{"name":"wp","href":"https:\/\/api.w.org\/{rel}","templated":true}]}}