{"id":6753,"date":"2025-10-19T11:23:59","date_gmt":"2025-10-19T11:23:59","guid":{"rendered":"https:\/\/www.jubi24.com\/?p=6753"},"modified":"2025-10-19T11:24:00","modified_gmt":"2025-10-19T11:24:00","slug":"sarabia-presenta-candidatura-as-com","status":"publish","type":"post","link":"https:\/\/www.jubi24.com\/?p=6753","title":{"rendered":"Sarabia presenta candidatura &#8211; AS.com"},"content":{"rendered":"<p><br \/>\n<\/p>\n<div>\n<figure class=\"a_m\" id=\"art-img-7FC5KXJ6DBFJFPXNCC4S3L7J5I\"><span class=\"a_m_w\"><span class=\"ai ai-resize\"><\/span><\/span><\/figure>\n<p class=\"\">A <b>Eder Sarabia<\/b> le brillan los ojos cuando se le menciona el <b>Athletic<\/b>. No lo puede remediar. Su sangre es rojiblanca. Hasta se emociona cada vez que escucha su himno. <b>Eder es del Athletic a muerte,<\/b> de los que sufre y disfruta con cada derrota o victoria. Tambi\u00e9n era de los que iba al colegio con la camiseta rojiblanca. Y ese sentimiento le viene de cuna porque <b>su padre<\/b>, <b>Manu Sarabia, <\/b>se lo inculc\u00f3 de peque\u00f1o. Es lo que tiene tener en casa a una leyenda del Athletic (<a href=\"https:\/\/as.com\/resultados\/futbol\/primera\/2025_2026\/directo\/regular_a_9_68644b7763a9b20\/\" target=\"_self\" rel=\"\" title=\"https:\/\/as.com\/resultados\/futbol\/primera\/2025_2026\/directo\/regular_a_9_68644b7763a9b20\/\">sigue el partido en directo en AS.com<\/a>). <\/p>\n<p class=\"\">La vida le ha llevado a Eder lejos de Bilbao. Fuera de San Mam\u00e9s, el vizca\u00edno ha hecho carrera. <b>En Elche, ha tocado el cielo.<\/b> En el Mart\u00ednez Valero hizo realidad su sue\u00f1o de entrenar en Primera Divisi\u00f3n, con un ascenso m\u00e1s que merecido. Sarabia es feliz en el Elche. \u201c<a href=\"https:\/\/as.com\/futbol\/primera\/sarabia-el-corazon-se-deja-a-un-lado-y-vamos-con-todo-con-el-elche-f202510-n\/\" target=\"_self\" rel=\"\" title=\"https:\/\/as.com\/futbol\/primera\/sarabia-el-corazon-se-deja-a-un-lado-y-vamos-con-todo-con-el-elche-f202510-n\/\">Aqu\u00ed lo tengo todo<\/a> y quiero estar mucho tiempo m\u00e1s en este club\u201d, dijo en rueda de prensa. Sin embargo, la opci\u00f3n y <b>\u201cel deseo\u201d de entrenar al Athletic <\/b>en un futuro siempre estar\u00e1 ah\u00ed. \u201cMi hijo siempre ha dicho que m\u00e1s pronto que tarde quiere entrenar a un equipo en el que suene la melod\u00eda de la Champions. Y hacerlo <b>en el Athletic, ser\u00eda lo m\u00e1s\u201d,<\/b> desvel\u00f3 <b>Manu Sarabia<\/b> en <a href=\"https:\/\/as.com\/futbol\/segunda\/manu-sarabia-mi-hijo-ya-sabe-mas-de-futbol-que-yo-n\/\" target=\"_self\" rel=\"\" title=\"https:\/\/as.com\/futbol\/segunda\/manu-sarabia-mi-hijo-ya-sabe-mas-de-futbol-que-yo-n\/\">una entrevista que concedi\u00f3 a AS<\/a> el curso pasado. \u201cEl deseo puede estar para un futuro, pero ahora estoy <b>centrado en el Elche\u201d, <\/b>se\u00f1al\u00f3 el t\u00e9cnico franjiverde. <\/p>\n<aside class=\"a_fi\">\n<figure class=\"a_fi_m\"><a href=\"https:\/\/as.com\/resultados\/ficha\/equipo\/elche\/121\/\"><\/p>\n<figure><img loading=\"lazy\" decoding=\"async\" alt=\"Sarabia presenta candidatura\" height=\"80\" width=\"80\" loading=\"lazy\" src=\"https:\/\/www.jubi24.com\/wp-content\/uploads\/2025\/09\/placeholder-team.png\" \/><\/figure>\n<p><\/a><\/figure>\n<\/aside>\n<p class=\"\">Eder sabe que el camino hacia San Mam\u00e9s queda lejos y que su Athletic est\u00e1 en <b>buenas manos<\/b> con <b>Valverde <\/b>(\u201ces un entrenadorazo\u201d), pero hoy tiene una buena oportunidad para presentar su candidatura. En el vestuario dejar\u00e1 \u201cla sangre rojiblanca\u201d para seguir <b>haciendo historia<\/b> en este <b>Elche<\/b>, que salvo el borr\u00f3n de Vitoria lleva con orgullo la <a href=\"https:\/\/as.com\/futbol\/primera\/cinco-claves-de-un-inicio-historico-en-el-elche-n\/\" target=\"_self\" rel=\"\" title=\"https:\/\/as.com\/futbol\/primera\/cinco-claves-de-un-inicio-historico-en-el-elche-n\/\">etiqueta de equipo revelaci\u00f3n<\/a>. No es un partido m\u00e1s para Sarabia, que querr\u00e1 exhibirse y demostrar todo lo que ha prendido lejos de casa.<\/p>\n<p class=\"\">Sarabia tiene la importante <b>baja de Affengruber<\/b>. El austriaco est\u00e1 <b>sancionado <\/b>y eso puede provocar un cambio de sistema. El t\u00e9cnico podr\u00eda apostar, de nuevo, por <a href=\"https:\/\/as.com\/futbol\/primera\/alineacion-posible-del-elche-ante-el-athletic-en-la-liga-ea-sports-f202510-n\/\" target=\"_self\" rel=\"\" title=\"https:\/\/as.com\/futbol\/primera\/alineacion-posible-del-elche-ante-el-athletic-en-la-liga-ea-sports-f202510-n\/\">una defensa de cuatro<\/a>. No obstante, la gran preocupaci\u00f3n de Eder pasa por encajar a sus tres delanteros. <b>Rafa Mir, Andr\u00e9 Silva<\/b> y <b>\u00c1lvaro Rodr\u00edguez<\/b> est\u00e1n <b>enchufados<\/b>, pero solo<b> jugar\u00e1n dos<\/b> en un Mart\u00ednez Valero que sigue de fiesta porque todav\u00eda no conoce la derrota en Primera. <\/p>\n<aside class=\"a_fi\">\n<figure class=\"a_fi_m\"><a href=\"https:\/\/as.com\/resultados\/ficha\/equipo\/athletic\/5\/\"><\/p>\n<figure><img loading=\"lazy\" decoding=\"async\" alt=\"Sarabia presenta candidatura\" height=\"80\" width=\"80\" loading=\"lazy\" src=\"https:\/\/www.jubi24.com\/wp-content\/uploads\/2025\/09\/placeholder-team.png\" \/><\/figure>\n<p><\/a><\/figure>\n<\/aside>\n<p class=\"\"><b>Valverde <\/b>se mide con un Eder que seguro que le recuerda a sus inicios en los banquillos, con el sue\u00f1o de dirigir al Athletic. Pero lo que m\u00e1s le anima ahora es la bendici\u00f3n de un par\u00f3n que le ha permitido <b>recuperar<\/b> <b>a <\/b>todos <b>sus hombres<\/b>, menos, claro est\u00e1, los lesionados de gravedad Egiluz y Prados y el sancionado Yeray. Puede ir con todo, pues tiene en condiciones a su arsenal ofensivo: los hermanos <b>I\u00f1aki <\/b>y <b>Nico Williams,<\/b> que comparecen<a href=\"https:\/\/as.com\/futbol\/los-williams-ante-su-querido-elche-f202510-n\/\" target=\"_self\" rel=\"\" title=\"https:\/\/as.com\/futbol\/los-williams-ante-su-querido-elche-f202510-n\/\"> en el campo que alumbr\u00f3 sus primeros goles ligueros<\/a> con siete a\u00f1os de diferencia, <b>Sancet <\/b>y <b>Berenguer<\/b>. Por si fuera poco, Vesga vuelve y fortalece la medular. El <i>Txingurri <\/i>cit\u00f3 a 24 y deber\u00e1 hacer un descarte. <a href=\"https:\/\/as.com\/futbol\/primera\/el-athletic-va-con-todas-las-naves-a-elche-f202510-n\/\" target=\"_self\" rel=\"\" title=\"https:\/\/as.com\/futbol\/primera\/el-athletic-va-con-todas-las-naves-a-elche-f202510-n\/\">No se va a guardar nada<\/a>, aunque el mi\u00e9rcoles les espera un duelo clave en la <b>Champions <\/b>ante el Qarabag, en teor\u00eda el rival m\u00e1s asequible de la fase liga. <\/p>\n<section class=\"a_rel\" role=\"region\" aria-labelledby=\"a_rel_t\">\n<header class=\"a_rel_h\">\n<h2 class=\"a_rel_t\" id=\"a_rel_t\">Noticias relacionadas<\/h2>\n<\/header>\n<div class=\"a_rel_b\">\n<div class=\"s\" data-tb-region-item=\"\">\n<figure class=\"s_m\"><a href=\"https:\/\/as.com\/futbol\/primera\/sarabia-el-corazon-se-deja-a-un-lado-y-vamos-con-todo-con-el-elche-f202510-n\/\" class=\"s_m_w _rt-16x9\" title=\"El t\u00e9cnico franjiverde analiza su partido m\u00e1s especial, el choque del domingo ante el Athletic.\" data-tb-link=\"\"><img loading=\"lazy\" decoding=\"async\" src=\"https:\/\/www.jubi24.com\/wp-content\/uploads\/2025\/10\/2IYAQTMOS5IJ3GFDJ4CNBZEFM4.jpg\" alt=\"Sarabia: \u201cEl coraz\u00f3n se deja a un lado y vamos con todo con el Elche\u201d\" class=\"\" height=\"1\" width=\"1\" loading=\"lazy\" data-tb-thumbnail=\"\" \/><\/a><\/figure>\n<\/div>\n<div class=\"s\" data-tb-region-item=\"\">\n<figure class=\"s_m\"><a href=\"https:\/\/as.com\/futbol\/primera\/valverde-nico-williams-esta-bien-tendra-que-ir-entrando-en-el-equipo-f202510-n\/\" class=\"s_m_w _rt-16x9\" title=\"Alaba al Elche de Eder Sarabia: \u201cQuiere tener el bal\u00f3n, que t\u00fa corras detr\u00e1s de ellos, nivel de posesi\u00f3n alto, se les ve convencidos\u201d, relata del rival del domingo. &#010;\" data-tb-link=\"\"><img loading=\"lazy\" decoding=\"async\" src=\"https:\/\/www.jubi24.com\/wp-content\/uploads\/2025\/10\/U67HCURTERPPVM3SYWOB5SKW7A.jpg\" alt=\"Valverde: \u201cNico Williams est\u00e1 bien, tendr\u00e1 que ir entrando en el equipo\u201d \" class=\"\" height=\"1\" width=\"1\" loading=\"lazy\" data-tb-thumbnail=\"\" \/><\/a><\/figure>\n<\/div>\n<\/div>\n<\/section>\n<p class=\"\">El <b>Athletic <\/b>solo ha <b>perdido uno <\/b>de los <b>seis partidos<\/b> oficiales que ha disputado en el Mart\u00ednez Valero en lo que va de siglo XXI. El tropiezo se registr\u00f3 el 22 de <b>mayo de 2021 <\/b>en un encuentro de la \u00faltima jornada de Liga en el que el Elche se jugaba la permanencia y logr\u00f3 su objetivo gracias a una victoria <b>por 2-0<\/b> con goles de Ra\u00fal Guti y Lucas Boy\u00e9. Pero hist\u00f3ricamente es un <b>feudo hueso<\/b>: en suelo ilicitano se han enfrentado en 26 ocasiones, dos de ellas en Copa, con s\u00f3lo 5 triunfos vizca\u00ednos, por 11 visitantes, y 10 empates.<\/p>\n<p class=\"\"><i><b>\u00a1Tus opiniones importan!<\/b><\/i><i> Comenta en los art\u00edculos y suscr\u00edbete gratis a nuestra <\/i><a href=\"https:\/\/asfan.as.com\/newsletters\/\" target=\"_blank\" rel=\"\" title=\"https:\/\/asfan.as.com\/newsletters\/\"><i>newsletter<\/i><\/a><i> y a las alertas informativas en la <\/i><a href=\"https:\/\/as.com\/aplicacion-de-as-n\/\" target=\"_blank\" rel=\"\" title=\"https:\/\/as.com\/aplicacion-de-as-n\/\"><i>App<\/i><\/a><i> o el canal de <\/i><a href=\"https:\/\/www.whatsapp.com\/channel\/0029VaAasdA7j6g745nz9M10\" target=\"_blank\" rel=\"nofollow\" title=\"https:\/\/www.whatsapp.com\/channel\/0029VaAasdA7j6g745nz9M10\"><i>WhatsApp<\/i><\/a><i>. \u00bfBuscas licenciar contenido? Haz clic <\/i><a href=\"https:\/\/profesional.elpais.com\/soluciones-sindicacion?utm_medium=interno&amp;utm_source=crosslinking&amp;utm_campaign=sindicacion_as_pie_articulos\" target=\"_blank\" rel=\"nofollow\" title=\"https:\/\/profesional.elpais.com\/soluciones-sindicacion?utm_medium=interno&amp;utm_source=crosslinking&amp;utm_campaign=sindicacion_as_pie_articulos\"><i>aqu\u00ed<\/i><\/a><\/p>\n<div class=\"ev-unit\">\n<div class=\"ev-main\">\n<div class=\"ev-text\">\n<div class=\"ev-fw-wr\">\n                    <span class=\"ev-fw-fl\">L\u00edderes<\/span><\/p>\n<div class=\"stat-wr\">\n                            <span class=\"stat-tl stat-tl-float\">Asistencias totales<\/span><\/p>\n<div class=\"ev-mw-wr\">\n<div class=\"stat-i stat-i-pic\">\n<div class=\"stat-pic-wr\">\n                                        <span>                                                <\/p>\n<figure class=\"pic-pla\">\n                                                                            <img loading=\"lazy\" decoding=\"async\" title=\"Alvaro Nunez\" loading=\"lazy\" width=\"60\" height=\"60\" src=\"https:\/\/www.jubi24.com\/wp-content\/uploads\/2025\/10\/default.png\" \/><\/p>\n<\/figure>\n<p>                                                <span class=\"pic-pla-name\">Alvaro Nunez<\/span><br \/>\n                                            <\/span>                                    <\/div>\n<p>                                    <span class=\"stat-val\"><br \/>\n                                                                                            9<br \/>\n                                                                                    <\/span><\/p><\/div>\n<\/p><\/div>\n<\/p><\/div>\n<div class=\"stat-wr\">\n                            <span class=\"stat-tl stat-tl-float\">Recuperaciones de posesi\u00f3n<\/span><\/p><\/div>\n<\/p><\/div>\n<\/p><\/div>\n<\/p><\/div>\n<\/p><\/div>\n<\/div>\n<p><br \/>\n<br \/><a href=\"https:\/\/as.com\/futbol\/primera\/sarabia-presenta-candidatura-f202510-n\/\">Source link <\/a><\/p>\n","protected":false},"excerpt":{"rendered":"<p>A Eder Sarabia le brillan los ojos cuando se le menciona el Athletic. No lo puede remediar. Su sangre es rojiblanca. Hasta se emociona cada vez que escucha su himno. Eder es del Athletic a muerte, de los que sufre y disfruta con cada derrota o victoria. Tambi\u00e9n era de los que iba al colegio &#8230; <a title=\"Sarabia presenta candidatura &#8211; AS.com\" class=\"read-more\" href=\"https:\/\/www.jubi24.com\/?p=6753\" aria-label=\"Read more about Sarabia presenta candidatura &#8211; AS.com\">Read more<\/a><\/p>\n","protected":false},"author":1,"featured_media":6754,"comment_status":"open","ping_status":"open","sticky":false,"template":"","format":"standard","meta":{"fifu_image_url":"","fifu_image_alt":"","_jetpack_memberships_contains_paid_content":false,"footnotes":"","jetpack_publicize_message":"","jetpack_publicize_feature_enabled":true,"jetpack_social_post_already_shared":true,"jetpack_social_options":{"image_generator_settings":{"template":"highway","default_image_id":0,"font":"","enabled":false},"version":2}},"categories":[1],"tags":[],"class_list":["post-6753","post","type-post","status-publish","format-standard","has-post-thumbnail","hentry","category-uncategorized"],"jetpack_publicize_connections":[],"jetpack_featured_media_url":"https:\/\/www.jubi24.com\/wp-content\/uploads\/2025\/10\/Sarabia-presenta-candidatura-AScom.jpeg","jetpack_sharing_enabled":true,"_links":{"self":[{"href":"https:\/\/www.jubi24.com\/index.php?rest_route=\/wp\/v2\/posts\/6753","targetHints":{"allow":["GET"]}}],"collection":[{"href":"https:\/\/www.jubi24.com\/index.php?rest_route=\/wp\/v2\/posts"}],"about":[{"href":"https:\/\/www.jubi24.com\/index.php?rest_route=\/wp\/v2\/types\/post"}],"author":[{"embeddable":true,"href":"https:\/\/www.jubi24.com\/index.php?rest_route=\/wp\/v2\/users\/1"}],"replies":[{"embeddable":true,"href":"https:\/\/www.jubi24.com\/index.php?rest_route=%2Fwp%2Fv2%2Fcomments&post=6753"}],"version-history":[{"count":1,"href":"https:\/\/www.jubi24.com\/index.php?rest_route=\/wp\/v2\/posts\/6753\/revisions"}],"predecessor-version":[{"id":6755,"href":"https:\/\/www.jubi24.com\/index.php?rest_route=\/wp\/v2\/posts\/6753\/revisions\/6755"}],"wp:featuredmedia":[{"embeddable":true,"href":"https:\/\/www.jubi24.com\/index.php?rest_route=\/wp\/v2\/media\/6754"}],"wp:attachment":[{"href":"https:\/\/www.jubi24.com\/index.php?rest_route=%2Fwp%2Fv2%2Fmedia&parent=6753"}],"wp:term":[{"taxonomy":"category","embeddable":true,"href":"https:\/\/www.jubi24.com\/index.php?rest_route=%2Fwp%2Fv2%2Fcategories&post=6753"},{"taxonomy":"post_tag","embeddable":true,"href":"https:\/\/www.jubi24.com\/index.php?rest_route=%2Fwp%2Fv2%2Ftags&post=6753"}],"curies":[{"name":"wp","href":"https:\/\/api.w.org\/{rel}","templated":true}]}}