{"id":6978,"date":"2025-10-21T09:11:03","date_gmt":"2025-10-21T09:11:03","guid":{"rendered":"https:\/\/www.jubi24.com\/?p=6978"},"modified":"2025-10-21T09:11:04","modified_gmt":"2025-10-21T09:11:04","slug":"les-derniers-jours-de-liberte-de-nicolas-sarkozy","status":"publish","type":"post","link":"https:\/\/www.jubi24.com\/?p=6978","title":{"rendered":"les derniers jours de libert\u00e9 de Nicolas Sarkozy"},"content":{"rendered":"<p><br \/>\n<\/p>\n<div>Le sac contenant les v\u00eatements et effets personnels qu\u2019il a le droit d\u2019emporter est pr\u00eat. \u00c0 l\u2019int\u00e9rieur, les trois livres et dix photos familiales autoris\u00e9s. Mardi matin, <a href=\"https:\/\/latribune.fr\/economie\/france\/nicolas-sarkozy-condamne-en-appel-l-affaire-des-ecoutes-en-cinq-dates-cles-962712.html\" target=\"_blank\">Nicolas Sarkozy<\/a> se pr\u00e9sentera avec lui devant la prison de la Sant\u00e9, \u00e0 Paris, pour y \u00eatre \u00e9crou\u00e9 \u00e0 la suite de sa condamnation \u00e0 cinq ans de prison avec ex\u00e9cution provisoire dans l\u2019affaire des soup\u00e7ons de financements libyens de sa campagne pr\u00e9sidentielle de 2007. Combien de temps y restera-t-il\u2009? D\u00e8s les premi\u00e8res heures de son incarc\u00e9ration, ses avocats d\u00e9poseront une demande de remise en libert\u00e9 aupr\u00e8s de la cour d\u2019appel. Elle aura un d\u00e9lai de deux mois pour se prononcer.\n<\/div>\n<div><em>\u00ab\u202fJe n\u2019ai pas peur de la prison. Je garderai la t\u00eate haute y compris devant les portes de la Sant\u00e9\u202f\u00bb<\/em><em>,<\/em> assure Nicolas Sarkozy \u00e0 <a href=\"https:\/\/www.latribune.fr\/la-tribune-dimanche\" target=\"_blank\"><em>La Tribune Dimanche<\/em><\/a>. Celui-ci vit cette \u00e9preuve spectaculaire pour un ancien chef de l\u2019\u00c9tat comme un nouveau chapitre d\u2019une vie qui aura d\u00e9cid\u00e9ment tout eu de romanesque et se sera toujours construite dans l\u2019adversit\u00e9. En raison de ses fonctions pass\u00e9es au minist\u00e8re de l\u2019Int\u00e9rieur et \u00e0 l\u2019\u00c9lys\u00e9e et des sujets qu\u2019il a eus \u00e0 y traiter, sa s\u00e9curit\u00e9 a \u00e9t\u00e9 la premi\u00e8re pr\u00e9occupation de ses avocats. Afin que lui soit garantie une protection maximale, Nicolas Sarkozy sera plac\u00e9 \u00e0 l\u2019isolement. Cela lui permettra d\u2019\u00eatre seul dans sa cellule et de ne croiser aucun d\u00e9tenu.\n<\/div>\n<p><br \/>\n<br \/><a href=\"https:\/\/www.latribune.fr\/article\/la-tribune-dimanche\/politique\/78382131366440\/je-nai-pas-peur-de-la-prison-les-derniers-jours-de-liberte-de-nicolas-sarkozy\">Source link <\/a><\/p>\n","protected":false},"excerpt":{"rendered":"<p>Le sac contenant les v\u00eatements et effets personnels qu\u2019il a le droit d\u2019emporter est pr\u00eat. \u00c0 l\u2019int\u00e9rieur, les trois livres et dix photos familiales autoris\u00e9s. Mardi matin, Nicolas Sarkozy se pr\u00e9sentera avec lui devant la prison de la Sant\u00e9, \u00e0 Paris, pour y \u00eatre \u00e9crou\u00e9 \u00e0 la suite de sa condamnation \u00e0 cinq ans de &#8230; <a title=\"les derniers jours de libert\u00e9 de Nicolas Sarkozy\" class=\"read-more\" href=\"https:\/\/www.jubi24.com\/?p=6978\" aria-label=\"Read more about les derniers jours de libert\u00e9 de Nicolas Sarkozy\">Read more<\/a><\/p>\n","protected":false},"author":1,"featured_media":6979,"comment_status":"open","ping_status":"open","sticky":false,"template":"","format":"standard","meta":{"fifu_image_url":"","fifu_image_alt":"","_jetpack_memberships_contains_paid_content":false,"footnotes":"","jetpack_publicize_message":"","jetpack_publicize_feature_enabled":true,"jetpack_social_post_already_shared":true,"jetpack_social_options":{"image_generator_settings":{"template":"highway","default_image_id":0,"font":"","enabled":false},"version":2}},"categories":[1],"tags":[],"class_list":["post-6978","post","type-post","status-publish","format-standard","has-post-thumbnail","hentry","category-uncategorized"],"jetpack_publicize_connections":[],"jetpack_featured_media_url":"https:\/\/www.jubi24.com\/wp-content\/uploads\/2025\/10\/les-derniers-jours-de-liberte-de-Nicolas-Sarkozy.jpeg","jetpack_sharing_enabled":true,"_links":{"self":[{"href":"https:\/\/www.jubi24.com\/index.php?rest_route=\/wp\/v2\/posts\/6978","targetHints":{"allow":["GET"]}}],"collection":[{"href":"https:\/\/www.jubi24.com\/index.php?rest_route=\/wp\/v2\/posts"}],"about":[{"href":"https:\/\/www.jubi24.com\/index.php?rest_route=\/wp\/v2\/types\/post"}],"author":[{"embeddable":true,"href":"https:\/\/www.jubi24.com\/index.php?rest_route=\/wp\/v2\/users\/1"}],"replies":[{"embeddable":true,"href":"https:\/\/www.jubi24.com\/index.php?rest_route=%2Fwp%2Fv2%2Fcomments&post=6978"}],"version-history":[{"count":1,"href":"https:\/\/www.jubi24.com\/index.php?rest_route=\/wp\/v2\/posts\/6978\/revisions"}],"predecessor-version":[{"id":6980,"href":"https:\/\/www.jubi24.com\/index.php?rest_route=\/wp\/v2\/posts\/6978\/revisions\/6980"}],"wp:featuredmedia":[{"embeddable":true,"href":"https:\/\/www.jubi24.com\/index.php?rest_route=\/wp\/v2\/media\/6979"}],"wp:attachment":[{"href":"https:\/\/www.jubi24.com\/index.php?rest_route=%2Fwp%2Fv2%2Fmedia&parent=6978"}],"wp:term":[{"taxonomy":"category","embeddable":true,"href":"https:\/\/www.jubi24.com\/index.php?rest_route=%2Fwp%2Fv2%2Fcategories&post=6978"},{"taxonomy":"post_tag","embeddable":true,"href":"https:\/\/www.jubi24.com\/index.php?rest_route=%2Fwp%2Fv2%2Ftags&post=6978"}],"curies":[{"name":"wp","href":"https:\/\/api.w.org\/{rel}","templated":true}]}}