{"id":7008,"date":"2025-10-21T15:20:33","date_gmt":"2025-10-21T15:20:33","guid":{"rendered":"https:\/\/www.jubi24.com\/?p=7008"},"modified":"2025-10-21T15:20:33","modified_gmt":"2025-10-21T15:20:33","slug":"fonseca-e-matos-perdem-estreia-para-franceses-no-atp-500-de-basileia","status":"publish","type":"post","link":"https:\/\/www.jubi24.com\/?p=7008","title":{"rendered":"Fonseca e Matos perdem estreia para franceses no ATP 500 de Basileia"},"content":{"rendered":"<p><br \/>\n<\/p>\n<div data-v-b8dc8ecb=\"\">\n<aside data-metric-slot=\"text-group-top-1\" class=\"mb-150 campaign-container\" data-v-b8dc8ecb=\"\">\n<div data-cp-id=\"123123123trinity\" data-nosnippet=\"\" data-v-cb8d75ca=\"\">\n<div data-v-cb8d75ca=\"\">\n<div class=\"jupiter-trinity-campaign\" data-v-ff38d5c4=\"\" data-v-cb8d75ca=\"\">\n<aside style=\"width:100%;\" data-v-ff38d5c4=\"\"><strong style=\"font-weight:400;\" data-v-ff38d5c4=\"\">Carregando player de \u00e1udio<\/strong><\/p>\n<p><!----><\/aside>\n<\/div>\n<\/div>\n<\/div>\n<\/aside>\n<figure credit=\"Imagem: Joris Verwijst\/BSR Agency\/Getty Images\" class=\"solar-photo-content featured-image featured-image-vertical featured-image-right\" data-v-15044903=\"\" data-v-b8dc8ecb=\"\">\n<figure class=\"solar-responsive-image m-0 responsive-image pb-100\" data-v-73d45db8=\"\" data-v-15044903=\"\"><picture class=\"photo-image\" data-v-73d45db8=\"\"><source  media=\"(max-width: 969px)\" type=\"image\/webp\" data-v-73d45db8=\"\"><source  media=\"(max-width: 969px)\" type=\"image\/jpeg\" data-v-73d45db8=\"\"><source  media=\"(min-width: 970px)\" type=\"image\/webp\" data-v-73d45db8=\"\"><source  media=\"(min-width: 970px)\" type=\"image\/jpeg\" data-v-73d45db8=\"\"><img fetchpriority=\"high\" width=\"450\" height=\"600\" src=\"https:\/\/conteudo.imguol.com.br\/c\/esporte\/52\/2025\/10\/14\/joao-fonseca-na-primeira-rodada-do-atp-250-de-bruxelas-em-2025-1760472153435_v2_450x600.jpg\" alt=\"Imagem\" loading=\"eager\" fetchpriority=\"high\" decoding=\"auto\" title=\"\" style=\"border-radius:var(--solar-border-radius-25);\" data-v-73d45db8=\"\"\/><\/source><\/source><\/source><\/source><\/picture><\/figure><figcaption class=\"solar-caption regular-subtext\" data-v-524617ed=\"\" data-v-15044903=\"\">  <span data-v-524617ed=\"\">Imagem: Joris Verwijst\/BSR Agency\/Getty Images<\/span><\/figcaption><\/figure>\n<p><!----><!----><\/p>\n<div class=\"jupiter-paragraph-fragment\" data-v-232111b4=\"\" data-v-b8dc8ecb=\"\"><!----><\/p>\n<p class=\"bullet mt-0\" data-v-232111b4=\"\">Jo\u00e3o Fonseca voltou \u00e0 quadra nesta segunda-feira, na chave de duplas do ATP 500 de Basileia, na Su\u00ed\u00e7a, e voltou com derrota. Ele e o ga\u00facho Rafael Matos sa\u00edram na frente e tiveram um match point no segundo set, mas perderam de virada para os experientes franceses Nicolas Mahut e Pierre-Hugues Herbert, convidados do torneio, por 6\/7(2), 7\/6(6) e 11\/9.<\/p>\n<p class=\"bullet\" data-v-232111b4=\"\">O jogo foi recheado de drama, com os franceses salvando dez break points &#8211; e quatro sets points &#8211; no primeiro set. Apesar das chances perdidas, Matos e Fonseca foram melhores no tie-break e fecharam a parcial por 7\/6(2).<\/p>\n<p class=\"bullet\" data-v-232111b4=\"\">No segundo set, os brasileiros quebraram primeiro e tiveram a chance de fechar o jogo quando Matos sacou em 6\/5. No entanto, quando tiveram um match point em um ponto decisivo, Matos e Fonseca viram Mahut encaixar uma \u00f3tima devolu\u00e7\u00e3o que for\u00e7ou um erro de Jo\u00e3o &#8211; o que quebrou o saque do ga\u00facho. Com o placar em 6\/6, outro tie-break foi necess\u00e1rio. Desta vez, os franceses sa\u00edram na frente e abriram 6\/2, com quatro set points, mas os brasileiros se recuperaram e, com uma \u00f3tima devolu\u00e7\u00e3o de Fonseca, igualaram o placar em 6\/6. Dois pontos depois, por\u00e9m, um voleio preciso de Mahut definiu o game de desempate e a parcial: 7\/6(6).<\/p>\n<p><!----><\/div>\n<p><!----><!----><\/div>\n<p><script>!function(f,b,e,v,n,t,s) {if(f.fbq)return;n=f.fbq=function() {n.callMethod? n.callMethod.apply(n,arguments):n.queue.push(arguments)}; if(!f._fbq)f._fbq=n;n.push=n;n.loaded=!0;n.version='2.0'; n.queue=[];t=b.createElement(e);t.async=!0; t.src=v;s=b.getElementsByTagName(e)[0]; s.parentNode.insertBefore(t,s)}(window, document,'script', 'https:\/\/connect.facebook.net\/en_US\/fbevents.js'); fbq('init', '291767061033177'); fbq('track', 'PageView', { content_name: 'Fonseca e Matos perdem match point e caem na estreia no ATP 500 da Basileia', content_ids: [12810,81965,79585,15327,78498], is_closed: false, });<\/script><br \/>\n<br \/><br \/>\n<br \/><a href=\"https:\/\/www.uol.com.br\/esporte\/ultimas-noticias\/2025\/10\/20\/fonseca-e-matos-perdem-estreia-para-franceses-no-atp-500-de-basileia.htm\">Source link <\/a><\/p>\n","protected":false},"excerpt":{"rendered":"<p>Carregando player de \u00e1udio Imagem: Joris Verwijst\/BSR Agency\/Getty Images Jo\u00e3o Fonseca voltou \u00e0 quadra nesta segunda-feira, na chave de duplas do ATP 500 de Basileia, na Su\u00ed\u00e7a, e voltou com derrota. Ele e o ga\u00facho Rafael Matos sa\u00edram na frente e tiveram um match point no segundo set, mas perderam de virada para os experientes &#8230; <a title=\"Fonseca e Matos perdem estreia para franceses no ATP 500 de Basileia\" class=\"read-more\" href=\"https:\/\/www.jubi24.com\/?p=7008\" aria-label=\"Read more about Fonseca e Matos perdem estreia para franceses no ATP 500 de Basileia\">Read more<\/a><\/p>\n","protected":false},"author":1,"featured_media":0,"comment_status":"open","ping_status":"open","sticky":false,"template":"","format":"standard","meta":{"fifu_image_url":"","fifu_image_alt":"","_jetpack_memberships_contains_paid_content":false,"footnotes":"","jetpack_publicize_message":"","jetpack_publicize_feature_enabled":true,"jetpack_social_post_already_shared":true,"jetpack_social_options":{"image_generator_settings":{"template":"highway","default_image_id":0,"font":"","enabled":false},"version":2}},"categories":[1],"tags":[],"class_list":["post-7008","post","type-post","status-publish","format-standard","hentry","category-uncategorized"],"jetpack_publicize_connections":[],"jetpack_featured_media_url":"","jetpack_sharing_enabled":true,"_links":{"self":[{"href":"https:\/\/www.jubi24.com\/index.php?rest_route=\/wp\/v2\/posts\/7008","targetHints":{"allow":["GET"]}}],"collection":[{"href":"https:\/\/www.jubi24.com\/index.php?rest_route=\/wp\/v2\/posts"}],"about":[{"href":"https:\/\/www.jubi24.com\/index.php?rest_route=\/wp\/v2\/types\/post"}],"author":[{"embeddable":true,"href":"https:\/\/www.jubi24.com\/index.php?rest_route=\/wp\/v2\/users\/1"}],"replies":[{"embeddable":true,"href":"https:\/\/www.jubi24.com\/index.php?rest_route=%2Fwp%2Fv2%2Fcomments&post=7008"}],"version-history":[{"count":0,"href":"https:\/\/www.jubi24.com\/index.php?rest_route=\/wp\/v2\/posts\/7008\/revisions"}],"wp:attachment":[{"href":"https:\/\/www.jubi24.com\/index.php?rest_route=%2Fwp%2Fv2%2Fmedia&parent=7008"}],"wp:term":[{"taxonomy":"category","embeddable":true,"href":"https:\/\/www.jubi24.com\/index.php?rest_route=%2Fwp%2Fv2%2Fcategories&post=7008"},{"taxonomy":"post_tag","embeddable":true,"href":"https:\/\/www.jubi24.com\/index.php?rest_route=%2Fwp%2Fv2%2Ftags&post=7008"}],"curies":[{"name":"wp","href":"https:\/\/api.w.org\/{rel}","templated":true}]}}