{"id":7370,"date":"2025-10-24T18:38:13","date_gmt":"2025-10-24T18:38:13","guid":{"rendered":"https:\/\/www.jubi24.com\/?p=7370"},"modified":"2025-10-24T18:38:14","modified_gmt":"2025-10-24T18:38:14","slug":"lamprou-onder-de-lat-bij-nac-heerenveen-gaat-op-voor-derde-winst-op-rij","status":"publish","type":"post","link":"https:\/\/www.jubi24.com\/?p=7370","title":{"rendered":"Lamprou onder de lat bij NAC \u2022 Heerenveen gaat op voor derde winst op rij"},"content":{"rendered":"<p><br \/>\n<\/p>\n<div id=\"UPDATE-89745125\" data-tracking=\"nestType1=liveblogblok|nestId1=UPDATE-89745125|nestPos1=1|elementType=liveblog|elementId=2587636\" data-sentry-element=\"StyledUpdate\" data-sentry-component=\"Update\" data-sentry-source-file=\"Update.tsx\">\n<div data-sentry-element=\"ItemContainer\" data-sentry-source-file=\"Update.tsx\" class=\"sc-582b18e7-1 ktbflI\">\n<h2 class=\"sc-6b450628-0 kJgmeS sc-e5e1899f-3 bsjNAj\">HEE-NAC | 24&#8242; Fijne aanval Heerenveen<\/h2>\n<\/div>\n<div class=\"sc-582b18e7-1 ktbflI\">\n<p class=\"sc-2ea02837-0 fedhGB\" id=\"215220874867472\">Heerenveen combineert mooi door de verdediging van NAC heen met combinaties tussen Brouwers, Meerveld en Rivera, maar ze krijgen de bal net niet bij Vente. Een aanval die sterft in schoonheid.<\/p>\n<\/div>\n<\/div>\n<div id=\"UPDATE-89744576\" data-tracking=\"nestType1=liveblogblok|nestId1=UPDATE-89744576|nestPos1=2|elementType=liveblog|elementId=2587636\" data-sentry-element=\"StyledUpdate\" data-sentry-component=\"Update\" data-sentry-source-file=\"Update.tsx\">\n<div data-sentry-element=\"ItemContainer\" data-sentry-source-file=\"Update.tsx\" class=\"sc-582b18e7-1 ktbflI\">\n<h2 class=\"sc-6b450628-0 kJgmeS sc-e5e1899f-3 bsjNAj\">HEE-NAC | 6&#8242; Trenskows krul<\/h2>\n<\/div>\n<div class=\"sc-582b18e7-1 ktbflI\">\n<p class=\"sc-2ea02837-0 fedhGB\" id=\"785657076048391\">Heerenveen-speler Trenskow wordt rechts in de zestien van NAC aangespeeld en schiet ineens, of eigenlijk krult ineens. Zijn poging gaat alleen net te wijd langs de kruising.<\/p>\n<\/div>\n<\/div>\n<div id=\"UPDATE-89744477\" data-tracking=\"nestType1=liveblogblok|nestId1=UPDATE-89744477|nestPos1=3|elementType=liveblog|elementId=2587636\" data-sentry-element=\"StyledUpdate\" data-sentry-component=\"Update\" data-sentry-source-file=\"Update.tsx\">\n<div class=\"sc-582b18e7-1 ktbflI\">\n<p class=\"sc-2ea02837-0 fedhGB\" id=\"488715948137548\">Pepijn Reulen heeft de aftrap verricht namens NAC Breda tegen sc Heerenveen. 17 jaar pas. De aanvaller maakte in augustus al zijn debuut, maar nu debuteert hij ook in de basis.<\/p>\n<\/div>\n<div class=\"sc-582b18e7-1 cdESPa\">\n<figure class=\"sc-9f391fae-4 dkXirV\" data-sentry-element=\"Figure\" data-sentry-source-file=\"Image.tsx\"><button aria-label=\"Open deze afbeelding in volledig scherm. copyright: ANP\" id=\"image-648211163998049\" type=\"button\" data-tracking=\"eventName=open|eventContext=fullscreen|elementType=image|eventType=action\" data-sentry-element=\"Wrapper\" data-sentry-source-file=\"Image.tsx\" class=\"sc-9f391fae-1 dTzmzT\"><span class=\"sc-bcb3b750-0 gpSVnT\" data-sentry-element=\"Wrapper\" data-sentry-component=\"ResponsiveImage\" data-sentry-source-file=\"ResponsiveImage.tsx\"><\/span><span class=\"sc-568a4295-0 sc-9f391fae-3 ihkAIz kCYjyX\">ANP<\/span><span data-sentry-element=\"StyledCircleLabel\" data-sentry-source-file=\"Image.tsx\" class=\"sc-2214c8b3-0 sc-9f391fae-0 hVRkYh jxpcwn\"><\/span><\/button><\/figure>\n<\/div>\n<\/div>\n<div id=\"UPDATE-89744363\" data-tracking=\"nestType1=liveblogblok|nestId1=UPDATE-89744363|nestPos1=4|elementType=liveblog|elementId=2587636\" data-sentry-element=\"StyledUpdate\" data-sentry-component=\"Update\" data-sentry-source-file=\"Update.tsx\">\n<div data-sentry-element=\"ItemContainer\" data-sentry-source-file=\"Update.tsx\" class=\"sc-582b18e7-1 ktbflI\">\n<h2 class=\"sc-6b450628-0 kJgmeS sc-e5e1899f-3 bsjNAj\">Opstellingen Heerenveen en NAC<\/h2>\n<\/div>\n<div class=\"sc-582b18e7-1 ktbflI\">\n<p class=\"sc-2ea02837-0 fedhGB\" id=\"705552578270594\">Gaan we door naar het eredivisieduel tussen Heerenveen en NAC van deze vrijdagavond. Bij Breda heeft Hoefkens een keeperswissel doorgevoerd. Bielica zit op de bank. Lamprou staat onder de lat.<\/p>\n<\/div>\n<div class=\"sc-582b18e7-1 ktbflI\">\n<p class=\"sc-2ea02837-0 fedhGB\" id=\"320632601941750\">sc Heerenveen: Klaverboer; Braude, Van Overeem, Willemsen, Zagaritis; Linday, Meerveld, Brouwers; Trenskow, Vente en Rivera.<\/p>\n<\/div>\n<div class=\"sc-582b18e7-1 ktbflI\">\n<p class=\"sc-2ea02837-0 fedhGB\" id=\"150529105088904\">NAC Breda: Lamprou; Valerius, Greiml, Hillen, Kemper; Lucassen, Balard, Holtby, Sowah; Van Hooijdonk en Reulen.<\/p>\n<\/div>\n<\/div>\n<div id=\"UPDATE-89744327\" data-tracking=\"nestType1=liveblogblok|nestId1=UPDATE-89744327|nestPos1=6|elementType=liveblog|elementId=2587636\" data-sentry-element=\"StyledUpdate\" data-sentry-component=\"Update\" data-sentry-source-file=\"Update.tsx\">\n<div class=\"sc-582b18e7-1 ktbflI\">\n<p class=\"sc-2ea02837-0 fedhGB\" id=\"848468240055604\">De eerste wedstrijd onder Veurink eindigdt in 0-0. De scheidsrechter vindt het wel mooi geweest, de vier minuten blessuretijd worden niet meer volgemaakt. Oranje oogde nog wat onwennig. <\/p>\n<\/div>\n<div class=\"sc-582b18e7-1 ktbflI\">\n<p class=\"sc-2ea02837-0 fedhGB\" id=\"474006314087017\">Dinsdag speelt Oranje opnieuw een oefeninterland. Tegen Canada in het Goffertstadion staat de wedstrijd vooral in het teken van Sherida Spitse, na ruim 200 interlands stopt zij als Oranje-international.<\/p>\n<\/div>\n<\/div>\n<div id=\"UPDATE-89744216\" data-tracking=\"nestType1=liveblogblok|nestId1=UPDATE-89744216|nestPos1=7|elementType=liveblog|elementId=2587636\" data-sentry-element=\"StyledUpdate\" data-sentry-component=\"Update\" data-sentry-source-file=\"Update.tsx\">\n<div data-sentry-element=\"ItemContainer\" data-sentry-source-file=\"Update.tsx\" class=\"sc-582b18e7-1 ktbflI\">\n<h2 class=\"sc-6b450628-0 kJgmeS sc-e5e1899f-3 bsjNAj\">POL-NED | 87&#8242; Peddemors? Over<\/h2>\n<\/div>\n<div class=\"sc-582b18e7-1 ktbflI\">\n<p class=\"sc-2ea02837-0 fedhGB\" id=\"795282414173444\">Keukelaar zet de aanval op, dribbelt fijn de Poolse zestien binnen. Ze geeft af op Roord en die vindt de zojuist ingevallen Peddemors (voor Kaptein). Maar haar schot gaat hoog over. <\/p>\n<\/div>\n<\/div>\n<div id=\"UPDATE-89744141\" data-tracking=\"nestType1=liveblogblok|nestId1=UPDATE-89744141|nestPos1=9|elementType=liveblog|elementId=2587636\" data-sentry-element=\"StyledUpdate\" data-sentry-component=\"Update\" data-sentry-source-file=\"Update.tsx\">\n<div data-sentry-element=\"ItemContainer\" data-sentry-source-file=\"Update.tsx\" class=\"sc-582b18e7-1 ktbflI\">\n<h2 class=\"sc-6b450628-0 kJgmeS sc-e5e1899f-3 bsjNAj\">POL-NED | 82&#8242; Van de lijn gehaald!<\/h2>\n<\/div>\n<div class=\"sc-582b18e7-1 ktbflI\">\n<p class=\"sc-2ea02837-0 fedhGB\" id=\"305592808417217\">Janssen bijna met het hoofd, uit een hoekschop. Maar de langste vrouw achterin bij Polen, Oliwia Wos, kopt de bal van de lijn! <\/p>\n<\/div>\n<div class=\"sc-582b18e7-1 ktbflI\">\n<p class=\"sc-2ea02837-0 fedhGB\" id=\"750733172816273\">Krijgt deze wedstrijd nog een winnaar?<\/p>\n<\/div>\n<\/div>\n<div id=\"UPDATE-89743967\" data-tracking=\"nestType1=liveblogblok|nestId1=UPDATE-89743967|nestPos1=10|elementType=liveblog|elementId=2587636\" data-sentry-element=\"StyledUpdate\" data-sentry-component=\"Update\" data-sentry-source-file=\"Update.tsx\">\n<div data-sentry-element=\"ItemContainer\" data-sentry-source-file=\"Update.tsx\" class=\"sc-582b18e7-1 ktbflI\">\n<h2 class=\"sc-6b450628-0 kJgmeS sc-e5e1899f-3 bsjNAj\">POL-NED | 70&#8242; Beerensteyn \u00e9\u00e9n-op-\u00e9\u00e9n<\/h2>\n<\/div>\n<div class=\"sc-582b18e7-1 ktbflI\">\n<p class=\"sc-2ea02837-0 fedhGB\" id=\"822627587528867\">Een goeie diepe bal van Keukelaar, op Beerensteyn. Ze kan alleen op de keeper af, maar ze wordt op het laatste moment nog van de bal gezet door de talentvolle verdediger Szymczak van Barcelona, dit seizoen uitgeleend aan Liverpool.<\/p>\n<\/div>\n<\/div>\n<div id=\"UPDATE-89743952\" data-tracking=\"nestType1=liveblogblok|nestId1=UPDATE-89743952|nestPos1=11|elementType=liveblog|elementId=2587636\" data-sentry-element=\"StyledUpdate\" data-sentry-component=\"Update\" data-sentry-source-file=\"Update.tsx\">\n<div data-sentry-element=\"ItemContainer\" data-sentry-source-file=\"Update.tsx\" class=\"sc-582b18e7-1 ktbflI\">\n<h2 class=\"sc-6b450628-0 kJgmeS sc-e5e1899f-3 bsjNAj\">POL-NED | 65&#8242; Keukelaar dreigend op rechts<\/h2>\n<\/div>\n<div class=\"sc-582b18e7-1 ktbflI\">\n<p class=\"sc-2ea02837-0 fedhGB\" id=\"254042187558908\">Keukelaar, oud-Ajacied en inmiddels speelster van Real Madrid, is nog altijd slechts 20 jaar, maar ze heeft al twee goeie voorzetten gegeven. Keeper Szemik moet zich tot het uiterste strekken om de bal weg te werken. Tot een goal leidt het allemaal alleen nog niet.<\/p>\n<\/div>\n<\/div>\n<div id=\"UPDATE-89743781\" data-tracking=\"nestType1=liveblogblok|nestId1=UPDATE-89743781|nestPos1=12|elementType=liveblog|elementId=2587636\" data-sentry-element=\"StyledUpdate\" data-sentry-component=\"Update\" data-sentry-source-file=\"Update.tsx\">\n<div data-sentry-element=\"ItemContainer\" data-sentry-source-file=\"Update.tsx\" class=\"sc-582b18e7-1 ktbflI\">\n<h2 class=\"sc-6b450628-0 kJgmeS sc-e5e1899f-3 bsjNAj\">POL-NED | 61&#8242; Wissels Oranje<\/h2>\n<\/div>\n<div class=\"sc-582b18e7-1 ktbflI\">\n<p class=\"sc-2ea02837-0 fedhGB\" id=\"944565222744351\">Veurink wil graag veel speelsters aan het werk zien vanavond in Gdansk. Hij brengt drie nieuwe wissels. Keukelaar, Egurrola en Pelova komen in het veld bij Nederland. Groenen, Miedema en Brugts gaan naar de kant.<\/p>\n<\/div>\n<div class=\"sc-582b18e7-1 ktbflI\">\n<p class=\"sc-2ea02837-0 fedhGB\" id=\"229603950867194\">Keukelaar gaat op rechts spelen, Beerensteyn in de spits en Pelova op links. <\/p>\n<\/div>\n<div class=\"sc-582b18e7-1 ktbflI\">\n<p class=\"sc-2ea02837-0 fedhGB\" id=\"503463184422392\">Zojuist brak de Poolse rechtsbuiten Krezyman uit, maar haar schot is een makkelijke prooi voor keeper Kop.<\/p>\n<\/div>\n<\/div>\n<div id=\"UPDATE-89743637\" data-tracking=\"nestType1=liveblogblok|nestId1=UPDATE-89743637|nestPos1=14|elementType=liveblog|elementId=2587636\" data-sentry-element=\"StyledUpdate\" data-sentry-component=\"Update\" data-sentry-source-file=\"Update.tsx\">\n<div class=\"sc-582b18e7-1 ktbflI\">\n<p class=\"sc-2ea02837-0 fedhGB\" id=\"599197180257407\">De bal rolt weer. Polen-Oranje in Gdansk, de tweede helft is onderweg. Met twee wissels bij Oranje. Olislagers en Dijkstra, twee verdedigers, zijn in de ploeg gekomen. Buurman en Levels zijn gewisseld door Veurink.<\/p>\n<\/div>\n<\/div>\n<div id=\"UPDATE-89742311\" data-tracking=\"nestType1=liveblogblok|nestId1=UPDATE-89742311|nestPos1=16|elementType=liveblog|elementId=2587636\" data-sentry-element=\"StyledUpdate\" data-sentry-component=\"Update\" data-sentry-source-file=\"Update.tsx\">\n<div data-sentry-element=\"ItemContainer\" data-sentry-source-file=\"Update.tsx\" class=\"sc-582b18e7-1 ktbflI\">\n<h2 class=\"sc-6b450628-0 kJgmeS sc-e5e1899f-3 bsjNAj\">POL-NED | 25&#8242; Opnieuw Beerensteyn<\/h2>\n<\/div>\n<div class=\"sc-582b18e7-1 ktbflI\">\n<p class=\"sc-2ea02837-0 fedhGB\" id=\"87553679110002\">Casparij geeft slim voor op de inlopende Beerensteyn, maar de buitenspeler raakt de bal niet al te goed. Via het been van Emilia Szymczak wordt het een corner. Daar sticht Oranje geen gevaar uit. <\/p>\n<\/div>\n<div class=\"sc-582b18e7-1 ktbflI\">\n<p class=\"sc-2ea02837-0 fedhGB\" id=\"54323186506102\">Oranje heeft veelal de bal, terwijl Polen achteruit wordt gedrukt. <\/p>\n<\/div>\n<\/div>\n<div id=\"UPDATE-89742128\" data-tracking=\"nestType1=liveblogblok|nestId1=UPDATE-89742128|nestPos1=17|elementType=liveblog|elementId=2587636\" data-sentry-element=\"StyledUpdate\" data-sentry-component=\"Update\" data-sentry-source-file=\"Update.tsx\">\n<div data-sentry-element=\"ItemContainer\" data-sentry-source-file=\"Update.tsx\" class=\"sc-582b18e7-1 ktbflI\">\n<h2 class=\"sc-6b450628-0 kJgmeS sc-e5e1899f-3 bsjNAj\">POL-NED | 11&#8242; Eerste gevaar Oranje<\/h2>\n<\/div>\n<div class=\"sc-582b18e7-1 ktbflI\">\n<p class=\"sc-2ea02837-0 fedhGB\" id=\"718706449720895\">Beerensteyn loopt uit de rug weg van haar tegenstander en dendert langs de achterlijn naar het doel. Haar teruggetrokken bal belandt via een verdediger nog bijna in de Poolse goal. Het eerste gevaar van Nederland. <\/p>\n<\/div>\n<div class=\"sc-582b18e7-1 cdESPa\">\n<figure class=\"sc-9f391fae-4 dkXirV\" data-sentry-element=\"Figure\" data-sentry-source-file=\"Image.tsx\"><button aria-label=\"Open deze afbeelding in volledig scherm. copyright: NOS\" id=\"image-257800814411460\" type=\"button\" data-tracking=\"eventName=open|eventContext=fullscreen|elementType=image|eventType=action\" data-sentry-element=\"Wrapper\" data-sentry-source-file=\"Image.tsx\" class=\"sc-9f391fae-1 dTzmzT\"><span class=\"sc-bcb3b750-0 gpSVnT\" data-sentry-element=\"Wrapper\" data-sentry-component=\"ResponsiveImage\" data-sentry-source-file=\"ResponsiveImage.tsx\"><img decoding=\"async\" alt=\"\" loading=\"lazy\" src=\"https:\/\/www.jubi24.com\/wp-content\/uploads\/2025\/10\/1761331090_75_1024x576a.jpg\" class=\"sc-bcb3b750-1 cULYcE\" \/><\/span><span class=\"sc-568a4295-0 sc-9f391fae-3 ihkAIz kCYjyX\">NOS<\/span><span data-sentry-element=\"StyledCircleLabel\" data-sentry-source-file=\"Image.tsx\" class=\"sc-2214c8b3-0 sc-9f391fae-0 hVRkYh jxpcwn\"><\/span><\/button><\/figure>\n<\/div>\n<\/div>\n<div id=\"UPDATE-89741924\" data-tracking=\"nestType1=liveblogblok|nestId1=UPDATE-89741924|nestPos1=18|elementType=liveblog|elementId=2587636\" data-sentry-element=\"StyledUpdate\" data-sentry-component=\"Update\" data-sentry-source-file=\"Update.tsx\">\n<div data-sentry-element=\"ItemContainer\" data-sentry-source-file=\"Update.tsx\" class=\"sc-582b18e7-1 ktbflI\">\n<h2 class=\"sc-6b450628-0 kJgmeS sc-e5e1899f-3 bsjNAj\">POL-NED | De bal rolt in Gdansk<\/h2>\n<\/div>\n<div class=\"sc-582b18e7-1 ktbflI\">\n<p class=\"sc-2ea02837-0 fedhGB\" id=\"790848903533439\">De volksliederen hebben geklonken, en Miedema heeft zojuist afgetrapt namens Oranje voor het oefenduel met Polen.<\/p>\n<\/div>\n<div class=\"sc-582b18e7-1 cdESPa\">\n<figure class=\"sc-9f391fae-4 dkXirV\" data-sentry-element=\"Figure\" data-sentry-source-file=\"Image.tsx\"><button aria-label=\"Open deze afbeelding in volledig scherm. copyright: Getty Images\" id=\"image-456670470954523\" type=\"button\" data-tracking=\"eventName=open|eventContext=fullscreen|elementType=image|eventType=action\" data-sentry-element=\"Wrapper\" data-sentry-source-file=\"Image.tsx\" class=\"sc-9f391fae-1 dTzmzT\"><span class=\"sc-bcb3b750-0 gpSVnT\" data-sentry-element=\"Wrapper\" data-sentry-component=\"ResponsiveImage\" data-sentry-source-file=\"ResponsiveImage.tsx\"><img decoding=\"async\" alt=\"\" loading=\"lazy\" src=\"https:\/\/www.jubi24.com\/wp-content\/uploads\/2025\/10\/1761331090_352_1024x576a.jpg\" class=\"sc-bcb3b750-1 cULYcE\" \/><\/span><span class=\"sc-568a4295-0 sc-9f391fae-3 ihkAIz kCYjyX\">Getty Images<\/span><span data-sentry-element=\"StyledCircleLabel\" data-sentry-source-file=\"Image.tsx\" class=\"sc-2214c8b3-0 sc-9f391fae-0 hVRkYh jxpcwn\"><\/span><\/button><\/figure>\n<\/div>\n<\/div>\n<div id=\"UPDATE-89741237\" data-tracking=\"nestType1=liveblogblok|nestId1=UPDATE-89741237|nestPos1=19|elementType=liveblog|elementId=2587636\" data-sentry-element=\"StyledUpdate\" data-sentry-component=\"Update\" data-sentry-source-file=\"Update.tsx\">\n<div data-sentry-element=\"ItemContainer\" data-sentry-source-file=\"Update.tsx\" class=\"sc-582b18e7-1 ktbflI\">\n<h2 class=\"sc-6b450628-0 kJgmeS sc-e5e1899f-3 bsjNAj\">POL-NED | Veurink heeft zin in debuut<\/h2>\n<\/div>\n<div class=\"sc-582b18e7-1 ktbflI\">\n<p class=\"sc-2ea02837-0 fedhGB\" id=\"363053337425476\">&#8220;Als je &#8216;s ochtends wakker wordt, dan besef je wel dat de wedstrijd gaat komen&#8221;, zegt een lachende Arjan Veurink in de Polsat Plus Arena in Gdansk. Daar gaat hij zometeen zijn debuut maken als bondscoach van de Oranjevrouwen.<\/p>\n<\/div>\n<div class=\"sc-582b18e7-1 ktbflI\">\n<p class=\"sc-2ea02837-0 fedhGB\" id=\"684993413218673\">Over de basisplaats van Janou Levels als linksback zegt hij: &#8220;Mensen die het vrouwenvoetbal volgen, hebben gezien hoe goed ze gepresteerd heeft bij Wolfsburg. En ze maakt op de training een hele goede indruk, dus we zijn benieuwd hoe ze die positie gaat invullen. Laat het maar zien.&#8221;<\/p>\n<\/div>\n<div class=\"sc-582b18e7-1 ktbflI\">\n<p class=\"sc-2ea02837-0 fedhGB\" id=\"36384460972259\">&#8220;We hopen de eerste contouren van onze speelwijze te zien&#8221;, zegt Veurink verder. &#8220;Het gaat misschien niet perfect zijn, dat houden we in ons achterhoofd, maar natuurlijk willen we winnen.&#8221;<\/p>\n<\/div>\n<div class=\"sc-582b18e7-1 cdESPa\">\n<div class=\"sc-78e3428a-0 bVZXKB\" data-testid=\"storytell-video-player\" data-sentry-element=\"VideoWrapper\" data-sentry-component=\"Video\" data-sentry-source-file=\"Video.tsx\">\n<div data-sentry-element=\"Container\" data-sentry-component=\"Placeholder\" data-sentry-source-file=\"Placeholder.tsx\" class=\"sc-138f5570-0 jNJXtN\">\n<div class=\"sc-35032481-0 dJhveR\" data-sentry-element=\"Wrapper\" data-sentry-component=\"ResponsiveImage\" data-sentry-source-file=\"ResponsiveImage.tsx\"><img decoding=\"async\" alt=\"\" loading=\"lazy\" src=\"https:\/\/www.jubi24.com\/wp-content\/uploads\/2025\/10\/1761331091_997_1024x576a.jpg\" class=\"sc-35032481-1 jENweF\" \/><\/div>\n<p>Bondscoach Veurink: &#8216;Hoop eerste contouren van speelwijze te zien&#8217;<\/p>\n<\/div>\n<\/div>\n<\/div>\n<\/div>\n<div id=\"UPDATE-89741039\" data-tracking=\"nestType1=liveblogblok|nestId1=UPDATE-89741039|nestPos1=20|elementType=liveblog|elementId=2587636\" data-sentry-element=\"StyledUpdate\" data-sentry-component=\"Update\" data-sentry-source-file=\"Update.tsx\">\n<div data-sentry-element=\"ItemContainer\" data-sentry-source-file=\"Update.tsx\" class=\"sc-582b18e7-1 ktbflI\">\n<h2 class=\"sc-6b450628-0 kJgmeS sc-e5e1899f-3 bsjNAj\">POL-NED | Opstelling Oranje met Kop en Levels<\/h2>\n<\/div>\n<div class=\"sc-582b18e7-1 ktbflI\">\n<p class=\"sc-2ea02837-0 fedhGB\" id=\"64116861597921\">Daar is ie: de eerste opstelling van Arjan Veurink als bondscoach van de Oranjevrouwen! Daar zitten een boel bekende namen in, maar ook een paar verrassingen.<\/p>\n<\/div>\n<div class=\"sc-582b18e7-1 ktbflI\">\n<p class=\"sc-2ea02837-0 fedhGB\" id=\"332877060072056\">De grootste verrassing: Janou Levels start als linksback. De verdediger van Wolfsburg speelde pas twee interlands, waarvan de laatste in februari 2022. Verder zien we Lize Kop op doel en dus niet Daphne van Domselaar (geblesseerd) of Regina van Eijk.<\/p>\n<\/div>\n<div class=\"sc-582b18e7-1 ktbflI\">\n<p class=\"sc-2ea02837-0 fedhGB\" id=\"195526893863120\">En ook interessant: Esmee Brugts speelde de afgelopen jaren als linksback, maar mag het vandaag als linksbuiten proberen. Dat is uiteindelijk haar favoriete positie, <a data-tracking=\"elementType=page|elementId=https:\/\/nos.nl\/artikel\/2587646-brugts-krijgt-favoriete-positie-terug-onder-nieuwe-oranje-bondscoach-veurink|eventType=navigation|eventName=open\" target=\"_self\" href=\"https:\/\/nos.nl\/artikel\/2587646-brugts-krijgt-favoriete-positie-terug-onder-nieuwe-oranje-bondscoach-veurink\">vertelde ze gisteren<\/a>.<\/p>\n<\/div>\n<\/div>\n<div id=\"UPDATE-89740874\" data-tracking=\"nestType1=liveblogblok|nestId1=UPDATE-89740874|nestPos1=21|elementType=liveblog|elementId=2587636\" data-sentry-element=\"StyledUpdate\" data-sentry-component=\"Update\" data-sentry-source-file=\"Update.tsx\">\n<div data-sentry-element=\"ItemContainer\" data-sentry-source-file=\"Update.tsx\" class=\"sc-582b18e7-1 ktbflI\">\n<h2 class=\"sc-6b450628-0 kJgmeS sc-e5e1899f-3 bsjNAj\">Spurs-trainer wil &#8216;meer intensiteit&#8217; van Simons<\/h2>\n<\/div>\n<div class=\"sc-582b18e7-1 ktbflI\">\n<p class=\"sc-2ea02837-0 fedhGB\" id=\"861010012392756\">Xavi Simons stapte deze zomer over van RB Leipzig naar Tottenham Hotspur voor ongeveer 60 miljoen euro. De Oranje-international heeft nog moeite met het hoge tempo in de Premier League, ziet zijn trainer Thomas Frank.<\/p>\n<\/div>\n<div class=\"sc-582b18e7-1 ktbflI\">\n<p class=\"sc-2ea02837-0 fedhGB\" id=\"245630493319499\">&#8220;Xavi is nu en week of acht bij ons en dat is een korte tijd, maar in het voetbal ook een lange tijd&#8221;, stelde Frank vandaag cryptisch op zijn persconferentie. &#8220;In de vorige wedstrijd beviel zijn instelling me in de eerste zestig minuten, maar daarna raakte hij wat vermoeid. We eisen meer intensiteit van hem, maar hij is wel een speler waar ik in geloof vanwege zijn passing en inzicht.&#8221;<\/p>\n<\/div>\n<\/div>\n<div id=\"UPDATE-89739950\" data-tracking=\"nestType1=liveblogblok|nestId1=UPDATE-89739950|nestPos1=22|elementType=liveblog|elementId=2587636\" data-sentry-element=\"StyledUpdate\" data-sentry-component=\"Update\" data-sentry-source-file=\"Update.tsx\">\n<div data-sentry-element=\"ItemContainer\" data-sentry-source-file=\"Update.tsx\" class=\"sc-582b18e7-1 ktbflI\">\n<h2 class=\"sc-6b450628-0 kJgmeS sc-e5e1899f-3 bsjNAj\">Blind was kritisch op komst Heitinga en adviseerde zoon niet naar Ajax te komen<\/h2>\n<\/div>\n<div class=\"sc-582b18e7-1 ktbflI\">\n<p class=\"sc-2ea02837-0 fedhGB\" id=\"849158910991818\">Danny Blind heeft in <a href=\"https:\/\/www.ad.nl\/voetbal\/danny-blind-open-over-vertrek-bij-ajax-onzin-dat-de-rvc-john-heitinga-heeft-doorgedrukt~abfabd61\/\" data-tracking=\"elementType=external-link|elementId=https:\/\/www.ad.nl\/voetbal\/danny-blind-open-over-vertrek-bij-ajax-onzin-dat-de-rvc-john-heitinga-heeft-doorgedrukt~abfabd61\/|eventType=navigation|eventName=open\" target=\"_blank\">het AD<\/a> voor het eerst gereageerd op zijn vertrek bij Ajax als lid van de raad van commissarissen. &#8220;Het blijft maar terugkomen, de onzin dat ik mijn zoontje weer bij Ajax wilde en dat ik nu boos stop als commissaris omdat het niet is gebeurd.&#8221;<\/p>\n<\/div>\n<div class=\"sc-582b18e7-1 ktbflI\">\n<p class=\"sc-2ea02837-0 fedhGB\" id=\"652495175851575\">Vandaag publiceerde <a href=\"https:\/\/www.espn.nl\/voetbal\/artikel\/_\/id\/15855239\/hoe-clubicoon-heitinga-zonder-bestuurlijke-reddingsboei-verzuipt-bij-ajax\" data-tracking=\"elementType=external-link|elementId=https:\/\/www.espn.nl\/voetbal\/artikel\/_\/id\/15855239\/hoe-clubicoon-heitinga-zonder-bestuurlijke-reddingsboei-verzuipt-bij-ajax|eventType=navigation|eventName=open\" target=\"_blank\">voetbalzender ESPN<\/a> een reconstructie over de eerste maanden van trainer John Heitinga dit seizoen. Daarin staat dat Blind zou vertrekken omdat Ajax zijn zoon Daley van de Spaanse club Girona niet wilde terughalen. &#8220;Daar wil ik heel duidelijk afstand van nemen&#8221;, aldus Blind tegen het AD. &#8220;Omdat het kwalijke verzinsels zijn.&#8221;<\/p>\n<\/div>\n<\/div>\n<div id=\"UPDATE-89738882\" data-tracking=\"nestType1=liveblogblok|nestId1=UPDATE-89738882|nestPos1=23|elementType=liveblog|elementId=2587636\" data-sentry-element=\"StyledUpdate\" data-sentry-component=\"Update\" data-sentry-source-file=\"Update.tsx\">\n<div data-sentry-element=\"ItemContainer\" data-sentry-source-file=\"Update.tsx\" class=\"sc-582b18e7-1 ktbflI\">\n<h2 class=\"sc-6b450628-0 kJgmeS sc-e5e1899f-3 bsjNAj\">Bosz en Van Persie eensgezind: zondag spelen beste teams van Nederland tegen elkaar<\/h2>\n<\/div>\n<div class=\"sc-582b18e7-1 ktbflI\">\n<p class=\"sc-2ea02837-0 fedhGB\" id=\"730144188212969\">Komende zondag staat in de eredivisie een topper op het programma. In Rotterdam nemen Feyenoord en PSV, de nummers \u00e9\u00e9n en twee van de eredivisie, het tegen elkaar op. Ondanks een <a data-tracking=\"elementType=page|elementId=https:\/\/nos.nl\/artikel\/2587611-verzoek-feyenoord-afgewezen-topper-tegen-psv-gewoon-in-de-middag|eventType=navigation|eventName=open\" target=\"_self\" href=\"https:\/\/nos.nl\/artikel\/2587611-verzoek-feyenoord-afgewezen-topper-tegen-psv-gewoon-in-de-middag\">verzoek van Feyenoord<\/a> om die wedstrijd op een later tijdstip af te werken, trappen de ploegen om 14.30 uur af, zoals oorspronkelijk de bedoeling was.<\/p>\n<\/div>\n<div class=\"sc-582b18e7-1 ktbflI\">\n<p class=\"sc-2ea02837-0 fedhGB\" id=\"999343540525881\">Wat Peter Bosz vond van dat verzoek van Feyenoord? &#8220;Niks. Het is niet gelukt dus we spelen om half drie, punt&#8221;, was de PSV-trainer duidelijk. Net als zijn Feyenoord-collega heeft hij het liever over voetbalinhoudelijke zaken.<\/p>\n<\/div>\n<\/div>\n<div id=\"UPDATE-89735813\" data-tracking=\"nestType1=liveblogblok|nestId1=UPDATE-89735813|nestPos1=27|elementType=liveblog|elementId=2587636\" data-sentry-element=\"StyledUpdate\" data-sentry-component=\"Update\" data-sentry-source-file=\"Update.tsx\">\n<div data-sentry-element=\"ItemContainer\" data-sentry-source-file=\"Update.tsx\" class=\"sc-582b18e7-1 ktbflI\">\n<h2 class=\"sc-6b450628-0 kJgmeS sc-e5e1899f-3 bsjNAj\">Go Ahead-verdediger Nauber lang uitgeschakeld<\/h2>\n<\/div>\n<div class=\"sc-582b18e7-1 ktbflI\">\n<p class=\"sc-2ea02837-0 fedhGB\" id=\"546748474682845\">Slecht nieuws uit de ziekenboeg van Go Ahead Eagles: Gerrit Nauber is langere tijd uitgeschakeld. De centrale verdediger viel gisteravond al vroeg uit in het Europa League-duel met Aston Villa en moest op een brancard worden weggedragen.<\/p>\n<\/div>\n<div class=\"sc-582b18e7-1 ktbflI\">\n<p class=\"sc-2ea02837-0 fedhGB\" id=\"962679689469363\">Go Ahead spreekt van een &#8220;ernstige blessure aan zijn been&#8221;, zonder te specificeren wat de blessure precies is. <\/p>\n<\/div>\n<div class=\"sc-582b18e7-1 cdESPa\">\n<figure class=\"sc-9f391fae-4 dkXirV\" data-sentry-element=\"Figure\" data-sentry-source-file=\"Image.tsx\"><button aria-label=\"Open deze afbeelding in volledig scherm. copyright: Pro Shots\" id=\"image-334985420498700\" type=\"button\" data-tracking=\"eventName=open|eventContext=fullscreen|elementType=image|eventType=action\" data-sentry-element=\"Wrapper\" data-sentry-source-file=\"Image.tsx\" class=\"sc-9f391fae-1 dTzmzT\"><span class=\"sc-bcb3b750-0 gpSVnT\" data-sentry-element=\"Wrapper\" data-sentry-component=\"ResponsiveImage\" data-sentry-source-file=\"ResponsiveImage.tsx\"><img decoding=\"async\" alt=\"\" loading=\"lazy\" src=\"https:\/\/www.jubi24.com\/wp-content\/uploads\/2025\/10\/1761331091_381_1024x576a.jpg\" class=\"sc-bcb3b750-1 cULYcE\" \/><\/span><span class=\"sc-568a4295-0 sc-9f391fae-3 ihkAIz kCYjyX\">Pro Shots<\/span><span data-sentry-element=\"StyledCircleLabel\" data-sentry-source-file=\"Image.tsx\" class=\"sc-2214c8b3-0 sc-9f391fae-0 hVRkYh jxpcwn\"><\/span><\/button><figcaption class=\"sc-9f391fae-2 gvnJpB\">Gerrit Nauber wordt weggedragen op een brancard tijdens het duel met Aston Villa<\/figcaption><\/figure>\n<\/div>\n<\/div>\n<div id=\"UPDATE-89733866\" data-tracking=\"nestType1=liveblogblok|nestId1=UPDATE-89733866|nestPos1=28|elementType=liveblog|elementId=2587636\" data-sentry-element=\"StyledUpdate\" data-sentry-component=\"Update\" data-sentry-source-file=\"Update.tsx\">\n<div data-sentry-element=\"ItemContainer\" data-sentry-source-file=\"Update.tsx\" class=\"sc-582b18e7-1 ktbflI\">\n<h2 class=\"sc-6b450628-0 kJgmeS sc-e5e1899f-3 bsjNAj\">Kieft nieuwste aanwinst Studio Voetbal<\/h2>\n<\/div>\n<div class=\"sc-582b18e7-1 ktbflI\">\n<p class=\"sc-2ea02837-0 fedhGB\" id=\"423220523570368\">Wim Kieft schuift aanstaande zondag als nieuwe analyticus aan bij <em>Studio Voetbal<\/em>, dat vanwege de verkiezingsprogrammering vanaf 22.35 uur te zien is op NPO 3.<\/p>\n<\/div>\n<div class=\"sc-582b18e7-1 ktbflI\">\n<p class=\"sc-2ea02837-0 fedhGB\" id=\"889379557928228\">De voormalig spits van Oranje zal de komende tijd regelmatig aanschuiven in de voetbaltalkshow van presentator Sjoerd van Ramshorst. &#8220;Ik vind het leuk om vaker aan te schuiven. Met Theo, Pierre, Rafael en Ibrahim zit er veel voetbalverstand aan tafel&#8221;, aldus Kieft. &#8220;Ik probeer gewoon te vertellen wat ik zie op het veld. Geen gedoe eromheen, maar over het spel zelf praten. Dat vind ik het leukst.&#8221;<\/p>\n<\/div>\n<div class=\"sc-582b18e7-1 ktbflI\">\n<p class=\"sc-2ea02837-0 fedhGB\" id=\"262377238303418\">Naast Kieft blijven ook de vaste analisten Pierre van Hooijdonk, Rafael van der Vaart, Ibrahim Afellay en Theo Janssen te gast in het programma.<\/p>\n<\/div>\n<div class=\"sc-582b18e7-1 cdESPa\">\n<figure class=\"sc-9f391fae-4 dkXirV\" data-sentry-element=\"Figure\" data-sentry-source-file=\"Image.tsx\"><button aria-label=\"Open deze afbeelding in volledig scherm. copyright: NOS\" id=\"image-476350944889331\" type=\"button\" data-tracking=\"eventName=open|eventContext=fullscreen|elementType=image|eventType=action\" data-sentry-element=\"Wrapper\" data-sentry-source-file=\"Image.tsx\" class=\"sc-9f391fae-1 hBiTkO\"><span class=\"sc-bcb3b750-0 gpSVnT\" data-sentry-element=\"Wrapper\" data-sentry-component=\"ResponsiveImage\" data-sentry-source-file=\"ResponsiveImage.tsx\"><img decoding=\"async\" alt=\"\" loading=\"lazy\" src=\"https:\/\/www.jubi24.com\/wp-content\/uploads\/2025\/10\/1761331091_579_1024x576a.jpg\" class=\"sc-bcb3b750-1 cULYcE\" \/><\/span><span class=\"sc-568a4295-0 sc-9f391fae-3 ihkAIz kCYjyX\">NOS<\/span><span data-sentry-element=\"StyledCircleLabel\" data-sentry-source-file=\"Image.tsx\" class=\"sc-2214c8b3-0 sc-9f391fae-0 hVRkYh jxpcwn\"><\/span><\/button><figcaption class=\"sc-9f391fae-2 gvnJpB\">Wim Kieft aan tafel bij Studio Voetbal<\/figcaption><\/figure>\n<\/div>\n<\/div>\n<div id=\"UPDATE-89732591\" data-tracking=\"nestType1=liveblogblok|nestId1=UPDATE-89732591|nestPos1=29|elementType=liveblog|elementId=2587636\" data-sentry-element=\"StyledUpdate\" data-sentry-component=\"Update\" data-sentry-source-file=\"Update.tsx\">\n<div data-sentry-element=\"ItemContainer\" data-sentry-source-file=\"Update.tsx\" class=\"sc-582b18e7-1 ktbflI\">\n<h2 class=\"sc-6b450628-0 kJgmeS sc-e5e1899f-3 bsjNAj\">Ben\u00edtez trainer van Panathinaikos<\/h2>\n<\/div>\n<div class=\"sc-582b18e7-1 cdESPa\">\n<figure class=\"sc-9f391fae-4 dkXirV\" data-sentry-element=\"Figure\" data-sentry-source-file=\"Image.tsx\"><button aria-label=\"Open deze afbeelding in volledig scherm. copyright: Pro Shots\" id=\"image-378744399536649\" type=\"button\" data-tracking=\"eventName=open|eventContext=fullscreen|elementType=image|eventType=action\" data-sentry-element=\"Wrapper\" data-sentry-source-file=\"Image.tsx\" class=\"sc-9f391fae-1 dTzmzT\"><span class=\"sc-bcb3b750-0 gpSVnT\" data-sentry-element=\"Wrapper\" data-sentry-component=\"ResponsiveImage\" data-sentry-source-file=\"ResponsiveImage.tsx\"><img decoding=\"async\" alt=\"\" loading=\"lazy\" src=\"https:\/\/www.jubi24.com\/wp-content\/uploads\/2025\/10\/1761331091_953_1024x576a.jpg\" class=\"sc-bcb3b750-1 cULYcE\" \/><\/span><span class=\"sc-568a4295-0 sc-9f391fae-3 ihkAIz kCYjyX\">Pro Shots<\/span><span data-sentry-element=\"StyledCircleLabel\" data-sentry-source-file=\"Image.tsx\" class=\"sc-2214c8b3-0 sc-9f391fae-0 hVRkYh jxpcwn\"><\/span><\/button><figcaption class=\"sc-9f391fae-2 gvnJpB\">Rafael Ben\u00edtez<\/figcaption><\/figure>\n<\/div>\n<div class=\"sc-582b18e7-1 ktbflI\">\n<p class=\"sc-2ea02837-0 fedhGB\" id=\"477939469214409\">Rafael Ben\u00edtez is de nieuwe coach van Panathinaikos. De Spanjaard (65) is de opvolger van interim Christos Kontis, die in september Rui Vit\u00f3ria afloste.<\/p>\n<\/div>\n<div class=\"sc-582b18e7-1 ktbflI\">\n<p class=\"sc-2ea02837-0 fedhGB\" id=\"901609882593911\">De huidige nummer zeven van Griekenland verloor donderdag in de Europa League met 3-1 van Feyenoord en boog eerder deze maand al voor Go Ahead Eagles: 1-2. Ben\u00edtez, de oud-trainer van onder andere Liverpool, werd begin 2024 ontslagen bij Celta de Vigo en zat sindsdien thuis.<\/p>\n<\/div>\n<\/div>\n<div id=\"UPDATE-89731832\" data-tracking=\"nestType1=liveblogblok|nestId1=UPDATE-89731832|nestPos1=30|elementType=liveblog|elementId=2587636\" data-sentry-element=\"StyledUpdate\" data-sentry-component=\"Update\" data-sentry-source-file=\"Update.tsx\">\n<div data-sentry-element=\"ItemContainer\" data-sentry-source-file=\"Update.tsx\" class=\"sc-582b18e7-1 ktbflI\">\n<h2 class=\"sc-6b450628-0 kJgmeS sc-e5e1899f-3 bsjNAj\">Debuut bondscoach Veurink, Brugts weer op favoriete positie<\/h2>\n<\/div>\n<div class=\"sc-582b18e7-1 ktbflI\">\n<p class=\"sc-2ea02837-0 fedhGB\" id=\"191005548666290\">Vanavond maakt Arjan Veurink zijn debuut als bondscoach van de Oranjevoetbalsters in het oefenduel met Polen in Gdansk (18.00 uur). Veranderingen voert hij in kleine stapjes door. Over \u00e9\u00e9n ding is hij duidelijk: Esmee Brugts is onder hem geen verdediger meer, maar aanvaller.<\/p>\n<\/div>\n<div class=\"sc-582b18e7-1 ktbflI\">\n<p class=\"sc-2ea02837-0 fedhGB\" id=\"130389328716774\">&#8220;Hij heeft tegen mij gezegd: ik zie je als linksbuiten. Fijn dat het nu mag&#8221;, zei Brugts donderdag. De 22-jarige speelster van FC Barcelona staat vanavond weer op haar favoriete positie bij Oranje.<\/p>\n<\/div>\n<\/div>\n<div id=\"UPDATE-89731340\" data-tracking=\"nestType1=liveblogblok|nestId1=UPDATE-89731340|nestPos1=31|elementType=liveblog|elementId=2587636\" data-sentry-element=\"StyledUpdate\" data-sentry-component=\"Update\" data-sentry-source-file=\"Update.tsx\">\n<div data-sentry-element=\"ItemContainer\" data-sentry-source-file=\"Update.tsx\" class=\"sc-582b18e7-1 ktbflI\">\n<h2 class=\"sc-6b450628-0 kJgmeS sc-e5e1899f-3 bsjNAj\">Verzoek Feyenoord afgewezen, topper &#8216;gewoon&#8217; om 14.30 uur<\/h2>\n<\/div>\n<div class=\"sc-582b18e7-1 ktbflI\">\n<p class=\"sc-2ea02837-0 fedhGB\" id=\"127896207259547\">De eredivisietopper tussen Feyenoord en PSV wordt zondag gewoon om 14.30 uur gespeeld. Dat meldt de Rotterdamse club op sociale media.<\/p>\n<\/div>\n<div class=\"sc-582b18e7-1 ktbflI\">\n<p class=\"sc-2ea02837-0 fedhGB\" id=\"848202331911707\">Feyenoord had bij de KNVB een verzoek ingediend om de wedstrijd later op de dag te spelen, omdat de Europa League-wedstrijd van gisteravond ook later was begonnen en de Feyenoorders daarom minder rust kunnen pakken. Dat verzoek is door de dus afgewezen, maar de KNVB laat weten dat zij niet degene zijn geweest die een streep door het verzoek hebben gezet. <\/p>\n<\/div>\n<div class=\"sc-582b18e7-1 ktbflI\">\n<p class=\"sc-2ea02837-0 fedhGB\" id=\"522944985077202\">De lokale driehoek (politie, burgemeester en OM) heeft uiteindelijk het oordeel geveld, zo meldt de KNVB. <\/p>\n<\/div>\n<\/div>\n<div id=\"UPDATE-89731130\" data-tracking=\"nestType1=liveblogblok|nestId1=UPDATE-89731130|nestPos1=32|elementType=liveblog|elementId=2587636\" data-sentry-element=\"StyledUpdate\" data-sentry-component=\"Update\" data-sentry-source-file=\"Update.tsx\">\n<div data-sentry-element=\"ItemContainer\" data-sentry-source-file=\"Update.tsx\" class=\"sc-582b18e7-1 ktbflI\">\n<h2 class=\"sc-6b450628-0 kJgmeS sc-e5e1899f-3 bsjNAj\">Van Persie: &#8216;Feyenoord en PSV al paar jaar de beste teams van Nederland&#8217;<\/h2>\n<\/div>\n<div class=\"sc-582b18e7-1 ktbflI\">\n<p class=\"sc-2ea02837-0 fedhGB\" id=\"441227800263584\">Na de gewonnen wedstrijd tegen Panathinaikos werd er bij Feyenoord ook al snel weer vooruitgekeken. Komende zondag staat namelijk de topper tegen PSV op het programma in de eredivisie.<\/p>\n<\/div>\n<div class=\"sc-582b18e7-1 ktbflI\">\n<p class=\"sc-2ea02837-0 fedhGB\" id=\"946081652938790\">Van Persie hoopt te kunnen beschikken over Quinten Timber, maar het is de vraag of de middenvelder fit genoeg is. Het was namelijk ook al de bedoeling dat hij gisteravond zou aansluiten, maar dat gebeurde niet. Verder had Van Persie lovende woorden over PSV.<\/p>\n<\/div>\n<div class=\"sc-582b18e7-1 ktbflI\">\n<p class=\"sc-2ea02837-0 fedhGB\" id=\"786514317441116\">&#8220;Ik denk dat, als je naar de laatste jaren kijkt, Feyenoord en PSV de twee beste teams van Nederland zijn. Die gaan het zondag tegen elkaar opnemen in verschillende stijlen. Allebei aanvallend, maar met verschillende patronen. Dat maakt het extra leuk en ik kijk er heel erg naar uit.&#8221;<\/p>\n<\/div>\n<div class=\"sc-582b18e7-1 cdESPa\">\n<div class=\"sc-78e3428a-0 bVZXKB\" data-testid=\"storytell-video-player\" data-sentry-element=\"VideoWrapper\" data-sentry-component=\"Video\" data-sentry-source-file=\"Video.tsx\">\n<div data-sentry-element=\"Container\" data-sentry-component=\"Placeholder\" data-sentry-source-file=\"Placeholder.tsx\" class=\"sc-138f5570-0 jNJXtN\">\n<div class=\"sc-35032481-0 dJhveR\" data-sentry-element=\"Wrapper\" data-sentry-component=\"ResponsiveImage\" data-sentry-source-file=\"ResponsiveImage.tsx\"><img decoding=\"async\" alt=\"\" loading=\"lazy\" src=\"https:\/\/www.jubi24.com\/wp-content\/uploads\/2025\/10\/1761331092_701_1024x576a.jpg\" class=\"sc-35032481-1 jENweF\" \/><\/div>\n<p>Van Persie: &#8216;Feyenoord en PSV al paar jaar de beste teams van Nederland&#8217;<\/p>\n<\/div>\n<\/div>\n<\/div>\n<\/div>\n<div id=\"UPDATE-89730968\" data-tracking=\"nestType1=liveblogblok|nestId1=UPDATE-89730968|nestPos1=33|elementType=liveblog|elementId=2587636\" data-sentry-element=\"StyledUpdate\" data-sentry-component=\"Update\" data-sentry-source-file=\"Update.tsx\">\n<div data-sentry-element=\"ItemContainer\" data-sentry-source-file=\"Update.tsx\" class=\"sc-582b18e7-1 ktbflI\">\n<h2 class=\"sc-6b450628-0 kJgmeS sc-e5e1899f-3 bsjNAj\">Goede co\u00ebffici\u00ebntenweek voor Nederland<\/h2>\n<\/div>\n<div class=\"sc-582b18e7-1 ktbflI\">\n<p class=\"sc-2ea02837-0 fedhGB\" id=\"846479879622300\">Het was een goede week voor de Nederlandse clubs met het oog op de co\u00ebffici\u00ebntenranglijst. Via die ranglijst van de UEFA wordt bepaald hoeveel Europese deelnemers de eredivisie mag inschrijven (en in welke toernooien).<\/p>\n<\/div>\n<div class=\"sc-582b18e7-1 ktbflI\">\n<p class=\"sc-2ea02837-0 fedhGB\" id=\"308645411817545\">Door de overwinningen van PSV, Go Ahead Eagles, Feyenoord en AZ pakte de eredivisie een boel waardevolle co\u00ebffici\u00ebntenpunten. Daardoor is de voorsprong op Portugal en Belgi\u00eb, concurrenten in onze &#8216;co\u00ebffici\u00ebntenregio&#8217;, iets uitgebreid en is de kans groter geworden dat Nederland de felbegeerde zesde plek vasthoudt.<\/p>\n<\/div>\n<div class=\"sc-582b18e7-1 ktbflI\">\n<p class=\"sc-2ea02837-0 fedhGB\" id=\"186787691143079\">De huidige stand (en de punten die deze week werden verzameld):<\/p>\n<\/div>\n<div class=\"sc-582b18e7-1 ktbflI\">\n<div class=\"sc-2ea02837-0 sc-ebf4edff-0 fedhGB hlvwnQ\" id=\"168358838090307\">\n<ul>\n<li>6. Nederland 63.700 (+1.000)<\/li>\n<li>7. Portugal 60.266 (+0.400)<\/li>\n<li>8. Belgi\u00eb 56.350 (+0.200)<\/li>\n<\/ul>\n<\/div>\n<\/div>\n<\/div>\n<div id=\"UPDATE-89729870\" data-tracking=\"nestType1=liveblogblok|nestId1=UPDATE-89729870|nestPos1=34|elementType=liveblog|elementId=2587636\" data-sentry-element=\"StyledUpdate\" data-sentry-component=\"Update\" data-sentry-source-file=\"Update.tsx\">\n<div data-sentry-element=\"ItemContainer\" data-sentry-source-file=\"Update.tsx\" class=\"sc-582b18e7-1 ktbflI\">\n<h2 class=\"sc-6b450628-0 kJgmeS sc-e5e1899f-3 bsjNAj\">KNVB: &#8216;Zo snel mogelijk besluit over topper&#8217;<\/h2>\n<\/div>\n<div class=\"sc-582b18e7-1 ktbflI\">\n<p class=\"sc-2ea02837-0 fedhGB\" id=\"545003838512660\">Gisteravond werd bekend dat Feyenoord een <a data-tracking=\"elementType=page|elementId=https:\/\/nos.nl\/artikel\/2587611-feyenoord-wil-topper-tegen-psv-naar-zondagavond-verplaatsen-denken-dat-dat-fair-is|eventType=navigation|eventName=open\" target=\"_self\" href=\"https:\/\/nos.nl\/artikel\/2587611-feyenoord-wil-topper-tegen-psv-naar-zondagavond-verplaatsen-denken-dat-dat-fair-is\">verzoek bij de KNVB heeft neergelegd<\/a> om de topper tegen PSV van zondag op een later tijdstip af te werken. In plaats van 14.30 uur zou de aftrap dan om 20.00 in De Kuip zijn.<\/p>\n<\/div>\n<div class=\"sc-582b18e7-1 ktbflI\">\n<p class=\"sc-2ea02837-0 fedhGB\" id=\"751938030537737\">De KNVB laat weten &#8220;zo snel mogelijk&#8221; een besluit te nemen over dat verzoek. &#8220;De lokale driehoek en de KNVB gaan in overleg. Dat is het normale proces bij dit soort verzoeken van clubs.&#8221; Het is nog onduidelijk wat PSV en de gemeente en politie van Rotterdam vinden van het verzoek.<\/p>\n<\/div>\n<\/div>\n<div id=\"UPDATE-89729639\" data-tracking=\"nestType1=liveblogblok|nestId1=UPDATE-89729639|nestPos1=35|elementType=liveblog|elementId=2587636\" data-sentry-element=\"StyledUpdate\" data-sentry-component=\"Update\" data-sentry-source-file=\"Update.tsx\">\n<div data-sentry-element=\"ItemContainer\" data-sentry-source-file=\"Update.tsx\" class=\"sc-582b18e7-1 ktbflI\">\n<h2 class=\"sc-6b450628-0 kJgmeS sc-e5e1899f-3 bsjNAj\">Emery na verlies tegen Go Ahead: &#8216;Dit is waarom ik van voetbal hou&#8217;<\/h2>\n<\/div>\n<div class=\"sc-582b18e7-1 ktbflI\">\n<p class=\"sc-2ea02837-0 fedhGB\" id=\"589609465635750\">Unai Emery is viervoudig winnaar van de Europa League (driemaal met Sevilla, eenmaal met Villarreal). Maar gisteravond ging hij uitgerekend in dat toernooi onderuit met Aston Villa tegen het veel kleiner geachte Go Ahead Eagles uit Deventer.<\/p>\n<\/div>\n<div class=\"sc-582b18e7-1 ktbflI\">\n<p class=\"sc-2ea02837-0 fedhGB\" id=\"864209497077086\">De Baskische trainer reageerde opvallend nuchter op die nederlaag. &#8220;Dit is de reden dat ik van voetbal hou&#8221;, zei hij onder meer op zijn persconferentie na afloop:<\/p>\n<\/div>\n<div class=\"sc-582b18e7-1 cdESPa\">\n<div class=\"sc-78e3428a-0 bVZXKB\" data-testid=\"storytell-video-player\" data-sentry-element=\"VideoWrapper\" data-sentry-component=\"Video\" data-sentry-source-file=\"Video.tsx\">\n<div data-sentry-element=\"Container\" data-sentry-component=\"Placeholder\" data-sentry-source-file=\"Placeholder.tsx\" class=\"sc-138f5570-0 jNJXtN\">\n<div class=\"sc-35032481-0 dJhveR\" data-sentry-element=\"Wrapper\" data-sentry-component=\"ResponsiveImage\" data-sentry-source-file=\"ResponsiveImage.tsx\"><img decoding=\"async\" alt=\"\" loading=\"lazy\" src=\"https:\/\/www.jubi24.com\/wp-content\/uploads\/2025\/10\/1761331092_486_1024x576a.jpg\" class=\"sc-35032481-1 jENweF\" \/><\/div>\n<p>Emery na verlies tegen Go Ahead: &#8216;Dit is waarom ik van voetbal hou&#8217;<\/p>\n<\/div>\n<\/div>\n<\/div>\n<\/div>\n<div id=\"UPDATE-89728727\" data-tracking=\"nestType1=liveblogblok|nestId1=UPDATE-89728727|nestPos1=36|elementType=liveblog|elementId=2587636\" data-sentry-element=\"StyledUpdate\" data-sentry-component=\"Update\" data-sentry-source-file=\"Update.tsx\">\n<div data-sentry-element=\"ItemContainer\" data-sentry-source-file=\"Update.tsx\" class=\"sc-582b18e7-1 ktbflI\">\n<h2 class=\"sc-6b450628-0 kJgmeS sc-e5e1899f-3 bsjNAj\">Britse media na stunt Go Ahead: &#8216;David tegen Goliath in al z&#8217;n glorie&#8217;<\/h2>\n<\/div>\n<div class=\"sc-582b18e7-1 cdESPa\">\n<figure class=\"sc-9f391fae-4 dkXirV\" data-sentry-element=\"Figure\" data-sentry-source-file=\"Image.tsx\"><button aria-label=\"Open deze afbeelding in volledig scherm. copyright: Reuters\" id=\"image-883692977598864\" type=\"button\" data-tracking=\"eventName=open|eventContext=fullscreen|elementType=image|eventType=action\" data-sentry-element=\"Wrapper\" data-sentry-source-file=\"Image.tsx\" class=\"sc-9f391fae-1 dTzmzT\"><span class=\"sc-bcb3b750-0 gpSVnT\" data-sentry-element=\"Wrapper\" data-sentry-component=\"ResponsiveImage\" data-sentry-source-file=\"ResponsiveImage.tsx\"><img decoding=\"async\" alt=\"\" loading=\"lazy\" src=\"https:\/\/www.jubi24.com\/wp-content\/uploads\/2025\/10\/1761331092_698_1024x576a.jpg\" class=\"sc-bcb3b750-1 cULYcE\" \/><\/span><span class=\"sc-568a4295-0 sc-9f391fae-3 ihkAIz kCYjyX\">Reuters<\/span><span data-sentry-element=\"StyledCircleLabel\" data-sentry-source-file=\"Image.tsx\" class=\"sc-2214c8b3-0 sc-9f391fae-0 hVRkYh jxpcwn\"><\/span><\/button><figcaption class=\"sc-9f391fae-2 gvnJpB\">Evann Guessand<\/figcaption><\/figure>\n<\/div>\n<div class=\"sc-582b18e7-1 ktbflI\">\n<p class=\"sc-2ea02837-0 fedhGB\" id=\"912933902106236\">&#8220;Een vernedering voor Aston Villa&#8221; en een &#8220;<em>shock victory<\/em>&#8221; voor Go Ahead Eagles. Zo kijken Britse media terug op de verrassende overwinning van Go Ahead Eagles gisteravond tegen Aston Villa (2-1).<\/p>\n<\/div>\n<div class=\"sc-582b18e7-1 ktbflI\">\n<p class=\"sc-2ea02837-0 fedhGB\" id=\"333737776565730\">&#8220;De verschrikkelijke tweede helft van Aston Villa betekent dat ze alleen zichzelf de schuld kunnen geven. Ze vonden een manier om te verliezen van Go Ahead Eagles&#8221;, valt te lezen in The Daily Mail, waar de verschillen tussen beide clubs worden uitgelicht. &#8220;Dit was een basiselftal met een waarde van meer dan 300 miljoen pond aan transfersommen. Go Ahead Eagles had vorig seizoen een omzet van slechts 20,8 miljoen. David tegen Goliath in al zijn glorie.&#8221;<\/p>\n<\/div>\n<div class=\"sc-582b18e7-1 ktbflI\">\n<p class=\"sc-2ea02837-0 fedhGB\" id=\"890587374167873\">&#8220;Dit was te makkelijk voor Villa. Te makkelijk was het probleem. Villa kan alleen zichzelf de schuld geven van dit debacle. Villa is in de Europa League favoriet bij de bookmakers, maar dit is een duidelijke herinnering dat arrogantie en zelfgenoegzaamheid je nergens brengen.&#8221;<\/p>\n<\/div>\n<p><h3 class=\"sc-6b450628-0 dToxYw\">&#8216;Beschamend gemak&#8217;<\/h3>\n<\/p>\n<div class=\"sc-582b18e7-1 ktbflI\">\n<p class=\"sc-2ea02837-0 fedhGB\" id=\"261791286668955\">The Telegraph waarschuwt de Engelse ploeg alvast voor de aankomende wedstrijd tegen Manchester City in de Premier League. &#8220;Het ergste was dat de verdediging van Villa met beschamend gemak werd geklopt door Go Ahead Eagles, dat simpelweg twee lange ballen speelde. Erling Haaland zal zich in de handen zal wrijven.&#8221;<\/p>\n<\/div>\n<div class=\"sc-582b18e7-1 ktbflI\">\n<p class=\"sc-2ea02837-0 fedhGB\" id=\"649916797327592\">De regionale krant Birmingham Mail gaf alle spelers van Aston Villa een 4 of 5 als beoordeling en concludeerde: &#8220;Dit was een van de meest g\u00eanante Europese avonden in jaren.&#8221;<\/p>\n<\/div>\n<\/div>\n<div id=\"UPDATE-89728658\" data-tracking=\"nestType1=liveblogblok|nestId1=UPDATE-89728658|nestPos1=37|elementType=liveblog|elementId=2587636\" data-sentry-element=\"StyledUpdate\" data-sentry-component=\"Update\" data-sentry-source-file=\"Update.tsx\">\n<div data-sentry-element=\"ItemContainer\" data-sentry-source-file=\"Update.tsx\" class=\"sc-582b18e7-1 ktbflI\">\n<h2 class=\"sc-6b450628-0 kJgmeS sc-e5e1899f-3 bsjNAj\">Europese zeges AZ, Go Ahead en Feyenoord, Utrecht onderuit<\/h2>\n<\/div>\n<div class=\"sc-582b18e7-1 ktbflI\">\n<p class=\"sc-2ea02837-0 fedhGB\" id=\"556709140047416\">Gisteravond kwamen vier Nederlandse ploegen in actie in de competitiefases van de Europa League en Conference League en dat leverde liefst drie overwinningen op. De mooiste was toch die in Deventer, waar bekerwinnaar Go Ahead Eagles stuntte tegen Aston Villa. In een uitzinnige Adelaarshorst draaide e club uit Deventer een achterstand om tegen Aston Villa: <a data-tracking=\"elementType=page|elementId=https:\/\/nos.nl\/artikel\/2587573-daverende-verrassing-go-ahead-in-europa-league-met-winst-op-aston-villa|eventType=navigation|eventName=open\" target=\"_self\" href=\"https:\/\/nos.nl\/artikel\/2587573-daverende-verrassing-go-ahead-in-europa-league-met-winst-op-aston-villa\">2-1<\/a>.<\/p>\n<\/div>\n<div class=\"sc-582b18e7-1 ktbflI\">\n<p class=\"sc-2ea02837-0 fedhGB\" id=\"689707119021282\">Zo heeft Go Ahead nu zes punten uit drie wedstrijden en begeeft het zich in de bovenste regionen van de competitie met 36 Europese clubs. Later op de avond <a data-tracking=\"elementType=page|elementId=https:\/\/nos.nl\/artikel\/2587597-feyenoord-boekt-zwaarbevochten-zege-op-panathinaikos-op-stormachtige-dag|eventType=navigation|eventName=open\" target=\"_self\" href=\"https:\/\/nos.nl\/artikel\/2587597-feyenoord-boekt-zwaarbevochten-zege-op-panathinaikos-op-stormachtige-dag\">won Feyenoord ook<\/a>, met 3-1 van Panathinaikos, en <a data-tracking=\"elementType=page|elementId=https:\/\/nos.nl\/artikel\/2587575-az-wint-nipt-van-slovan-bratislava-en-revancheert-zich-voor-zeperd-op-cyprus|eventType=navigation|eventName=open\" target=\"_self\" href=\"https:\/\/nos.nl\/artikel\/2587575-az-wint-nipt-van-slovan-bratislava-en-revancheert-zich-voor-zeperd-op-cyprus\">verloor FC Utrecht<\/a> met 1-0 bij SC Freiburg. In de Conference League <a data-tracking=\"elementType=page|elementId=https:\/\/nos.nl\/artikel\/2587575-az-wint-nipt-van-slovan-bratislava-en-revancheert-zich-voor-zeperd-op-cyprus|eventType=navigation|eventName=open\" target=\"_self\" href=\"https:\/\/nos.nl\/artikel\/2587575-az-wint-nipt-van-slovan-bratislava-en-revancheert-zich-voor-zeperd-op-cyprus\">zegevierde AZ<\/a>, met 1-0 tegen Slovan Bratislava.<\/p>\n<\/div>\n<div class=\"sc-582b18e7-1 cKrHUp\">\n<div data-tracking=\"nestType1=slider\" data-sentry-element=\"CarouselAndDescriptionWrapper\" data-sentry-component=\"Carousel\" data-sentry-source-file=\"Carousel.tsx\" class=\"sc-e25f7c2b-0 jXdSfs\">\n<div data-sentry-element=\"CarouselWithIndicatorWrapper\" data-sentry-source-file=\"Carousel.tsx\" class=\"sc-e25f7c2b-1 jvnJjL\">\n<div data-sentry-element=\"OverflowVerticalWrapper\" data-sentry-component=\"Carousel\" data-sentry-source-file=\"Carousel.tsx\" class=\"sc-e4f6708-3 debETx\">\n<div data-sentry-element=\"OverflowArea\" data-sentry-source-file=\"Carousel.tsx\" class=\"sc-e4f6708-4 hHBxAv\">\n<div class=\"sc-e4f6708-2 eaTedc\" data-testid=\"carousel\" data-sentry-element=\"Container\" data-sentry-source-file=\"Carousel.tsx\">\n<div data-sentry-element=\"Navigation\" data-sentry-source-file=\"Carousel.tsx\" class=\"sc-e25f7c2b-3 jkaGaO\"><button class=\"sc-7374d1c6-0 kZkWRy sc-e25f7c2b-4 sc-e25f7c2b-5 iGvBej loNcDd\" type=\"button\" data-tracking=\"\" data-sentry-element=\"Button\" data-sentry-source-file=\"CircleButton.tsx\" data-sentry-component=\"CircleButton\"><\/p>\n<p>Vorige slide<\/p>\n<p><\/button><button class=\"sc-7374d1c6-0 hQVKpr sc-e25f7c2b-4 sc-e25f7c2b-6 iGvBej dfEBXB\" type=\"button\" data-tracking=\"\" data-sentry-element=\"Button\" data-sentry-source-file=\"CircleButton.tsx\" data-sentry-component=\"CircleButton\"><\/p>\n<p>Volgende slide<\/p>\n<p><\/button><\/div>\n<\/div>\n<\/div>\n<\/div>\n<\/div>\n<p><i id=\"carousel_end_12354123541235412354\" data-sentry-element=\"CarouselSkip\" data-sentry-source-file=\"Carousel.tsx\" class=\"sc-e25f7c2b-9 geiHyb\" \/><\/div>\n<\/div>\n<\/div>\n<div id=\"UPDATE-89729090\" data-tracking=\"nestType1=liveblogblok|nestId1=UPDATE-89729090|nestPos1=38|elementType=liveblog|elementId=2587636\" data-sentry-element=\"StyledUpdate\" data-sentry-component=\"Update\" data-sentry-source-file=\"Update.tsx\">\n<div data-sentry-element=\"ItemContainer\" data-sentry-source-file=\"Update.tsx\" class=\"sc-582b18e7-1 ktbflI\">\n<h2 class=\"sc-6b450628-0 kJgmeS sc-e5e1899f-3 bsjNAj\">Feyenoord wil topper tegen PSV naar zondagavond verplaatsen<\/h2>\n<\/div>\n<div class=\"sc-582b18e7-1 ktbflI\">\n<p class=\"sc-2ea02837-0 fedhGB\" id=\"213948373132702\">Feyenoord <a data-tracking=\"elementType=page|elementId=https:\/\/nos.nl\/artikel\/2587611-feyenoord-wil-topper-tegen-psv-naar-zondagavond-verplaatsen-denken-dat-dat-fair-is|eventType=navigation|eventName=open\" target=\"_self\" href=\"https:\/\/nos.nl\/artikel\/2587611-feyenoord-wil-topper-tegen-psv-naar-zondagavond-verplaatsen-denken-dat-dat-fair-is\">heeft de KNVB verzocht<\/a> om de eredivisietopper van zondag tegen PSV (14.30 uur) op een later tijdstip af te werken in De Kuip, namelijk om 20.00 uur. De voetbalbond heeft nog niet gereageerd.<\/p>\n<\/div>\n<div class=\"sc-582b18e7-1 ktbflI\">\n<p class=\"sc-2ea02837-0 fedhGB\" id=\"563861261144682\">&#8220;Dat zou heel mooi zijn&#8221;, zei coach Robin van Persie na het gewonnen Europa League-duel met Panathinaikos (<a data-tracking=\"elementType=page|elementId=https:\/\/nos.nl\/artikel\/2587597-feyenoord-boekt-zwaarbevochten-zege-op-panathinaikos-op-stormachtige-dag|eventType=navigation|eventName=open\" target=\"_self\" href=\"https:\/\/nos.nl\/artikel\/2587597-feyenoord-boekt-zwaarbevochten-zege-op-panathinaikos-op-stormachtige-dag\">3-1<\/a>) over eventueel uitstel. &#8220;Die paar uur maken veel uit. De tijd is voor ons nu extreem kort. Wij denken dat het fair is.&#8221;<\/p>\n<\/div>\n<div class=\"sc-582b18e7-1 ktbflI\">\n<p class=\"sc-2ea02837-0 fedhGB\" id=\"191712569227352\">Uit vrees voor <a data-tracking=\"elementType=page|elementId=https:\/\/nos.nl\/liveblog\/2587526-veiligheidsregio-noord-holland-ontvangt-veel-meldingen-code-oranje-tot-morgenochtend|eventType=navigation|eventName=open\" target=\"_self\" href=\"https:\/\/nos.nl\/liveblog\/2587526-veiligheidsregio-noord-holland-ontvangt-veel-meldingen-code-oranje-tot-morgenochtend\">storm Benjamin<\/a> begon de wedstrijd tegen Panathinaikos om 21.00 uur in plaats van 18.45 uur, waardoor de Rotterdammers nog minder hersteltijd hebben.<\/p>\n<\/div>\n<div class=\"sc-582b18e7-1 ktbflI\">\n<p class=\"sc-2ea02837-0 fedhGB\" id=\"377658576652366\">De KNVB en de gemeente Rotterdam zullen zich vandaag buigen over het mogelijk verplaatsen van de wedstrijd.<\/p>\n<\/div>\n<div class=\"sc-582b18e7-1 cdESPa\">\n<div class=\"sc-78e3428a-0 bVZXKB\" data-testid=\"storytell-video-player\" data-sentry-element=\"VideoWrapper\" data-sentry-component=\"Video\" data-sentry-source-file=\"Video.tsx\">\n<div data-sentry-element=\"Container\" data-sentry-component=\"Placeholder\" data-sentry-source-file=\"Placeholder.tsx\" class=\"sc-138f5570-0 jNJXtN\">\n<div class=\"sc-35032481-0 dJhveR\" data-sentry-element=\"Wrapper\" data-sentry-component=\"ResponsiveImage\" data-sentry-source-file=\"ResponsiveImage.tsx\"><img decoding=\"async\" alt=\"\" loading=\"lazy\" src=\"https:\/\/www.jubi24.com\/wp-content\/uploads\/2025\/10\/1761331092_484_1024x576a.jpg\" class=\"sc-35032481-1 jENweF\" \/><\/div>\n<p>Feyenoord verzoekt KNVB om later tijdstip topper tegen PSV: &#8216;Denken dat dat fair is&#8217;<\/p>\n<\/div>\n<\/div>\n<\/div>\n<\/div>\n<p><br \/>\n<br \/><a href=\"https:\/\/nos.nl\/liveblog\/2587636-oranje-op-zoek-naar-treffer-in-moeizaam-oefenduel-met-polen-eerste-interland-onder-veurink\">Source link <\/a><\/p>\n","protected":false},"excerpt":{"rendered":"<p>HEE-NAC | 24&#8242; Fijne aanval Heerenveen Heerenveen combineert mooi door de verdediging van NAC heen met combinaties tussen Brouwers, Meerveld en Rivera, maar ze krijgen de bal net niet bij Vente. Een aanval die sterft in schoonheid. HEE-NAC | 6&#8242; Trenskows krul Heerenveen-speler Trenskow wordt rechts in de zestien van NAC aangespeeld en schiet ineens, &#8230; <a title=\"Lamprou onder de lat bij NAC \u2022 Heerenveen gaat op voor derde winst op rij\" class=\"read-more\" href=\"https:\/\/www.jubi24.com\/?p=7370\" aria-label=\"Read more about Lamprou onder de lat bij NAC \u2022 Heerenveen gaat op voor derde winst op rij\">Read more<\/a><\/p>\n","protected":false},"author":1,"featured_media":7371,"comment_status":"open","ping_status":"open","sticky":false,"template":"","format":"standard","meta":{"fifu_image_url":"","fifu_image_alt":"","_jetpack_memberships_contains_paid_content":false,"footnotes":"","jetpack_publicize_message":"","jetpack_publicize_feature_enabled":true,"jetpack_social_post_already_shared":true,"jetpack_social_options":{"image_generator_settings":{"template":"highway","default_image_id":0,"font":"","enabled":false},"version":2}},"categories":[1],"tags":[],"class_list":["post-7370","post","type-post","status-publish","format-standard","has-post-thumbnail","hentry","category-uncategorized"],"jetpack_publicize_connections":[],"jetpack_featured_media_url":"https:\/\/www.jubi24.com\/wp-content\/uploads\/2025\/10\/Lamprou-onder-de-lat-bij-NAC-\u2022-Heerenveen-gaat-op.jpg","jetpack_sharing_enabled":true,"_links":{"self":[{"href":"https:\/\/www.jubi24.com\/index.php?rest_route=\/wp\/v2\/posts\/7370","targetHints":{"allow":["GET"]}}],"collection":[{"href":"https:\/\/www.jubi24.com\/index.php?rest_route=\/wp\/v2\/posts"}],"about":[{"href":"https:\/\/www.jubi24.com\/index.php?rest_route=\/wp\/v2\/types\/post"}],"author":[{"embeddable":true,"href":"https:\/\/www.jubi24.com\/index.php?rest_route=\/wp\/v2\/users\/1"}],"replies":[{"embeddable":true,"href":"https:\/\/www.jubi24.com\/index.php?rest_route=%2Fwp%2Fv2%2Fcomments&post=7370"}],"version-history":[{"count":1,"href":"https:\/\/www.jubi24.com\/index.php?rest_route=\/wp\/v2\/posts\/7370\/revisions"}],"predecessor-version":[{"id":7372,"href":"https:\/\/www.jubi24.com\/index.php?rest_route=\/wp\/v2\/posts\/7370\/revisions\/7372"}],"wp:featuredmedia":[{"embeddable":true,"href":"https:\/\/www.jubi24.com\/index.php?rest_route=\/wp\/v2\/media\/7371"}],"wp:attachment":[{"href":"https:\/\/www.jubi24.com\/index.php?rest_route=%2Fwp%2Fv2%2Fmedia&parent=7370"}],"wp:term":[{"taxonomy":"category","embeddable":true,"href":"https:\/\/www.jubi24.com\/index.php?rest_route=%2Fwp%2Fv2%2Fcategories&post=7370"},{"taxonomy":"post_tag","embeddable":true,"href":"https:\/\/www.jubi24.com\/index.php?rest_route=%2Fwp%2Fv2%2Ftags&post=7370"}],"curies":[{"name":"wp","href":"https:\/\/api.w.org\/{rel}","templated":true}]}}